{"id":20513,"date":"2013-02-26T11:40:16","date_gmt":"2013-02-26T09:40:16","guid":{"rendered":"http:\/\/www.wallendorff.com\/?p=20513"},"modified":"2013-02-26T11:40:16","modified_gmt":"2013-02-26T09:40:16","slug":"into-the-wide-1","status":"publish","type":"post","link":"https:\/\/www.wallendorff.com\/belogue\/2013\/02\/26\/into-the-wide-1\/","title":{"rendered":"Into the wide #1."},"content":{"rendered":"\n<div id=\"photo\">\n<p><img decoding=\"async\" src=\"https:\/\/www.wallendorff.com\/belogue\/photo\/2013\/02\/20130226.jpg\"><br \/>\nRue Clauzel, Paris, 13 janvier.<\/p>\n<\/p><\/div>\n<p style=\"text-align:right\">Du <a href=\"https:\/\/www.wallendorff.com\/belogue\/2008\/05\/08\/des-hauts-d-horizons\/\">m&ecirc;me toit qu&rsquo;il y a 5 ans<\/a>.<\/p>\n<div id=\"bandeson\">\n<p><img decoding=\"async\" src=\"https:\/\/www.wallendorff.com\/belogue\/photo\/pochettes\/i\/i_am_kloot-sky_at_night.jpg\" align=\"left\" \/><a style=\"font-weight:normal\" id=\"lienmp3\" href=\"http:\/\/www.youtube.com\/watch?v=8EWfINMDWLw\"><em>Proof<\/em> (reinterpreted)<\/a><br \/><a href=\"http:\/\/www.iamkloot.com\/\">I Am Kloot<\/a><\/p>\n<\/p><\/div>\n","protected":false},"excerpt":{"rendered":"<p>Rue Clauzel, Paris, 13 janvier. Du m&ecirc;me toit qu&rsquo;il y a 5 ans. Proof (reinterpreted)I Am Kloot<\/p>\n","protected":false},"author":1,"featured_media":26523,"comment_status":"open","ping_status":"open","sticky":false,"template":"","format":"standard","meta":{"_acf_changed":false,"ngg_post_thumbnail":0,"jetpack_post_was_ever_published":false,"_jetpack_newsletter_access":"","_jetpack_dont_email_post_to_subs":false,"_jetpack_newsletter_tier_id":0,"_jetpack_memberships_contains_paywalled_content":false,"_jetpack_memberships_contains_paid_content":false,"footnotes":"","jetpack_publicize_message":"","jetpack_publicize_feature_enabled":true,"jetpack_social_post_already_shared":true,"jetpack_social_options":{"image_generator_settings":{"template":"highway","default_image_id":0,"font":"","enabled":false},"version":2}},"categories":[7356],"tags":[10223,737,2571,6766,10144,10120,7353,10663,10221,10121,2403,11323,10098,778,2402,10596],"class_list":["post-20513","post","type-post","status-publish","format-standard","has-post-thumbnail","hentry","category-into-the-wide","tag-10223","tag-bleu","tag-ef-16-35-mm-f28l-ii-usm","tag-eos-5d-mark-iii","tag-ciel","tag-france","tag-garage-de-la-place-saint-georges","tag-hiver","tag-i-am-kloot","tag-ile-de-france","tag-panorama","tag-panoramique","tag-paris","tag-proof","tag-rue-clauzel","tag-toit"],"acf":[],"geo":{"latitude":48.8793716,"longitude":2.3380816,"description":null},"jetpack_publicize_connections":[],"jetpack_featured_media_url":"https:\/\/www.wallendorff.com\/belogue\/wp-content\/uploads\/2015\/04\/20130226.jpg","jetpack_shortlink":"https:\/\/wp.me\/p3b35P-5kR","jetpack_sharing_enabled":true,"jetpack-related-posts":[{"id":20508,"url":"https:\/\/www.wallendorff.com\/belogue\/2013\/02\/25\/pis-a-prismes-32\/","url_meta":{"origin":20513,"position":0},"title":"Pis \u00e0 prismes #32.","author":"dpc","date":"25 f\u00e9vrier 2013","format":false,"excerpt":"Rue Clauzel, Paris, 13 janvier. CeilingsLocal Natives","rel":"","context":"Dans &quot;Pis \u00e0 prismes&quot;","block_context":{"text":"Pis \u00e0 prismes","link":"https:\/\/www.wallendorff.com\/belogue\/category\/pis-a-prismes\/"},"img":{"alt_text":"","src":"https:\/\/i0.wp.com\/www.wallendorff.com\/belogue\/wp-content\/uploads\/2015\/04\/20130225.jpg?resize=350%2C200&ssl=1","width":350,"height":200,"srcset":"https:\/\/i0.wp.com\/www.wallendorff.com\/belogue\/wp-content\/uploads\/2015\/04\/20130225.jpg?resize=350%2C200&ssl=1 1x, https:\/\/i0.wp.com\/www.wallendorff.com\/belogue\/wp-content\/uploads\/2015\/04\/20130225.jpg?resize=525%2C300&ssl=1 1.5x"},"classes":[]},{"id":20527,"url":"https:\/\/www.wallendorff.com\/belogue\/2013\/02\/28\/prise-sur-le-faite\/","url_meta":{"origin":20513,"position":1},"title":"Prise sur le fa\u00eete.","author":"dpc","date":"28 f\u00e9vrier 2013","format":false,"excerpt":"Rue Clauzel, Paris, 13 janvier. Higgs Boson BluesNick Cave & the Bad Seeds","rel":"","context":"Dans &quot;DPC&quot;","block_context":{"text":"DPC","link":"https:\/\/www.wallendorff.com\/belogue\/category\/dpc\/"},"img":{"alt_text":"","src":"https:\/\/i0.wp.com\/www.wallendorff.com\/belogue\/wp-content\/uploads\/2015\/04\/20130228.jpg?resize=350%2C200&ssl=1","width":350,"height":200,"srcset":"https:\/\/i0.wp.com\/www.wallendorff.com\/belogue\/wp-content\/uploads\/2015\/04\/20130228.jpg?resize=350%2C200&ssl=1 1x, https:\/\/i0.wp.com\/www.wallendorff.com\/belogue\/wp-content\/uploads\/2015\/04\/20130228.jpg?resize=525%2C300&ssl=1 1.5x, https:\/\/i0.wp.com\/www.wallendorff.com\/belogue\/wp-content\/uploads\/2015\/04\/20130228.jpg?resize=700%2C400&ssl=1 2x"},"classes":[]},{"id":1223,"url":"https:\/\/www.wallendorff.com\/belogue\/2008\/05\/08\/des-hauts-d-horizons\/","url_meta":{"origin":20513,"position":2},"title":"Des hauts d&rsquo;horizons.","author":"dpc","date":"8 mai 2008","format":false,"excerpt":"Rue Clauzel, Paris, 7 mai. Petit. Petit petit petit. \u00a0Simone White \u2013 We Used to Stand so Tall","rel":"","context":"Dans &quot;DPC&quot;","block_context":{"text":"DPC","link":"https:\/\/www.wallendorff.com\/belogue\/category\/dpc\/"},"img":{"alt_text":"","src":"https:\/\/i0.wp.com\/www.wallendorff.com\/belogue\/wp-content\/uploads\/2015\/04\/200805081.jpg?resize=350%2C200&ssl=1","width":350,"height":200,"srcset":"https:\/\/i0.wp.com\/www.wallendorff.com\/belogue\/wp-content\/uploads\/2015\/04\/200805081.jpg?resize=350%2C200&ssl=1 1x, https:\/\/i0.wp.com\/www.wallendorff.com\/belogue\/wp-content\/uploads\/2015\/04\/200805081.jpg?resize=525%2C300&ssl=1 1.5x, https:\/\/i0.wp.com\/www.wallendorff.com\/belogue\/wp-content\/uploads\/2015\/04\/200805081.jpg?resize=700%2C400&ssl=1 2x"},"classes":[]},{"id":20379,"url":"https:\/\/www.wallendorff.com\/belogue\/2013\/01\/31\/janvier-2013\/","url_meta":{"origin":20513,"position":3},"title":"Janvier 2013.","author":"dpc","date":"31 janvier 2013","format":false,"excerpt":"5 titres Black Rebel Motorcycle Club \u2013 Let the Day Begin (The Call cover) Junip \u2013 Line of Fire Miles Kane \u2013 Give Up Haim \u2013 Don't Save Me Local Natives \u2013 Heavy Feet Albums The Bronx \u2013 The Bronx IV Villagers \u2013 {Awayland} Black Rebel Motorcycle Club \u2013 Specter\u2026","rel":"","context":"Dans &quot;Blog-note&quot;","block_context":{"text":"Blog-note","link":"https:\/\/www.wallendorff.com\/belogue\/category\/blog-note\/"},"img":{"alt_text":"","src":"https:\/\/i0.wp.com\/www.wallendorff.com\/belogue\/wp-content\/uploads\/2015\/04\/20130131-141.jpg?resize=350%2C200&ssl=1","width":350,"height":200,"srcset":"https:\/\/i0.wp.com\/www.wallendorff.com\/belogue\/wp-content\/uploads\/2015\/04\/20130131-141.jpg?resize=350%2C200&ssl=1 1x, https:\/\/i0.wp.com\/www.wallendorff.com\/belogue\/wp-content\/uploads\/2015\/04\/20130131-141.jpg?resize=525%2C300&ssl=1 1.5x, https:\/\/i0.wp.com\/www.wallendorff.com\/belogue\/wp-content\/uploads\/2015\/04\/20130131-141.jpg?resize=700%2C400&ssl=1 2x"},"classes":[]},{"id":3445,"url":"https:\/\/www.wallendorff.com\/belogue\/2008\/09\/22\/mademoiselle-k-paris-7-mai\/","url_meta":{"origin":20513,"position":4},"title":"Mademoiselle K, Paris, 7 mai.","author":"dpc","date":"22 septembre 2008","format":false,"excerpt":"\u00a0 Bande-son\u00a0:","rel":"","context":"Dans &quot;Portraits&quot;","block_context":{"text":"Portraits","link":"https:\/\/www.wallendorff.com\/belogue\/category\/portraits\/"},"img":{"alt_text":"","src":"https:\/\/i0.wp.com\/www.wallendorff.com\/belogue\/wp-content\/uploads\/2015\/04\/20080922-071.jpg?resize=350%2C200&ssl=1","width":350,"height":200},"classes":[]},{"id":7514,"url":"https:\/\/www.wallendorff.com\/belogue\/2010\/05\/10\/en-mefaits-seul-kill-te-plait\/","url_meta":{"origin":20513,"position":5},"title":"En m\u00e9faits, seul Kill te pla\u00eet.","author":"dpc","date":"10 mai 2010","format":false,"excerpt":"Rue Edmond Valentin, Paris, 5 avril. J'aurais d\u00fb d\u00e9placer la Smart. Elle me g\u00eane, la Smart. [C'est que j'ai quand m\u00eame de fort int\u00e9ressantes pr\u00e9occupations le lundi matin, dis donc.] \u00a0I Am Kloot \u2013 No Direction Home","rel":"","context":"Dans &quot;DPC&quot;","block_context":{"text":"DPC","link":"https:\/\/www.wallendorff.com\/belogue\/category\/dpc\/"},"img":{"alt_text":"","src":"https:\/\/i0.wp.com\/www.wallendorff.com\/belogue\/wp-content\/uploads\/2015\/04\/201005101.jpg?resize=350%2C200&ssl=1","width":350,"height":200},"classes":[]}],"_links":{"self":[{"href":"https:\/\/www.wallendorff.com\/belogue\/wp-json\/wp\/v2\/posts\/20513","targetHints":{"allow":["GET"]}}],"collection":[{"href":"https:\/\/www.wallendorff.com\/belogue\/wp-json\/wp\/v2\/posts"}],"about":[{"href":"https:\/\/www.wallendorff.com\/belogue\/wp-json\/wp\/v2\/types\/post"}],"author":[{"embeddable":true,"href":"https:\/\/www.wallendorff.com\/belogue\/wp-json\/wp\/v2\/users\/1"}],"replies":[{"embeddable":true,"href":"https:\/\/www.wallendorff.com\/belogue\/wp-json\/wp\/v2\/comments?post=20513"}],"version-history":[{"count":3,"href":"https:\/\/www.wallendorff.com\/belogue\/wp-json\/wp\/v2\/posts\/20513\/revisions"}],"predecessor-version":[{"id":20516,"href":"https:\/\/www.wallendorff.com\/belogue\/wp-json\/wp\/v2\/posts\/20513\/revisions\/20516"}],"wp:featuredmedia":[{"embeddable":true,"href":"https:\/\/www.wallendorff.com\/belogue\/wp-json\/wp\/v2\/media\/26523"}],"wp:attachment":[{"href":"https:\/\/www.wallendorff.com\/belogue\/wp-json\/wp\/v2\/media?parent=20513"}],"wp:term":[{"taxonomy":"category","embeddable":true,"href":"https:\/\/www.wallendorff.com\/belogue\/wp-json\/wp\/v2\/categories?post=20513"},{"taxonomy":"post_tag","embeddable":true,"href":"https:\/\/www.wallendorff.com\/belogue\/wp-json\/wp\/v2\/tags?post=20513"}],"curies":[{"name":"wp","href":"https:\/\/api.w.org\/{rel}","templated":true}]}}