{"id":205,"date":"2006-01-16T19:10:22","date_gmt":"2006-01-16T19:10:22","guid":{"rendered":"http:\/\/www.po-l.com\/wordpress\/?p=205"},"modified":"2012-01-16T11:26:47","modified_gmt":"2012-01-16T09:26:47","slug":"etoile-ame-attela","status":"publish","type":"post","link":"https:\/\/www.wallendorff.com\/belogue\/2006\/01\/16\/etoile-ame-attela\/","title":{"rendered":"&Eacute;toile &acirc;me attela."},"content":{"rendered":"<div id=\"photo\">\n<p><img decoding=\"async\" src=\"http:\/\/www.po-L.com\/belogue\/photo\/2006\/01\/20060116.jpg\" \/><br \/>\n    Rue des Archives, Paris, 07 janvier, 14h17.<\/p>\n<\/div>\n<p style=\"text-align:right\">&ldquo;<em>Star, star,<br \/>\n  Teach me how to shine, shine,<br \/>\n  Teach me so I know what&rsquo;s going on in your mind<\/em><\/p>\n<p style=\"text-align:right\"><em>&lsquo;Cause I don&rsquo;t understand these people<br \/>\n  Who say the hill&rsquo;s to steep<br \/>\n  Well they talk and talk forever<br \/>\n  But they just never climb.<\/em>&rdquo;<\/p>\n<div id=\"bandeson\">\n<p><img decoding=\"async\" src=\"https:\/\/www.wallendorff.com\/belogue\/photo\/pochettes\/f\/frames_the-set_list.jpg\" align=\"left\" \/>&nbsp;<a href=\"http:\/\/www.theframes.ie\/\">The Frames<\/a> &ndash; <em>Star, Star<\/em> (live)<\/p>\n<\/p><\/div>\n","protected":false},"excerpt":{"rendered":"<p>Rue des Archives, Paris, 07 janvier, 14h17. &ldquo;Star, star, Teach me how to shine, shine, Teach me so I know what&rsquo;s going on in your mind &lsquo;Cause I don&rsquo;t understand these people Who say the hill&rsquo;s to steep Well they talk and talk forever But they just never climb.&rdquo; &nbsp;The Frames &ndash; Star, Star (live)<\/p>\n","protected":false},"author":1,"featured_media":24142,"comment_status":"open","ping_status":"open","sticky":false,"template":"","format":"standard","meta":{"_acf_changed":false,"ngg_post_thumbnail":0,"jetpack_post_was_ever_published":false,"_jetpack_newsletter_access":"","_jetpack_dont_email_post_to_subs":false,"_jetpack_newsletter_tier_id":0,"_jetpack_memberships_contains_paywalled_content":false,"_jetpack_memberships_contains_paid_content":false,"footnotes":"","jetpack_publicize_message":"","jetpack_publicize_feature_enabled":true,"jetpack_social_post_already_shared":false,"jetpack_social_options":{"image_generator_settings":{"template":"highway","default_image_id":0,"font":"","enabled":false},"version":2}},"categories":[3],"tags":[10336,142,132,1243,10314,10120,10121,143,10098,10360,749,748],"class_list":["post-205","post","type-post","status-publish","format-standard","has-post-thumbnail","hentry","category-dpc","tag-10336","tag-ef-s-10-22-mm-f35-45-usm","tag-eos-20d","tag-carre","tag-etoile","tag-france","tag-ile-de-france","tag-noir-et-blanc","tag-paris","tag-rue-des-archives","tag-star-star","tag-the-frames"],"acf":[],"geo":{"latitude":48.8618774,"longitude":2.3590617,"description":null},"jetpack_publicize_connections":[],"jetpack_featured_media_url":"https:\/\/www.wallendorff.com\/belogue\/wp-content\/uploads\/2015\/04\/200601161.jpg","jetpack_shortlink":"https:\/\/wp.me\/p3b35P-3j","jetpack_sharing_enabled":true,"jetpack-related-posts":[{"id":20366,"url":"https:\/\/www.wallendorff.com\/belogue\/2013\/01\/31\/dance-star\/","url_meta":{"origin":205,"position":0},"title":"Dance star.","author":"dpc","date":"31 janvier 2013","format":false,"excerpt":"Grand Palais, Paris, 12 d\u00e9cembre 2012. Dead Star (live) Muse","rel":"","context":"Dans &quot;DPC&quot;","block_context":{"text":"DPC","link":"https:\/\/www.wallendorff.com\/belogue\/category\/dpc\/"},"img":{"alt_text":"","src":"https:\/\/i0.wp.com\/www.wallendorff.com\/belogue\/wp-content\/uploads\/2015\/04\/20130131.jpg?resize=350%2C200&ssl=1","width":350,"height":200,"srcset":"https:\/\/i0.wp.com\/www.wallendorff.com\/belogue\/wp-content\/uploads\/2015\/04\/20130131.jpg?resize=350%2C200&ssl=1 1x, https:\/\/i0.wp.com\/www.wallendorff.com\/belogue\/wp-content\/uploads\/2015\/04\/20130131.jpg?resize=525%2C300&ssl=1 1.5x, https:\/\/i0.wp.com\/www.wallendorff.com\/belogue\/wp-content\/uploads\/2015\/04\/20130131.jpg?resize=700%2C400&ssl=1 2x"},"classes":[]},{"id":21715,"url":"https:\/\/www.wallendorff.com\/belogue\/2013\/09\/30\/septembre-2013\/","url_meta":{"origin":205,"position":1},"title":"Septembre 2013.","author":"dpc","date":"30 septembre 2013","format":false,"excerpt":"Un gros fil, des tentes, une expo, du graf, des poses longues, boire, des saucisses-momies, une gare, un graouilly, des b\u00e9rets, un mariage, un concert dans un fumoir, un concert dans une p\u00e9niche, boire, un lapin bourr\u00e9, un d\u00e9m\u00e9nagement, un concert dans un balcon, un grand retour, Cali (est super\u2026","rel":"","context":"Dans &quot;Blog-note&quot;","block_context":{"text":"Blog-note","link":"https:\/\/www.wallendorff.com\/belogue\/category\/blog-note\/"},"img":{"alt_text":"","src":"https:\/\/i0.wp.com\/www.wallendorff.com\/belogue\/wp-content\/uploads\/2015\/04\/20131003-241.jpg?resize=350%2C200&ssl=1","width":350,"height":200,"srcset":"https:\/\/i0.wp.com\/www.wallendorff.com\/belogue\/wp-content\/uploads\/2015\/04\/20131003-241.jpg?resize=350%2C200&ssl=1 1x, https:\/\/i0.wp.com\/www.wallendorff.com\/belogue\/wp-content\/uploads\/2015\/04\/20131003-241.jpg?resize=525%2C300&ssl=1 1.5x, https:\/\/i0.wp.com\/www.wallendorff.com\/belogue\/wp-content\/uploads\/2015\/04\/20131003-241.jpg?resize=700%2C400&ssl=1 2x"},"classes":[]},{"id":3799,"url":"https:\/\/www.wallendorff.com\/belogue\/2009\/01\/15\/la-theo-rit-du-con-plot\/","url_meta":{"origin":205,"position":2},"title":"L\u00e0, Th\u00e9o rit du con plot.","author":"dpc","date":"15 janvier 2009","format":false,"excerpt":"Rue Taison, Metz, 29 d\u00e9cembre 2008. Waw, 255 notes sans poster un titre de Howl, y a des jours o\u00f9 je m'\u00e9tonne. Black Rebel Motorcycle Club \u2013 Open Invitation Ah oui, et \u00e7a quand m\u00eame. Enfin bon, avant de me gausser, il faudrait penser \u00e0 \u00ab\u00a0r\u00e9aliser parmi les meilleurs portraits\u2026","rel":"","context":"Dans &quot;DPC&quot;","block_context":{"text":"DPC","link":"https:\/\/www.wallendorff.com\/belogue\/category\/dpc\/"},"img":{"alt_text":"","src":"https:\/\/i0.wp.com\/www.wallendorff.com\/belogue\/wp-content\/uploads\/2015\/04\/200901151.jpg?resize=350%2C200&ssl=1","width":350,"height":200},"classes":[]},{"id":341,"url":"https:\/\/www.wallendorff.com\/belogue\/2005\/06\/17\/il-ne-faut-jamais-dire-j-aimais\/","url_meta":{"origin":205,"position":3},"title":"Il ne faut jamais dire j&rsquo;aimais.","author":"dpc","date":"17 juin 2005","format":false,"excerpt":"Station Charles de Gaulle-\u00c9toile, Paris, 8 juin. \"A love not warm's a love not done.\" \u00a0The Veils \u2013 Talk Down the Girl","rel":"","context":"Dans &quot;DPC&quot;","block_context":{"text":"DPC","link":"https:\/\/www.wallendorff.com\/belogue\/category\/dpc\/"},"img":{"alt_text":"","src":"https:\/\/i0.wp.com\/www.wallendorff.com\/belogue\/wp-content\/uploads\/2015\/04\/200506171.jpg?resize=350%2C200&ssl=1","width":350,"height":200,"srcset":"https:\/\/i0.wp.com\/www.wallendorff.com\/belogue\/wp-content\/uploads\/2015\/04\/200506171.jpg?resize=350%2C200&ssl=1 1x, https:\/\/i0.wp.com\/www.wallendorff.com\/belogue\/wp-content\/uploads\/2015\/04\/200506171.jpg?resize=525%2C300&ssl=1 1.5x"},"classes":[]},{"id":6303,"url":"https:\/\/www.wallendorff.com\/belogue\/2010\/01\/22\/tomorrow-wont-be-pretty\/","url_meta":{"origin":205,"position":4},"title":"Tomorrow won&rsquo;t be pretty.","author":"dpc","date":"22 janvier 2010","format":false,"excerpt":"Place de la cath\u00e9drale, Strasbourg, 26 d\u00e9cembre 2009. \u00a0The National \u2013 Murder Me Rachael BLACK REBEL MOTORCYCLE CLUB","rel":"","context":"Dans &quot;DPC&quot;","block_context":{"text":"DPC","link":"https:\/\/www.wallendorff.com\/belogue\/category\/dpc\/"},"img":{"alt_text":"","src":"https:\/\/i0.wp.com\/www.wallendorff.com\/belogue\/wp-content\/uploads\/2015\/04\/201001221.jpg?resize=350%2C200&ssl=1","width":350,"height":200},"classes":[]},{"id":36659,"url":"https:\/\/www.wallendorff.com\/belogue\/2017\/11\/30\/novembre-2017\/","url_meta":{"origin":205,"position":5},"title":"Novembre 2017.","author":"dpc","date":"30 novembre 2017","format":false,"excerpt":"Un concert, un bar, un concert, un ap\u00e9ro, un resto, un concert, une soir\u00e9e-photo, un m\u00e9tro, un salon, un squat', un dodo, un concert, un num\u00e9ro, une comm\u00e9moration, un concert, un concert, un anniversaire, un num\u00e9ro, un num\u00e9ro, un concert, un train, un concert, un concert, une expo, un avion,\u2026","rel":"","context":"Dans &quot;Blog-note&quot;","block_context":{"text":"Blog-note","link":"https:\/\/www.wallendorff.com\/belogue\/category\/blog-note\/"},"img":{"alt_text":"","src":"https:\/\/i0.wp.com\/www.wallendorff.com\/belogue\/wp-content\/uploads\/2017\/12\/20171213-58.jpg?resize=350%2C200&ssl=1","width":350,"height":200,"srcset":"https:\/\/i0.wp.com\/www.wallendorff.com\/belogue\/wp-content\/uploads\/2017\/12\/20171213-58.jpg?resize=350%2C200&ssl=1 1x, https:\/\/i0.wp.com\/www.wallendorff.com\/belogue\/wp-content\/uploads\/2017\/12\/20171213-58.jpg?resize=525%2C300&ssl=1 1.5x, https:\/\/i0.wp.com\/www.wallendorff.com\/belogue\/wp-content\/uploads\/2017\/12\/20171213-58.jpg?resize=700%2C400&ssl=1 2x"},"classes":[]}],"_links":{"self":[{"href":"https:\/\/www.wallendorff.com\/belogue\/wp-json\/wp\/v2\/posts\/205","targetHints":{"allow":["GET"]}}],"collection":[{"href":"https:\/\/www.wallendorff.com\/belogue\/wp-json\/wp\/v2\/posts"}],"about":[{"href":"https:\/\/www.wallendorff.com\/belogue\/wp-json\/wp\/v2\/types\/post"}],"author":[{"embeddable":true,"href":"https:\/\/www.wallendorff.com\/belogue\/wp-json\/wp\/v2\/users\/1"}],"replies":[{"embeddable":true,"href":"https:\/\/www.wallendorff.com\/belogue\/wp-json\/wp\/v2\/comments?post=205"}],"version-history":[{"count":1,"href":"https:\/\/www.wallendorff.com\/belogue\/wp-json\/wp\/v2\/posts\/205\/revisions"}],"predecessor-version":[{"id":15357,"href":"https:\/\/www.wallendorff.com\/belogue\/wp-json\/wp\/v2\/posts\/205\/revisions\/15357"}],"wp:featuredmedia":[{"embeddable":true,"href":"https:\/\/www.wallendorff.com\/belogue\/wp-json\/wp\/v2\/media\/24142"}],"wp:attachment":[{"href":"https:\/\/www.wallendorff.com\/belogue\/wp-json\/wp\/v2\/media?parent=205"}],"wp:term":[{"taxonomy":"category","embeddable":true,"href":"https:\/\/www.wallendorff.com\/belogue\/wp-json\/wp\/v2\/categories?post=205"},{"taxonomy":"post_tag","embeddable":true,"href":"https:\/\/www.wallendorff.com\/belogue\/wp-json\/wp\/v2\/tags?post=205"}],"curies":[{"name":"wp","href":"https:\/\/api.w.org\/{rel}","templated":true}]}}