{"id":20441,"date":"2013-02-14T13:25:42","date_gmt":"2013-02-14T11:25:42","guid":{"rendered":"http:\/\/www.wallendorff.com\/?p=20441"},"modified":"2018-05-23T08:06:58","modified_gmt":"2018-05-23T06:06:58","slug":"shooting-people-100","status":"publish","type":"post","link":"https:\/\/www.wallendorff.com\/belogue\/2013\/02\/14\/shooting-people-100\/","title":{"rendered":"Shooting people #100."},"content":{"rendered":"\n<div id=\"photo\">\n<p><img decoding=\"async\" src=\"https:\/\/www.wallendorff.com\/belogue\/photo\/2013\/02\/20130214.jpg\"><br \/>\nH&ocirc;tel Arvor, Paris, 6 f&eacute;vrier.<\/p>\n<\/p><\/div>\n<p>Ils ne sont venus qu&rsquo;&agrave; deux. Lorsque j&rsquo;arrive, ils sont au bar, en interview avec B.. Je distingue vaguement leurs profils dans le reflet de la vitre. P. a plus de cheveux qu&rsquo;avant. M. m&rsquo;accueille et m&rsquo;annonce qu&rsquo;il y a eu changement de derni&egrave;re minute&nbsp;; R. est venu &agrave; la place de P.. &Ccedil;a explique les cheveux. On me fait visiter l&rsquo;h&ocirc;tel. La chambre de la cour, l&rsquo;ascenseur, le couloir du premier &eacute;tage, la chambre du premier. Jolie lumi&egrave;re naturelle, mur vert pistache. Ce sera la chambre du premier. Je redescends. La bise &agrave; B., pas vue depuis Arras. M. me pr&eacute;sente. Nous montons. Ils sont crev&eacute;s apr&egrave;s deux jours d&rsquo;interviews. Hier Berlin, aujourd&rsquo;hui Paris, demain Londres, avant Amsterdam. Elle, malgr&eacute; &ccedil;a, rayonne &agrave; un point tel que je ne reconnais plus la fille de <a href=\"https:\/\/www.wallendorff.com\/belogue\/2010\/02\/02\/shooting-people-61-62-63\/\">la derni&egrave;re fois<\/a>. Je lui dis. Elle sourit, met &ccedil;a sur le compte de la trentaine et se laisse tomber sur le canap&eacute;, les pieds sur le bureau pendant qu&rsquo;il attend, couch&eacute; sur le lit. Premi&egrave;re photo&nbsp;: 17&nbsp;h 25&nbsp;min 37&nbsp;s. Elle sourit toujours. Puis vient son tour. Ils blaguent sur ses cheveux. &Ccedil;a le fait sourire aussi. Il enl&egrave;ve sa capuche. Elle revient. Je leur demande de me regarder. Pose rock n&rsquo;roll. Noir et blanc. Chlack. Derni&egrave;re photo&nbsp;: 17&nbsp;h 37&nbsp;min 13&nbsp;s. On se salue. Ils partent faire des photos avec une Anglaise dans la rue Laferri&egrave;re pendant que je range mes flashs.<\/p>\n<p style=\"text-align:right\"><em>Specter at the Feast<\/em> sort le 18 mars.<\/p>\n<p style=\"text-align:right\">Les Trianon des 15 et 16 sont complets.<\/p>\n<p style=\"text-align:right\">Merci &agrave; <a href=\"http:\/\/www.cooperativemusic.fr\/\">Mathieu de Coop&rsquo;<\/a>.<\/p>\n<div id=\"bandeson\">\n<p><img decoding=\"async\" src=\"https:\/\/www.wallendorff.com\/belogue\/photo\/pochettes\/b\/black_rebel_motorcycle_club-specter_at_the_feast.jpg\" align=\"left\" \/><a style=\"font-weight:normal\" id=\"lienmp3\" href=\"http:\/\/www.youtube.com\/watch?v=OfbxNAZQg-g\"><em>Let the Day Begin<\/em> (The Call cover)<\/a><br \/><a href=\"http:\/\/www.blackrebelmotorcycleclub.com\">Black Rebel Motorcycle Club<\/a><\/p>\n<\/p><\/div>\n<div id='gallery-1' class='gallery galleryid-20441 gallery-columns-3 gallery-size-large'><figure class='gallery-item'>\n\t\t\t<div class='gallery-icon landscape'>\n\t\t\t\t<a href='https:\/\/www.wallendorff.com\/belogue\/2013\/02\/14\/shooting-people-100\/black-rebel-motorcycle-club-paris-06022013\/'><img fetchpriority=\"high\" decoding=\"async\" width=\"820\" height=\"547\" src=\"https:\/\/www.wallendorff.com\/belogue\/wp-content\/uploads\/2013\/02\/20130214-01.jpg\" class=\"attachment-large size-large\" alt=\"\" aria-describedby=\"gallery-1-32167\" srcset=\"https:\/\/www.wallendorff.com\/belogue\/wp-content\/uploads\/2013\/02\/20130214-01.jpg 820w, https:\/\/www.wallendorff.com\/belogue\/wp-content\/uploads\/2013\/02\/20130214-01-200x133.jpg 200w, https:\/\/www.wallendorff.com\/belogue\/wp-content\/uploads\/2013\/02\/20130214-01-300x200.jpg 300w, https:\/\/www.wallendorff.com\/belogue\/wp-content\/uploads\/2013\/02\/20130214-01-525x350.jpg 525w, https:\/\/www.wallendorff.com\/belogue\/wp-content\/uploads\/2013\/02\/20130214-01-600x400.jpg 600w\" sizes=\"(max-width: 820px) 100vw, 820px\" \/><\/a>\n\t\t\t<\/div>\n\t\t\t\t<figcaption class='wp-caption-text gallery-caption' id='gallery-1-32167'>\n\t\t\t\tBlack Rebel Motorcycle Club, Paris, 06\/02\/2013\n\t\t\t\t<\/figcaption><\/figure><figure class='gallery-item'>\n\t\t\t<div class='gallery-icon portrait'>\n\t\t\t\t<a href='https:\/\/www.wallendorff.com\/belogue\/2013\/02\/14\/shooting-people-100\/black-rebel-motorcycle-club-paris-06022013-2\/'><img decoding=\"async\" width=\"547\" height=\"820\" src=\"https:\/\/www.wallendorff.com\/belogue\/wp-content\/uploads\/2013\/02\/20130214-02.jpg\" class=\"attachment-large size-large\" alt=\"\" aria-describedby=\"gallery-1-32168\" srcset=\"https:\/\/www.wallendorff.com\/belogue\/wp-content\/uploads\/2013\/02\/20130214-02.jpg 547w, https:\/\/www.wallendorff.com\/belogue\/wp-content\/uploads\/2013\/02\/20130214-02-133x200.jpg 133w, https:\/\/www.wallendorff.com\/belogue\/wp-content\/uploads\/2013\/02\/20130214-02-200x300.jpg 200w, https:\/\/www.wallendorff.com\/belogue\/wp-content\/uploads\/2013\/02\/20130214-02-233x350.jpg 233w\" sizes=\"(max-width: 547px) 100vw, 547px\" \/><\/a>\n\t\t\t<\/div>\n\t\t\t\t<figcaption class='wp-caption-text gallery-caption' id='gallery-1-32168'>\n\t\t\t\tBlack Rebel Motorcycle Club, Paris, 06\/02\/2013\n\t\t\t\t<\/figcaption><\/figure><figure class='gallery-item'>\n\t\t\t<div class='gallery-icon portrait'>\n\t\t\t\t<a href='https:\/\/www.wallendorff.com\/belogue\/2013\/02\/14\/shooting-people-100\/black-rebel-motorcycle-club-paris-06022013-3\/'><img decoding=\"async\" width=\"547\" height=\"820\" src=\"https:\/\/www.wallendorff.com\/belogue\/wp-content\/uploads\/2013\/02\/20130214-03.jpg\" class=\"attachment-large size-large\" alt=\"\" aria-describedby=\"gallery-1-32169\" srcset=\"https:\/\/www.wallendorff.com\/belogue\/wp-content\/uploads\/2013\/02\/20130214-03.jpg 547w, https:\/\/www.wallendorff.com\/belogue\/wp-content\/uploads\/2013\/02\/20130214-03-133x200.jpg 133w, https:\/\/www.wallendorff.com\/belogue\/wp-content\/uploads\/2013\/02\/20130214-03-200x300.jpg 200w, https:\/\/www.wallendorff.com\/belogue\/wp-content\/uploads\/2013\/02\/20130214-03-233x350.jpg 233w\" sizes=\"(max-width: 547px) 100vw, 547px\" \/><\/a>\n\t\t\t<\/div>\n\t\t\t\t<figcaption class='wp-caption-text gallery-caption' id='gallery-1-32169'>\n\t\t\t\tBlack Rebel Motorcycle Club, Paris, 06\/02\/2013\n\t\t\t\t<\/figcaption><\/figure><figure class='gallery-item'>\n\t\t\t<div class='gallery-icon landscape'>\n\t\t\t\t<a href='https:\/\/www.wallendorff.com\/belogue\/2013\/02\/14\/shooting-people-100\/black-rebel-motorcycle-club-paris-06022013-4\/'><img loading=\"lazy\" decoding=\"async\" width=\"820\" height=\"547\" src=\"https:\/\/www.wallendorff.com\/belogue\/wp-content\/uploads\/2013\/02\/20130214-04.jpg\" class=\"attachment-large size-large\" alt=\"\" aria-describedby=\"gallery-1-32170\" srcset=\"https:\/\/www.wallendorff.com\/belogue\/wp-content\/uploads\/2013\/02\/20130214-04.jpg 820w, https:\/\/www.wallendorff.com\/belogue\/wp-content\/uploads\/2013\/02\/20130214-04-200x133.jpg 200w, https:\/\/www.wallendorff.com\/belogue\/wp-content\/uploads\/2013\/02\/20130214-04-300x200.jpg 300w, https:\/\/www.wallendorff.com\/belogue\/wp-content\/uploads\/2013\/02\/20130214-04-525x350.jpg 525w, https:\/\/www.wallendorff.com\/belogue\/wp-content\/uploads\/2013\/02\/20130214-04-600x400.jpg 600w\" sizes=\"(max-width: 820px) 100vw, 820px\" \/><\/a>\n\t\t\t<\/div>\n\t\t\t\t<figcaption class='wp-caption-text gallery-caption' id='gallery-1-32170'>\n\t\t\t\tBlack Rebel Motorcycle Club, Paris, 06\/02\/2013\n\t\t\t\t<\/figcaption><\/figure><figure class='gallery-item'>\n\t\t\t<div class='gallery-icon portrait'>\n\t\t\t\t<a href='https:\/\/www.wallendorff.com\/belogue\/2013\/02\/14\/shooting-people-100\/black-rebel-motorcycle-club-paris-06022013-5\/'><img loading=\"lazy\" decoding=\"async\" width=\"547\" height=\"820\" src=\"https:\/\/www.wallendorff.com\/belogue\/wp-content\/uploads\/2013\/02\/20130214-05.jpg\" class=\"attachment-large size-large\" alt=\"\" aria-describedby=\"gallery-1-32171\" srcset=\"https:\/\/www.wallendorff.com\/belogue\/wp-content\/uploads\/2013\/02\/20130214-05.jpg 547w, https:\/\/www.wallendorff.com\/belogue\/wp-content\/uploads\/2013\/02\/20130214-05-133x200.jpg 133w, https:\/\/www.wallendorff.com\/belogue\/wp-content\/uploads\/2013\/02\/20130214-05-200x300.jpg 200w, https:\/\/www.wallendorff.com\/belogue\/wp-content\/uploads\/2013\/02\/20130214-05-233x350.jpg 233w\" sizes=\"(max-width: 547px) 100vw, 547px\" \/><\/a>\n\t\t\t<\/div>\n\t\t\t\t<figcaption class='wp-caption-text gallery-caption' id='gallery-1-32171'>\n\t\t\t\tBlack Rebel Motorcycle Club, Paris, 06\/02\/2013\n\t\t\t\t<\/figcaption><\/figure><figure class='gallery-item'>\n\t\t\t<div class='gallery-icon portrait'>\n\t\t\t\t<a href='https:\/\/www.wallendorff.com\/belogue\/2013\/02\/14\/shooting-people-100\/black-rebel-motorcycle-club-paris-06022013-6\/'><img loading=\"lazy\" decoding=\"async\" width=\"547\" height=\"820\" src=\"https:\/\/www.wallendorff.com\/belogue\/wp-content\/uploads\/2013\/02\/20130214-06.jpg\" class=\"attachment-large size-large\" alt=\"\" aria-describedby=\"gallery-1-32172\" srcset=\"https:\/\/www.wallendorff.com\/belogue\/wp-content\/uploads\/2013\/02\/20130214-06.jpg 547w, https:\/\/www.wallendorff.com\/belogue\/wp-content\/uploads\/2013\/02\/20130214-06-133x200.jpg 133w, https:\/\/www.wallendorff.com\/belogue\/wp-content\/uploads\/2013\/02\/20130214-06-200x300.jpg 200w, https:\/\/www.wallendorff.com\/belogue\/wp-content\/uploads\/2013\/02\/20130214-06-233x350.jpg 233w\" sizes=\"(max-width: 547px) 100vw, 547px\" \/><\/a>\n\t\t\t<\/div>\n\t\t\t\t<figcaption class='wp-caption-text gallery-caption' id='gallery-1-32172'>\n\t\t\t\tBlack Rebel Motorcycle Club, Paris, 06\/02\/2013\n\t\t\t\t<\/figcaption><\/figure><figure class='gallery-item'>\n\t\t\t<div class='gallery-icon portrait'>\n\t\t\t\t<a href='https:\/\/www.wallendorff.com\/belogue\/2013\/02\/14\/shooting-people-100\/black-rebel-motorcycle-club-paris-06022013-7\/'><img loading=\"lazy\" decoding=\"async\" width=\"547\" height=\"820\" src=\"https:\/\/www.wallendorff.com\/belogue\/wp-content\/uploads\/2013\/02\/20130214-07.jpg\" class=\"attachment-large size-large\" alt=\"\" aria-describedby=\"gallery-1-32173\" srcset=\"https:\/\/www.wallendorff.com\/belogue\/wp-content\/uploads\/2013\/02\/20130214-07.jpg 547w, https:\/\/www.wallendorff.com\/belogue\/wp-content\/uploads\/2013\/02\/20130214-07-133x200.jpg 133w, https:\/\/www.wallendorff.com\/belogue\/wp-content\/uploads\/2013\/02\/20130214-07-200x300.jpg 200w, https:\/\/www.wallendorff.com\/belogue\/wp-content\/uploads\/2013\/02\/20130214-07-233x350.jpg 233w\" sizes=\"(max-width: 547px) 100vw, 547px\" \/><\/a>\n\t\t\t<\/div>\n\t\t\t\t<figcaption class='wp-caption-text gallery-caption' id='gallery-1-32173'>\n\t\t\t\tBlack Rebel Motorcycle Club, Paris, 06\/02\/2013\n\t\t\t\t<\/figcaption><\/figure>\n\t\t<\/div>\n\n<p>&nbsp;<\/p>\n","protected":false},"excerpt":{"rendered":"<p>H&ocirc;tel Arvor, Paris, 6 f&eacute;vrier. Ils ne sont venus qu&rsquo;&agrave; deux. Lorsque j&rsquo;arrive, ils sont au bar, en interview avec B.. Je distingue vaguement leurs profils dans le reflet de la vitre. P. a plus de cheveux qu&rsquo;avant. M. m&rsquo;accueille et m&rsquo;annonce qu&rsquo;il y a eu changement de derni&egrave;re minute&nbsp;; R. est venu &agrave; la&hellip;<\/p>\n","protected":false},"author":1,"featured_media":26515,"comment_status":"open","ping_status":"open","sticky":false,"template":"","format":"standard","meta":{"_acf_changed":false,"ngg_post_thumbnail":0,"jetpack_post_was_ever_published":false,"_jetpack_newsletter_access":"","_jetpack_dont_email_post_to_subs":false,"_jetpack_newsletter_tier_id":0,"_jetpack_memberships_contains_paywalled_content":false,"_jetpack_memberships_contains_paid_content":false,"footnotes":"","jetpack_publicize_message":"","jetpack_publicize_feature_enabled":true,"jetpack_social_post_already_shared":true,"jetpack_social_options":{"image_generator_settings":{"template":"highway","default_image_id":0,"font":"","enabled":false},"version":2}},"categories":[8],"tags":[10223,10118,10725,2571,6766,10878,10120,3831,10257,7339,10121,7336,10465,143,10098,10272,10376,11320,7338,7337],"class_list":["post-20441","post","type-post","status-publish","format-standard","has-post-thumbnail","hentry","category-portraits","tag-10223","tag-black-rebel-motorcycle-club","tag-brmc","tag-ef-16-35-mm-f28l-ii-usm","tag-eos-5d-mark-iii","tag-chambre","tag-france","tag-groupe","tag-hotel","tag-hotel-arvor","tag-ile-de-france","tag-let-the-day-begin","tag-lit","tag-noir-et-blanc","tag-paris","tag-portrait","tag-promo","tag-rue-laferriere","tag-specter-at-the-feast","tag-the-call"],"acf":[],"geo":{"latitude":48.878582,"longitude":2.3384652,"description":"8 Rue Laferri\u00e8re, 75009 Paris, France"},"jetpack_publicize_connections":[],"jetpack_featured_media_url":"https:\/\/www.wallendorff.com\/belogue\/wp-content\/uploads\/2015\/04\/20130214.jpg","jetpack_shortlink":"https:\/\/wp.me\/p3b35P-5jH","jetpack_sharing_enabled":true,"jetpack-related-posts":[{"id":29519,"url":"https:\/\/www.wallendorff.com\/belogue\/2015\/10\/22\/shooting-people-112\/","url_meta":{"origin":20441,"position":0},"title":"Shooting people #112.","author":"dpc","date":"22 octobre 2015","format":false,"excerpt":"Le Cinq Codet, Paris, 15 octobre. Je les retrouve dans la chambre. C'est la derni\u00e8re session de la journ\u00e9e, ils se sont fait prendre en photo partout\u00a0: sur la terrasse, dans la salle de bain, sur le canap\u00e9... Je leur propose le couloir. Deux essais avec le flash ne donnent\u2026","rel":"","context":"Dans &quot;Portraits&quot;","block_context":{"text":"Portraits","link":"https:\/\/www.wallendorff.com\/belogue\/category\/portraits\/"},"img":{"alt_text":"","src":"https:\/\/i0.wp.com\/www.wallendorff.com\/belogue\/wp-content\/uploads\/2015\/10\/20151021-071.jpg?resize=350%2C200&ssl=1","width":350,"height":200,"srcset":"https:\/\/i0.wp.com\/www.wallendorff.com\/belogue\/wp-content\/uploads\/2015\/10\/20151021-071.jpg?resize=350%2C200&ssl=1 1x, https:\/\/i0.wp.com\/www.wallendorff.com\/belogue\/wp-content\/uploads\/2015\/10\/20151021-071.jpg?resize=525%2C300&ssl=1 1.5x, https:\/\/i0.wp.com\/www.wallendorff.com\/belogue\/wp-content\/uploads\/2015\/10\/20151021-071.jpg?resize=700%2C400&ssl=1 2x"},"classes":[]},{"id":9810,"url":"https:\/\/www.wallendorff.com\/belogue\/2010\/11\/18\/edwyn-collins-the-kinbeats-le-nouveau-casino-paris\/","url_meta":{"origin":20441,"position":1},"title":"Edwyn Collins + The Kinbeats @ le Nouveau Casino, Paris.","author":"dpc","date":"18 novembre 2010","format":false,"excerpt":"En guise de bande-son du jour, je laisse le Yann Zitouni vous expliquer le contexte parce qu'il fera \u00e7a mieux que moi\u00a0: Le microsillon\u00a0: Edwyn Collins \u2013 Losing Sleep (19 octobre 2010) Musicalement, \u00e7a se tient tout \u00e0 fait. \u00ab\u00a0Je connais des chanteurs qui n'ont pas fait d'AVC et qui\u2026","rel":"","context":"Dans &quot;Alive&quot;","block_context":{"text":"Alive","link":"https:\/\/www.wallendorff.com\/belogue\/category\/alive\/"},"img":{"alt_text":"","src":"https:\/\/i0.wp.com\/www.wallendorff.com\/belogue\/wp-content\/uploads\/2015\/04\/201011181.jpg?resize=350%2C200&ssl=1","width":350,"height":200,"srcset":"https:\/\/i0.wp.com\/www.wallendorff.com\/belogue\/wp-content\/uploads\/2015\/04\/201011181.jpg?resize=350%2C200&ssl=1 1x, https:\/\/i0.wp.com\/www.wallendorff.com\/belogue\/wp-content\/uploads\/2015\/04\/201011181.jpg?resize=525%2C300&ssl=1 1.5x, https:\/\/i0.wp.com\/www.wallendorff.com\/belogue\/wp-content\/uploads\/2015\/04\/201011181.jpg?resize=700%2C400&ssl=1 2x"},"classes":[]},{"id":32175,"url":"https:\/\/www.wallendorff.com\/belogue\/2016\/08\/23\/shooting-people-122\/","url_meta":{"origin":20441,"position":2},"title":"Shooting people #122.","author":"dpc","date":"23 ao\u00fbt 2016","format":false,"excerpt":"Rue Laferri\u00e8re, Paris, 5 juillet. S\u00e9rie ex\u00e9cut\u00e9e dans le cadre de cette interview-ci, par notre Louis Teyssedou national. On m'a convoqu\u00e9 au m\u00eame endroit que ce jour-l\u00e0. Je tombe sur lui d\u00e8s ma sortie du m\u00e9tro, en pleine session avec elle. Deux bises, une poign\u00e9e de main. Je les laisse\u2026","rel":"","context":"Dans &quot;Portraits&quot;","block_context":{"text":"Portraits","link":"https:\/\/www.wallendorff.com\/belogue\/category\/portraits\/"},"img":{"alt_text":"","src":"https:\/\/i0.wp.com\/www.wallendorff.com\/belogue\/wp-content\/uploads\/2016\/08\/20160823-05-1.jpg?resize=350%2C200&ssl=1","width":350,"height":200,"srcset":"https:\/\/i0.wp.com\/www.wallendorff.com\/belogue\/wp-content\/uploads\/2016\/08\/20160823-05-1.jpg?resize=350%2C200&ssl=1 1x, https:\/\/i0.wp.com\/www.wallendorff.com\/belogue\/wp-content\/uploads\/2016\/08\/20160823-05-1.jpg?resize=525%2C300&ssl=1 1.5x, https:\/\/i0.wp.com\/www.wallendorff.com\/belogue\/wp-content\/uploads\/2016\/08\/20160823-05-1.jpg?resize=700%2C400&ssl=1 2x"},"classes":[]},{"id":1119,"url":"https:\/\/www.wallendorff.com\/belogue\/2007\/12\/26\/ses-bourrins-sont-d-ge\/","url_meta":{"origin":20441,"position":3},"title":"Ses bourrins sont d&rsquo;\u00e2ge.","author":"dpc","date":"26 d\u00e9cembre 2007","format":false,"excerpt":"[Shooting People #20] Chambre 207, hotel Radisson, Liverpool, 18 octobre. \u00c7a n'a rien \u00e0 voir mais hier soir, ayant fra\u00eechement install\u00e9 ma platine vinyle et me jetant sur mon Vitalogy pour essayer parce que s'il faut commencer avec un titre, c'est bien avec un qui dit see this needle \/\u2026","rel":"","context":"Dans &quot;Portraits&quot;","block_context":{"text":"Portraits","link":"https:\/\/www.wallendorff.com\/belogue\/category\/portraits\/"},"img":{"alt_text":"","src":"https:\/\/i0.wp.com\/www.wallendorff.com\/belogue\/wp-content\/uploads\/2015\/04\/200712221.jpg?resize=350%2C200&ssl=1","width":350,"height":200},"classes":[]},{"id":10353,"url":"https:\/\/www.wallendorff.com\/belogue\/2010\/12\/04\/ilis-le-divan-du-monde-paris\/","url_meta":{"origin":20441,"position":4},"title":"iLiS @ le Divan du Monde, Paris.","author":"dpc","date":"4 d\u00e9cembre 2010","format":false,"excerpt":"Tyvek \u2013 4312","rel":"","context":"Dans &quot;Alive&quot;","block_context":{"text":"Alive","link":"https:\/\/www.wallendorff.com\/belogue\/category\/alive\/"},"img":{"alt_text":"","src":"https:\/\/i0.wp.com\/www.wallendorff.com\/belogue\/wp-content\/uploads\/2015\/04\/201012041.jpg?resize=350%2C200&ssl=1","width":350,"height":200,"srcset":"https:\/\/i0.wp.com\/www.wallendorff.com\/belogue\/wp-content\/uploads\/2015\/04\/201012041.jpg?resize=350%2C200&ssl=1 1x, https:\/\/i0.wp.com\/www.wallendorff.com\/belogue\/wp-content\/uploads\/2015\/04\/201012041.jpg?resize=525%2C300&ssl=1 1.5x, https:\/\/i0.wp.com\/www.wallendorff.com\/belogue\/wp-content\/uploads\/2015\/04\/201012041.jpg?resize=700%2C400&ssl=1 2x"},"classes":[]},{"id":1189,"url":"https:\/\/www.wallendorff.com\/belogue\/2008\/03\/26\/hell-is-in-wander-land-1-vois-lass-cro-mi\/","url_meta":{"origin":20441,"position":5},"title":"Hell is in Wander-land #1 \u2015 Vois lass\u00e9 cro-mi\u00b9.","author":"dpc","date":"26 mars 2008","format":false,"excerpt":"L'attente (all\u00e9gorie) Chambre 321, h\u00f4tel Sanderson, Londres, 18 f\u00e9vrier. \u00a0The Lemonheads \u2013 Luka (Suzanne Vega cover) _____ 1 Je capillotracte mes titres \u00e0 outrance si je veux, d'abord.","rel":"","context":"Dans &quot;DPC&quot;","block_context":{"text":"DPC","link":"https:\/\/www.wallendorff.com\/belogue\/category\/dpc\/"},"img":{"alt_text":"","src":"https:\/\/i0.wp.com\/www.wallendorff.com\/belogue\/wp-content\/uploads\/2015\/04\/200803261.jpg?resize=350%2C200&ssl=1","width":350,"height":200},"classes":[]}],"_links":{"self":[{"href":"https:\/\/www.wallendorff.com\/belogue\/wp-json\/wp\/v2\/posts\/20441","targetHints":{"allow":["GET"]}}],"collection":[{"href":"https:\/\/www.wallendorff.com\/belogue\/wp-json\/wp\/v2\/posts"}],"about":[{"href":"https:\/\/www.wallendorff.com\/belogue\/wp-json\/wp\/v2\/types\/post"}],"author":[{"embeddable":true,"href":"https:\/\/www.wallendorff.com\/belogue\/wp-json\/wp\/v2\/users\/1"}],"replies":[{"embeddable":true,"href":"https:\/\/www.wallendorff.com\/belogue\/wp-json\/wp\/v2\/comments?post=20441"}],"version-history":[{"count":19,"href":"https:\/\/www.wallendorff.com\/belogue\/wp-json\/wp\/v2\/posts\/20441\/revisions"}],"predecessor-version":[{"id":32174,"href":"https:\/\/www.wallendorff.com\/belogue\/wp-json\/wp\/v2\/posts\/20441\/revisions\/32174"}],"wp:featuredmedia":[{"embeddable":true,"href":"https:\/\/www.wallendorff.com\/belogue\/wp-json\/wp\/v2\/media\/26515"}],"wp:attachment":[{"href":"https:\/\/www.wallendorff.com\/belogue\/wp-json\/wp\/v2\/media?parent=20441"}],"wp:term":[{"taxonomy":"category","embeddable":true,"href":"https:\/\/www.wallendorff.com\/belogue\/wp-json\/wp\/v2\/categories?post=20441"},{"taxonomy":"post_tag","embeddable":true,"href":"https:\/\/www.wallendorff.com\/belogue\/wp-json\/wp\/v2\/tags?post=20441"}],"curies":[{"name":"wp","href":"https:\/\/api.w.org\/{rel}","templated":true}]}}