{"id":20388,"date":"2013-02-05T11:19:05","date_gmt":"2013-02-05T09:19:05","guid":{"rendered":"http:\/\/www.wallendorff.com\/?p=20388"},"modified":"2018-05-23T08:14:59","modified_gmt":"2018-05-23T06:14:59","slug":"what-would-you-say-if-you-had-to-leave-today","status":"publish","type":"post","link":"https:\/\/www.wallendorff.com\/belogue\/2013\/02\/05\/what-would-you-say-if-you-had-to-leave-today\/","title":{"rendered":"What would you say, if you had to leave today."},"content":{"rendered":"\n<div id=\"photo\">\n<p><img decoding=\"async\" src=\"https:\/\/www.wallendorff.com\/belogue\/photo\/2013\/02\/20130205.jpg\"><br \/>\nFaidherbe &#8211; Chaligny, Paris, 28 d&eacute;cembre 2012.<\/p>\n<\/p><\/div>\n<div id=\"bandeson\">\n<p><img decoding=\"async\" src=\"https:\/\/www.wallendorff.com\/belogue\/photo\/pochettes\/j\/junip-junip.jpg\" align=\"left\" \/><a style=\"font-weight:normal\" id=\"lienmp3\" href=\"http:\/\/www.youtube.com\/watch?v=9iBgxJQ4oqY\"><em>Line of Fire<\/em><\/a><br \/>\n<a href=\"http:\/\/www.junip.net\/\">Junip<\/a><\/p>\n<\/p><\/div>\n","protected":false},"excerpt":{"rendered":"<p>Faidherbe &#8211; Chaligny, Paris, 28 d&eacute;cembre 2012. Line of Fire Junip<\/p>\n","protected":false},"author":1,"featured_media":26508,"comment_status":"open","ping_status":"open","sticky":false,"template":"","format":"standard","meta":{"_acf_changed":false,"ngg_post_thumbnail":0,"jetpack_post_was_ever_published":false,"_jetpack_newsletter_access":"","_jetpack_dont_email_post_to_subs":false,"_jetpack_newsletter_tier_id":0,"_jetpack_memberships_contains_paywalled_content":false,"_jetpack_memberships_contains_paid_content":false,"footnotes":"","jetpack_publicize_message":"","jetpack_publicize_feature_enabled":true,"jetpack_social_post_already_shared":true,"jetpack_social_options":{"image_generator_settings":{"template":"highway","default_image_id":0,"font":"","enabled":false},"version":2}},"categories":[3],"tags":[10183,10271,10345,737,10842,2571,6766,7321,10120,10121,10448,10744,8264,10354,7322,7323,10119,10104,10098,1788],"class_list":["post-20388","post","type-post","status-publish","format-standard","has-post-thumbnail","hentry","category-dpc","tag-10183","tag-10271","tag-arbre","tag-bleu","tag-branche","tag-ef-16-35-mm-f28l-ii-usm","tag-eos-5d-mark-iii","tag-faidherbe-chaligny","tag-france","tag-ile-de-france","tag-jose-gonzalez","tag-junip","tag-junip-album","tag-ligne-8","tag-line-of-fire","tag-mat-dervaux","tag-metro","tag-panneau","tag-paris","tag-rue-du-faubourg-saint-antoine"],"acf":[],"geo":{"latitude":48.8503304,"longitude":2.3841431,"description":"Paris 11, \u00cele-de-France, 75551 CEDEX 11, FR"},"jetpack_publicize_connections":[],"jetpack_featured_media_url":"https:\/\/www.wallendorff.com\/belogue\/wp-content\/uploads\/2015\/04\/20130205.jpg","jetpack_shortlink":"https:\/\/wp.me\/p3b35P-5iQ","jetpack_sharing_enabled":true,"jetpack-related-posts":[{"id":20927,"url":"https:\/\/www.wallendorff.com\/belogue\/2013\/05\/15\/junip-barbarossa-le-trabendo-paris\/","url_meta":{"origin":20388,"position":0},"title":"Junip + Barbarossa @ le Trabendo, Paris.","author":"dpc","date":"15 mai 2013","format":false,"excerpt":"Jos\u00e9 Gonz\u00e1lez \u00e9tait d\u00e9j\u00e0 bon tout seul, il est encore meilleur en groupe. \u00c0 noter aussi la bonne d\u00e9couverte Barbarossa. Walking LightlyJunip Barbarossa \u00a0 Junip \u00a0","rel":"","context":"Dans &quot;Alive&quot;","block_context":{"text":"Alive","link":"https:\/\/www.wallendorff.com\/belogue\/category\/alive\/"},"img":{"alt_text":"","src":"https:\/\/i0.wp.com\/www.wallendorff.com\/belogue\/wp-content\/uploads\/2015\/04\/20130515.jpg?resize=350%2C200&ssl=1","width":350,"height":200,"srcset":"https:\/\/i0.wp.com\/www.wallendorff.com\/belogue\/wp-content\/uploads\/2015\/04\/20130515.jpg?resize=350%2C200&ssl=1 1x, https:\/\/i0.wp.com\/www.wallendorff.com\/belogue\/wp-content\/uploads\/2015\/04\/20130515.jpg?resize=525%2C300&ssl=1 1.5x, https:\/\/i0.wp.com\/www.wallendorff.com\/belogue\/wp-content\/uploads\/2015\/04\/20130515.jpg?resize=700%2C400&ssl=1 2x"},"classes":[]},{"id":7642,"url":"https:\/\/www.wallendorff.com\/belogue\/2010\/06\/06\/menomena-junip-la-fleche-dor-paris\/","url_meta":{"origin":20388,"position":1},"title":"Menomena + Junip @ la Fl\u00e8che d&rsquo;Or, Paris.","author":"dpc","date":"6 juin 2010","format":false,"excerpt":"\u00a0Junip \u2013 Far Away Junip Menomena","rel":"","context":"Dans &quot;Alive&quot;","block_context":{"text":"Alive","link":"https:\/\/www.wallendorff.com\/belogue\/category\/alive\/"},"img":{"alt_text":"","src":"https:\/\/i0.wp.com\/www.wallendorff.com\/belogue\/wp-content\/uploads\/2015\/04\/201006061.jpg?resize=350%2C200&ssl=1","width":350,"height":200,"srcset":"https:\/\/i0.wp.com\/www.wallendorff.com\/belogue\/wp-content\/uploads\/2015\/04\/201006061.jpg?resize=350%2C200&ssl=1 1x, https:\/\/i0.wp.com\/www.wallendorff.com\/belogue\/wp-content\/uploads\/2015\/04\/201006061.jpg?resize=525%2C300&ssl=1 1.5x, https:\/\/i0.wp.com\/www.wallendorff.com\/belogue\/wp-content\/uploads\/2015\/04\/201006061.jpg?resize=700%2C400&ssl=1 2x"},"classes":[]},{"id":21722,"url":"https:\/\/www.wallendorff.com\/belogue\/2013\/10\/04\/dos-aux-morts\/","url_meta":{"origin":20388,"position":2},"title":"Dos aux morts.","author":"dpc","date":"4 octobre 2013","format":false,"excerpt":"Cimeti\u00e8re du P\u00e8re-Lachaise, Paris, 16 ao\u00fbt. Walking LightlyJunip","rel":"","context":"Dans &quot;DPC&quot;","block_context":{"text":"DPC","link":"https:\/\/www.wallendorff.com\/belogue\/category\/dpc\/"},"img":{"alt_text":"","src":"https:\/\/i0.wp.com\/www.wallendorff.com\/belogue\/wp-content\/uploads\/2015\/04\/201310041.jpg?resize=350%2C200&ssl=1","width":350,"height":200},"classes":[]},{"id":20863,"url":"https:\/\/www.wallendorff.com\/belogue\/2013\/05\/07\/into-the-wide-8\/","url_meta":{"origin":20388,"position":3},"title":"Into the wide #8.","author":"dpc","date":"7 mai 2013","format":false,"excerpt":"Le Trianon, Paris, 16 mars. Il y avait eu un apr\u00e8s, voil\u00e0 un avant. Pris bien apr\u00e8s l'apr\u00e8s. Et de bien moins pr\u00e8s que l'apr\u00e8s, qui l'avait \u00e9t\u00e9 de l'avant. [Mais pas expr\u00e8s.] After All Is Said And DoneJunip","rel":"","context":"Dans &quot;Into the wide&quot;","block_context":{"text":"Into the wide","link":"https:\/\/www.wallendorff.com\/belogue\/category\/into-the-wide\/"},"img":{"alt_text":"","src":"https:\/\/i0.wp.com\/www.wallendorff.com\/belogue\/wp-content\/uploads\/2015\/04\/20130507.jpg?resize=350%2C200&ssl=1","width":350,"height":200,"srcset":"https:\/\/i0.wp.com\/www.wallendorff.com\/belogue\/wp-content\/uploads\/2015\/04\/20130507.jpg?resize=350%2C200&ssl=1 1x, https:\/\/i0.wp.com\/www.wallendorff.com\/belogue\/wp-content\/uploads\/2015\/04\/20130507.jpg?resize=525%2C300&ssl=1 1.5x, https:\/\/i0.wp.com\/www.wallendorff.com\/belogue\/wp-content\/uploads\/2015\/04\/20130507.jpg?resize=700%2C400&ssl=1 2x"},"classes":[]},{"id":12759,"url":"https:\/\/www.wallendorff.com\/belogue\/2011\/05\/16\/follow-v\/","url_meta":{"origin":20388,"position":4},"title":"Follow [V].","author":"dpc","date":"16 mai 2011","format":false,"excerpt":"Rue Lepic, Paris, 20 avril. \u00a0Junip \u2013 Nackrosdammen","rel":"","context":"Dans &quot;DPC&quot;","block_context":{"text":"DPC","link":"https:\/\/www.wallendorff.com\/belogue\/category\/dpc\/"},"img":{"alt_text":"","src":"https:\/\/i0.wp.com\/www.wallendorff.com\/belogue\/wp-content\/uploads\/2015\/04\/201105161.jpg?resize=350%2C200&ssl=1","width":350,"height":200},"classes":[]},{"id":14452,"url":"https:\/\/www.wallendorff.com\/belogue\/2011\/11\/14\/la-petite-boutique-des-horaires\/","url_meta":{"origin":20388,"position":5},"title":"La petite boutique des horaires.","author":"dpc","date":"14 novembre 2011","format":false,"excerpt":"Rue Ravignan, Paris, 30 ao\u00fbt. Junip \u2013 White Rain","rel":"","context":"Dans &quot;DPC&quot;","block_context":{"text":"DPC","link":"https:\/\/www.wallendorff.com\/belogue\/category\/dpc\/"},"img":{"alt_text":"","src":"https:\/\/i0.wp.com\/www.wallendorff.com\/belogue\/wp-content\/uploads\/2015\/04\/201111141.jpg?resize=350%2C200&ssl=1","width":350,"height":200,"srcset":"https:\/\/i0.wp.com\/www.wallendorff.com\/belogue\/wp-content\/uploads\/2015\/04\/201111141.jpg?resize=350%2C200&ssl=1 1x, https:\/\/i0.wp.com\/www.wallendorff.com\/belogue\/wp-content\/uploads\/2015\/04\/201111141.jpg?resize=525%2C300&ssl=1 1.5x"},"classes":[]}],"_links":{"self":[{"href":"https:\/\/www.wallendorff.com\/belogue\/wp-json\/wp\/v2\/posts\/20388","targetHints":{"allow":["GET"]}}],"collection":[{"href":"https:\/\/www.wallendorff.com\/belogue\/wp-json\/wp\/v2\/posts"}],"about":[{"href":"https:\/\/www.wallendorff.com\/belogue\/wp-json\/wp\/v2\/types\/post"}],"author":[{"embeddable":true,"href":"https:\/\/www.wallendorff.com\/belogue\/wp-json\/wp\/v2\/users\/1"}],"replies":[{"embeddable":true,"href":"https:\/\/www.wallendorff.com\/belogue\/wp-json\/wp\/v2\/comments?post=20388"}],"version-history":[{"count":6,"href":"https:\/\/www.wallendorff.com\/belogue\/wp-json\/wp\/v2\/posts\/20388\/revisions"}],"predecessor-version":[{"id":22261,"href":"https:\/\/www.wallendorff.com\/belogue\/wp-json\/wp\/v2\/posts\/20388\/revisions\/22261"}],"wp:featuredmedia":[{"embeddable":true,"href":"https:\/\/www.wallendorff.com\/belogue\/wp-json\/wp\/v2\/media\/26508"}],"wp:attachment":[{"href":"https:\/\/www.wallendorff.com\/belogue\/wp-json\/wp\/v2\/media?parent=20388"}],"wp:term":[{"taxonomy":"category","embeddable":true,"href":"https:\/\/www.wallendorff.com\/belogue\/wp-json\/wp\/v2\/categories?post=20388"},{"taxonomy":"post_tag","embeddable":true,"href":"https:\/\/www.wallendorff.com\/belogue\/wp-json\/wp\/v2\/tags?post=20388"}],"curies":[{"name":"wp","href":"https:\/\/api.w.org\/{rel}","templated":true}]}}