{"id":203,"date":"2006-01-13T00:18:31","date_gmt":"2006-01-13T00:18:31","guid":{"rendered":"http:\/\/www.po-l.com\/wordpress\/?p=203"},"modified":"2012-01-12T12:29:58","modified_gmt":"2012-01-12T10:29:58","slug":"the-more-you-miss-the-more-you-ll-kiss-2","status":"publish","type":"post","link":"https:\/\/www.wallendorff.com\/belogue\/2006\/01\/13\/the-more-you-miss-the-more-you-ll-kiss-2\/","title":{"rendered":"The more you miss, the more you&rsquo;ll kiss #2."},"content":{"rendered":"\n<div id=\"photo\">\n<p><img decoding=\"async\" src=\"http:\/\/www.po-L.com\/belogue\/photo\/2006\/01\/20060113.jpg\"\/><br \/>\n          Rue du Vivier, Metz, 27 mai 2005, 16h05.<\/p>\n<\/p><\/div>\n<p style=\"text-align:right\">J&rsquo;y ai pas mis les pieds depuis le 31 juillet dernier. Il y a 166 jours de cela. Un truc que j&rsquo;avais pas fait depuis 1997.<\/p>\n<p style=\"text-align:right\">Inutile de pr&eacute;ciser que l&agrave;, il me tarde un peu de sauter dans le train pour aller tenter mon nouveau record du plus grand nombre de potes-pas-vus-depuis-des-mois vus en un week-end.<\/p>\n<p style=\"text-align:right\">&ldquo;<em>I am a poor wayfaring stranger <br \/>\n        Travelling through this world alone<br \/>\n        There is no sickness, toil or danger<br \/>\n        In that fair land to which I go<\/em>&rdquo;<\/p>\n<p style=\"text-align:right\">[See you Monday.]<\/p>\n<div id=\"bandeson\">\n<p><img decoding=\"async\" src=\"https:\/\/www.wallendorff.com\/belogue\/photo\/pochettes\/b\/blanche-if_we_cant_trust_the_doctors.jpg\" align=\"left\" \/>&nbsp;<a href=\"http:\/\/www.blanchemusic.com\/\">Blanche<\/a> &ndash; <em>Wayfaring Stranger<\/em><\/p>\n<\/div>\n","protected":false},"excerpt":{"rendered":"<p>Rue du Vivier, Metz, 27 mai 2005, 16h05. J&rsquo;y ai pas mis les pieds depuis le 31 juillet dernier. Il y a 166 jours de cela. Un truc que j&rsquo;avais pas fait depuis 1997. Inutile de pr&eacute;ciser que l&agrave;, il me tarde un peu de sauter dans le train pour aller tenter mon nouveau record&hellip;<\/p>\n","protected":false},"author":1,"featured_media":24140,"comment_status":"open","ping_status":"open","sticky":false,"template":"","format":"standard","meta":{"_acf_changed":false,"ngg_post_thumbnail":0,"jetpack_post_was_ever_published":false,"_jetpack_newsletter_access":"","_jetpack_dont_email_post_to_subs":false,"_jetpack_newsletter_tier_id":0,"_jetpack_memberships_contains_paywalled_content":false,"_jetpack_memberships_contains_paid_content":false,"footnotes":"","jetpack_publicize_message":"","jetpack_publicize_feature_enabled":true,"jetpack_social_post_already_shared":false,"jetpack_social_options":{"image_generator_settings":{"template":"highway","default_image_id":0,"font":"","enabled":false},"version":2}},"categories":[3],"tags":[77,132,10120,10175,10173,10174,143,10305,432,173,1426],"class_list":["post-203","post","type-post","status-publish","format-standard","has-post-thumbnail","hentry","category-dpc","tag-blanche","tag-eos-20d","tag-france","tag-lorraine","tag-metz","tag-moselle","tag-noir-et-blanc","tag-porte","tag-rue-du-vivier","tag-sigma-28-70-mm-f28-dg-ex","tag-wayfaring-stranger"],"acf":[],"geo":{"latitude":49.1208382,"longitude":6.1754818,"description":"8 Rue du Vivier, 57000 Metz, France"},"jetpack_publicize_connections":[],"jetpack_featured_media_url":"https:\/\/www.wallendorff.com\/belogue\/wp-content\/uploads\/2015\/04\/200601131.jpg","jetpack_shortlink":"https:\/\/wp.me\/p3b35P-3h","jetpack_sharing_enabled":true,"jetpack-related-posts":[{"id":1042,"url":"https:\/\/www.wallendorff.com\/belogue\/2007\/09\/21\/auto-ping-pong-1\/","url_meta":{"origin":203,"position":0},"title":"Auto ping-pong #1.","author":"dpc","date":"21 septembre 2007","format":false,"excerpt":"Rue du Vivier, Metz, 8 septembre 2007. Rue du Vivier, Metz, 27 mai 2005. Outre le fait que les services techniques de Metz font mal leur boulot [je ne saurais d'ailleurs m\u00eame pas dire depuis quand cette inscription y est, je l'ai toujours connue ainsi], 3 observations fondamentales\u00a0: un 10-22\u2026","rel":"","context":"Dans &quot;DPC&quot;","block_context":{"text":"DPC","link":"https:\/\/www.wallendorff.com\/belogue\/category\/dpc\/"},"img":{"alt_text":"","src":"https:\/\/i0.wp.com\/www.wallendorff.com\/belogue\/wp-content\/uploads\/2015\/04\/200709211.jpg?resize=350%2C200&ssl=1","width":350,"height":200},"classes":[]},{"id":110,"url":"https:\/\/www.wallendorff.com\/belogue\/2006\/03\/28\/sehr-hand-zehn\/","url_meta":{"origin":203,"position":1},"title":"Sehr hand zehn.","author":"dpc","date":"28 mars 2006","format":false,"excerpt":"Rue du Vivier, Metz, 25 mars, 13h04. Et sinon, mon boulot, c'est du g\u00e2teau. [ah, ah, ah.] \u00a0Muse \u2013 Showbiz (live)","rel":"","context":"Dans &quot;DPC&quot;","block_context":{"text":"DPC","link":"https:\/\/www.wallendorff.com\/belogue\/category\/dpc\/"},"img":{"alt_text":"","src":"https:\/\/i0.wp.com\/www.wallendorff.com\/belogue\/wp-content\/uploads\/2015\/04\/200603291.jpg?resize=350%2C200&ssl=1","width":350,"height":200},"classes":[]},{"id":319,"url":"https:\/\/www.wallendorff.com\/belogue\/2005\/07\/11\/j-hante-en-hallus\/","url_meta":{"origin":203,"position":2},"title":"J&rsquo;hante en hallus.","author":"dpc","date":"11 juillet 2005","format":false,"excerpt":"Rue du Vivier, Metz, 27 mai. \"Lately I've wondered how many I's there are in mine\" \u00a0The Veils \u2013 The Nowhere Man","rel":"","context":"Dans &quot;DPC&quot;","block_context":{"text":"DPC","link":"https:\/\/www.wallendorff.com\/belogue\/category\/dpc\/"},"img":{"alt_text":"","src":"https:\/\/i0.wp.com\/www.wallendorff.com\/belogue\/wp-content\/uploads\/2015\/04\/200507111.jpg?resize=350%2C200&ssl=1","width":350,"height":200},"classes":[]},{"id":126836,"url":"https:\/\/www.wallendorff.com\/belogue\/2023\/12\/08\/metz-du-dimanche\/","url_meta":{"origin":203,"position":3},"title":"Metz du dimanche.","author":"dpc","date":"8 d\u00e9cembre 2023","format":false,"excerpt":"","rel":"","context":"Dans &quot;DPC&quot;","block_context":{"text":"DPC","link":"https:\/\/www.wallendorff.com\/belogue\/category\/dpc\/"},"img":{"alt_text":"","src":"https:\/\/i0.wp.com\/www.wallendorff.com\/belogue\/wp-content\/uploads\/2023\/12\/20231208-02.jpg?resize=350%2C200&ssl=1","width":350,"height":200,"srcset":"https:\/\/i0.wp.com\/www.wallendorff.com\/belogue\/wp-content\/uploads\/2023\/12\/20231208-02.jpg?resize=350%2C200&ssl=1 1x, https:\/\/i0.wp.com\/www.wallendorff.com\/belogue\/wp-content\/uploads\/2023\/12\/20231208-02.jpg?resize=525%2C300&ssl=1 1.5x, https:\/\/i0.wp.com\/www.wallendorff.com\/belogue\/wp-content\/uploads\/2023\/12\/20231208-02.jpg?resize=700%2C400&ssl=1 2x"},"classes":[]},{"id":119227,"url":"https:\/\/www.wallendorff.com\/belogue\/2023\/02\/17\/metz-noire\/","url_meta":{"origin":203,"position":4},"title":"Metz noire.","author":"dpc","date":"17 f\u00e9vrier 2023","format":false,"excerpt":"Place du Pont-des-Roches, 27 d\u00e9cembre 2022. Toute ressemblance avec la photo du 13 janvier 2014 tout \u00e7a tout \u00e7a.","rel":"","context":"Dans &quot;DPC&quot;","block_context":{"text":"DPC","link":"https:\/\/www.wallendorff.com\/belogue\/category\/dpc-en\/"},"img":{"alt_text":"","src":"https:\/\/i0.wp.com\/www.wallendorff.com\/belogue\/wp-content\/uploads\/2023\/02\/20230217.jpg?resize=350%2C200&ssl=1","width":350,"height":200,"srcset":"https:\/\/i0.wp.com\/www.wallendorff.com\/belogue\/wp-content\/uploads\/2023\/02\/20230217.jpg?resize=350%2C200&ssl=1 1x, https:\/\/i0.wp.com\/www.wallendorff.com\/belogue\/wp-content\/uploads\/2023\/02\/20230217.jpg?resize=525%2C300&ssl=1 1.5x, https:\/\/i0.wp.com\/www.wallendorff.com\/belogue\/wp-content\/uploads\/2023\/02\/20230217.jpg?resize=700%2C400&ssl=1 2x, https:\/\/i0.wp.com\/www.wallendorff.com\/belogue\/wp-content\/uploads\/2023\/02\/20230217.jpg?resize=1050%2C600&ssl=1 3x"},"classes":[]},{"id":134969,"url":"https:\/\/www.wallendorff.com\/belogue\/2025\/12\/31\/decembre-2025\/","url_meta":{"origin":203,"position":5},"title":"D\u00e9cembre 2025.","author":"dpc","date":"31 d\u00e9cembre 2025","format":false,"excerpt":"Des toilettes, un num\u00e9ro, une gare, une flaque, une averse, une r\u00e9p\u00e9tition, des balances, un concert, un train, une gare, un reflet, un quai, des balances, un miroir, un concert, des macarons, une boulangerie, une route, un sapin de No\u00ebl, un arbre au lever du soleil, une ruelle, des chats\u2026","rel":"","context":"Dans &quot;Blog-note&quot;","block_context":{"text":"Blog-note","link":"https:\/\/www.wallendorff.com\/belogue\/category\/blog-note\/"},"img":{"alt_text":"","src":"https:\/\/i0.wp.com\/www.wallendorff.com\/belogue\/wp-content\/uploads\/2026\/01\/20260109-51.jpg?resize=350%2C200&ssl=1","width":350,"height":200,"srcset":"https:\/\/i0.wp.com\/www.wallendorff.com\/belogue\/wp-content\/uploads\/2026\/01\/20260109-51.jpg?resize=350%2C200&ssl=1 1x, https:\/\/i0.wp.com\/www.wallendorff.com\/belogue\/wp-content\/uploads\/2026\/01\/20260109-51.jpg?resize=525%2C300&ssl=1 1.5x, https:\/\/i0.wp.com\/www.wallendorff.com\/belogue\/wp-content\/uploads\/2026\/01\/20260109-51.jpg?resize=700%2C400&ssl=1 2x, https:\/\/i0.wp.com\/www.wallendorff.com\/belogue\/wp-content\/uploads\/2026\/01\/20260109-51.jpg?resize=1050%2C600&ssl=1 3x"},"classes":[]}],"_links":{"self":[{"href":"https:\/\/www.wallendorff.com\/belogue\/wp-json\/wp\/v2\/posts\/203","targetHints":{"allow":["GET"]}}],"collection":[{"href":"https:\/\/www.wallendorff.com\/belogue\/wp-json\/wp\/v2\/posts"}],"about":[{"href":"https:\/\/www.wallendorff.com\/belogue\/wp-json\/wp\/v2\/types\/post"}],"author":[{"embeddable":true,"href":"https:\/\/www.wallendorff.com\/belogue\/wp-json\/wp\/v2\/users\/1"}],"replies":[{"embeddable":true,"href":"https:\/\/www.wallendorff.com\/belogue\/wp-json\/wp\/v2\/comments?post=203"}],"version-history":[{"count":2,"href":"https:\/\/www.wallendorff.com\/belogue\/wp-json\/wp\/v2\/posts\/203\/revisions"}],"predecessor-version":[{"id":15315,"href":"https:\/\/www.wallendorff.com\/belogue\/wp-json\/wp\/v2\/posts\/203\/revisions\/15315"}],"wp:featuredmedia":[{"embeddable":true,"href":"https:\/\/www.wallendorff.com\/belogue\/wp-json\/wp\/v2\/media\/24140"}],"wp:attachment":[{"href":"https:\/\/www.wallendorff.com\/belogue\/wp-json\/wp\/v2\/media?parent=203"}],"wp:term":[{"taxonomy":"category","embeddable":true,"href":"https:\/\/www.wallendorff.com\/belogue\/wp-json\/wp\/v2\/categories?post=203"},{"taxonomy":"post_tag","embeddable":true,"href":"https:\/\/www.wallendorff.com\/belogue\/wp-json\/wp\/v2\/tags?post=203"}],"curies":[{"name":"wp","href":"https:\/\/api.w.org\/{rel}","templated":true}]}}