{"id":20264,"date":"2006-05-02T18:35:58","date_gmt":"2006-05-02T16:35:58","guid":{"rendered":"http:\/\/www.wallendorff.com\/?p=20264"},"modified":"2013-01-26T18:36:36","modified_gmt":"2013-01-26T16:36:36","slug":"pearl-jam","status":"publish","type":"post","link":"https:\/\/www.wallendorff.com\/belogue\/2006\/05\/02\/pearl-jam\/","title":{"rendered":"Pearl Jam"},"content":{"rendered":"\n<div id=\"photo\">\n<p><img decoding=\"async\" src=\"https:\/\/www.wallendorff.com\/belogue\/photo\/2006\/05\/20060502-01.jpg\"><\/p>\n<\/p><\/div>\n<h3>Monkeywrench_50&rsquo;45&rdquo;_02\/05<\/h3>\n<p>Derniers  repr&eacute;sentants vivants du grunge, inclassables depuis 10 ans, Pearl  Jam ont pu survivre gr&acirc;ce au soutien sans faille d&rsquo;une base de  fans toujours fid&egrave;les au poste. Repartant de z&eacute;ro dans un  nouvel-ex-label (Sony, qu&rsquo;ils ont quitt&eacute; en 2004 pour RCA\/BMG,  fusionn&eacute; depuis&hellip; avec Sony), le gang de Seattle a intitul&eacute; son 8<sup>e<\/sup> album <em>Pearl  Jam<\/em> parce qu&rsquo;il repr&eacute;sente &agrave; son go&ucirc;t l&rsquo;essence m&ecirc;me de sa  musique. Cette essence, c&rsquo;est du super garanti sans plomb&nbsp;:  &ecirc;tre Pearl Jam en 2006, c&rsquo;est attaquer son album &agrave; fond de 5e sur <em>Life  Wasted<\/em>,  d&eacute;foncer les clous avec le single <em>Worldwide  Suicide<\/em> et cracher toute sa hargne dans un <em>Comatose<\/em> grandiose. La premi&egrave;re moiti&eacute; de <em>Pearl  Jam<\/em> est une ligne droite de 5 hits enflamm&eacute;s aux dents longues,  carburant sur les solos furieusement stratosph&eacute;riques de Mike  McReady, la batterie survolt&eacute;e de Matt Cameron et le chant enrag&eacute;  d&rsquo;un Eddie Vedder qu&rsquo;on sent sourire aux l&egrave;vres. Plus nonchalant  sur sa deuxi&egrave;me partie, &mdash;&nbsp;ormis  le d&eacute;jant&eacute; <em>Big  Wave<\/em>&nbsp;&mdash;  l&rsquo;album se termine sur un encha&icirc;nement de titres plus classiques,  calmes, moins surprenants mais efficaces, termin&eacute; par <em>Inside  Job<\/em>, ballade  d&eacute;pouill&eacute;e, intime comme une vir&eacute;e nocturne en solitaire,  s&rsquo;achevant en rock optimiste. D&eacute;complex&eacute;, allant de l&rsquo;avant, <em>Pearl  Jam<\/em> est tout simplement le Pearl Jam le plus r&eacute;jouissant depuis <em>Vitalogy<\/em>.<\/p>\n","protected":false},"excerpt":{"rendered":"<p>Monkeywrench_50&rsquo;45&rdquo;_02\/05 Derniers repr&eacute;sentants vivants du grunge, inclassables depuis 10 ans, Pearl Jam ont pu survivre gr&acirc;ce au soutien sans faille d&rsquo;une base de fans toujours fid&egrave;les au poste. Repartant de z&eacute;ro dans un nouvel-ex-label (Sony, qu&rsquo;ils ont quitt&eacute; en 2004 pour RCA\/BMG, fusionn&eacute; depuis&hellip; avec Sony), le gang de Seattle a intitul&eacute; son 8e album&hellip;<\/p>\n","protected":false},"author":1,"featured_media":26479,"comment_status":"open","ping_status":"open","sticky":false,"template":"","format":"standard","meta":{"_acf_changed":false,"ngg_post_thumbnail":0,"jetpack_post_was_ever_published":false,"_jetpack_newsletter_access":"","_jetpack_dont_email_post_to_subs":false,"_jetpack_newsletter_tier_id":0,"_jetpack_memberships_contains_paywalled_content":false,"_jetpack_memberships_contains_paid_content":false,"footnotes":"","jetpack_publicize_message":"","jetpack_publicize_feature_enabled":true,"jetpack_social_post_already_shared":true,"jetpack_social_options":{"image_generator_settings":{"template":"highway","default_image_id":0,"font":"","enabled":false},"version":2}},"categories":[7235],"tags":[10165,7245],"class_list":["post-20264","post","type-post","status-publish","format-standard","has-post-thumbnail","hentry","category-chroniques","tag-pearl-jam","tag-pearl-jam-album"],"acf":[],"geo":null,"jetpack_publicize_connections":[],"jetpack_featured_media_url":"https:\/\/www.wallendorff.com\/belogue\/wp-content\/uploads\/2015\/04\/20060502-011.jpg","jetpack_shortlink":"https:\/\/wp.me\/p3b35P-5gQ","jetpack_sharing_enabled":true,"jetpack-related-posts":[{"id":130999,"url":"https:\/\/www.wallendorff.com\/belogue\/2024\/11\/04\/pearl-jam-marlay-park-rathfarnham-x-slainte-dublin\/","url_meta":{"origin":20264,"position":0},"title":"Pearl Jam @ Marlay Park, Rathfarnham \u00d7 Sl\u00e1inte Dublin, 21 \u2013 23 juin 2024.","author":"dpc","date":"4 novembre 2024","format":false,"excerpt":"Release | Low Light | Elderly Woman Behind the Counter in a Small Town | Corduroy | Given to Fly | Scared of Fear | Eruption (Van Halen cover) (Mike McCready solo instrumental) | React, Respond | Wreckage | Wishlist | Even Flow | Dark Matter | Daughter \/ Give\u2026","rel":"","context":"Dans &quot;Alive&quot;","block_context":{"text":"Alive","link":"https:\/\/www.wallendorff.com\/belogue\/category\/alive\/"},"img":{"alt_text":"","src":"https:\/\/i0.wp.com\/www.wallendorff.com\/belogue\/wp-content\/uploads\/2024\/11\/20241104-24.jpg?resize=350%2C200&ssl=1","width":350,"height":200,"srcset":"https:\/\/i0.wp.com\/www.wallendorff.com\/belogue\/wp-content\/uploads\/2024\/11\/20241104-24.jpg?resize=350%2C200&ssl=1 1x, https:\/\/i0.wp.com\/www.wallendorff.com\/belogue\/wp-content\/uploads\/2024\/11\/20241104-24.jpg?resize=525%2C300&ssl=1 1.5x, https:\/\/i0.wp.com\/www.wallendorff.com\/belogue\/wp-content\/uploads\/2024\/11\/20241104-24.jpg?resize=700%2C400&ssl=1 2x, https:\/\/i0.wp.com\/www.wallendorff.com\/belogue\/wp-content\/uploads\/2024\/11\/20241104-24.jpg?resize=1050%2C600&ssl=1 3x"},"classes":[]},{"id":33335,"url":"https:\/\/www.wallendorff.com\/belogue\/2006\/09\/12\/pearl-jam-pop-bercy-paris\/","url_meta":{"origin":20264,"position":1},"title":"Pearl Jam @ POP Bercy, Paris.","author":"dpc","date":"12 septembre 2006","format":false,"excerpt":"Interstellar Overdrive | Corduroy | Animal | Save You | World Wide Suicide | Dissident | Unemployable | Marker in the Sand | Daughter \/ Another Brick in the Wall (Pink Floyd) | 1\/2 Full | Thumbing My Way | Even Flow | You Are | Love Boat Captain |\u2026","rel":"","context":"Dans &quot;Alive&quot;","block_context":{"text":"Alive","link":"https:\/\/www.wallendorff.com\/belogue\/category\/alive\/"},"img":{"alt_text":"","src":"https:\/\/i0.wp.com\/www.wallendorff.com\/belogue\/wp-content\/uploads\/2016\/12\/20061101.jpg?resize=350%2C200&ssl=1","width":350,"height":200},"classes":[]},{"id":158,"url":"https:\/\/www.wallendorff.com\/belogue\/2006\/05\/26\/slack-day-2\/","url_meta":{"origin":20264,"position":2},"title":"Slack Day #2.","author":"dpc","date":"26 mai 2006","format":false,"excerpt":"Rue sous Saint-Arnould, Metz, 20 mai. Y a du Pearl Jam dans ma bande-son, du sucre dans ma verveine, pas de poil dans ma cuisine, de la lumi\u00e8re dans mon lit, de l'abricot dans mes tartines, pas de trou dans mes chaussettes et surtout Eddie Vedder a de nouveau des\u2026","rel":"","context":"Dans &quot;DPC&quot;","block_context":{"text":"DPC","link":"https:\/\/www.wallendorff.com\/belogue\/category\/dpc\/"},"img":{"alt_text":"","src":"https:\/\/i0.wp.com\/www.wallendorff.com\/belogue\/wp-content\/uploads\/2015\/04\/200605261.jpg?resize=350%2C200&ssl=1","width":350,"height":200},"classes":[]},{"id":429,"url":"https:\/\/www.wallendorff.com\/belogue\/2005\/03\/26\/camps-des-labres\/","url_meta":{"origin":20264,"position":3},"title":"Camps des labres\u00b9.","author":"dpc","date":"26 mars 2005","format":false,"excerpt":"Le Louvre, Paris, 22 mars. \u00a0Pearl Jam \u2013 Better Man _____ 1 Bien s\u00fbr que si, \u00e7a existe, un labre. C'est un \u00ab\u00a0poisson marin \u00e0 dentition double et l\u00e8vres \u00e9paisses2, aux couleurs vives (en particulier le m\u00e2le), comestible mais peu estim\u00e9, vivant dans les eaux peu profondes des c\u00f4tes rocheuses.\u00a0\u00bb\u2026","rel":"","context":"Dans &quot;DPC&quot;","block_context":{"text":"DPC","link":"https:\/\/www.wallendorff.com\/belogue\/category\/dpc\/"},"img":{"alt_text":"","src":"https:\/\/i0.wp.com\/www.wallendorff.com\/belogue\/wp-content\/uploads\/2015\/04\/20050326-011.jpg?resize=350%2C200&ssl=1","width":350,"height":200},"classes":[]},{"id":5474,"url":"https:\/\/www.wallendorff.com\/belogue\/2009\/12\/29\/en-4\/","url_meta":{"origin":20264,"position":4},"title":"2009 en&#8230; #4.","author":"dpc","date":"29 d\u00e9cembre 2009","format":false,"excerpt":"et pr\u00e9sentent 2009 en 10 + 10 galettes Ou\u00a0: comment 2009 finit par \u00eatre presque aussi bien que 2007, musicalement causant. 10 | The Raveonettes \u2014 In and Out of Control Pr\u00e9sents dans mon top 10, oui. Comme quoi tout arrive. Les Raveonettes ont livr\u00e9 cette ann\u00e9e un album qui\u2026","rel":"","context":"Dans &quot;DPC&quot;","block_context":{"text":"DPC","link":"https:\/\/www.wallendorff.com\/belogue\/category\/dpc\/"},"img":{"alt_text":"","src":"https:\/\/i0.wp.com\/www.wallendorff.com\/belogue\/photo\/2009\/12\/kasabian-wrpla.jpg?resize=350%2C200","width":350,"height":200},"classes":[]},{"id":93,"url":"https:\/\/www.wallendorff.com\/belogue\/2006\/03\/05\/c-pas-sin-vedder\/","url_meta":{"origin":20264,"position":5},"title":"C&rsquo;pas sin Vedder\u00b9.","author":"dpc","date":"5 mars 2006","format":false,"excerpt":"Poste du Louvre, Paris, 20 f\u00e9vrier, 23h01. \u00catre rock en 2006, c'est rentrer du concert d'Hard Fi et trouver dans sa bo\u00eete mail ch\u00e9rie gr\u00e2ce \u00e0 un ami qui me veut du bien un enregistrement de la premi\u00e8re mondiale en radio du nouveau single de Pearl Jam, propos\u00e9 en t\u00e9l\u00e9chargement\u2026","rel":"","context":"Dans &quot;DPC&quot;","block_context":{"text":"DPC","link":"https:\/\/www.wallendorff.com\/belogue\/category\/dpc\/"},"img":{"alt_text":"","src":"https:\/\/i0.wp.com\/www.wallendorff.com\/belogue\/wp-content\/uploads\/2015\/04\/200603051.jpg?resize=350%2C200&ssl=1","width":350,"height":200},"classes":[]}],"_links":{"self":[{"href":"https:\/\/www.wallendorff.com\/belogue\/wp-json\/wp\/v2\/posts\/20264","targetHints":{"allow":["GET"]}}],"collection":[{"href":"https:\/\/www.wallendorff.com\/belogue\/wp-json\/wp\/v2\/posts"}],"about":[{"href":"https:\/\/www.wallendorff.com\/belogue\/wp-json\/wp\/v2\/types\/post"}],"author":[{"embeddable":true,"href":"https:\/\/www.wallendorff.com\/belogue\/wp-json\/wp\/v2\/users\/1"}],"replies":[{"embeddable":true,"href":"https:\/\/www.wallendorff.com\/belogue\/wp-json\/wp\/v2\/comments?post=20264"}],"version-history":[{"count":1,"href":"https:\/\/www.wallendorff.com\/belogue\/wp-json\/wp\/v2\/posts\/20264\/revisions"}],"predecessor-version":[{"id":20265,"href":"https:\/\/www.wallendorff.com\/belogue\/wp-json\/wp\/v2\/posts\/20264\/revisions\/20265"}],"wp:featuredmedia":[{"embeddable":true,"href":"https:\/\/www.wallendorff.com\/belogue\/wp-json\/wp\/v2\/media\/26479"}],"wp:attachment":[{"href":"https:\/\/www.wallendorff.com\/belogue\/wp-json\/wp\/v2\/media?parent=20264"}],"wp:term":[{"taxonomy":"category","embeddable":true,"href":"https:\/\/www.wallendorff.com\/belogue\/wp-json\/wp\/v2\/categories?post=20264"},{"taxonomy":"post_tag","embeddable":true,"href":"https:\/\/www.wallendorff.com\/belogue\/wp-json\/wp\/v2\/tags?post=20264"}],"curies":[{"name":"wp","href":"https:\/\/api.w.org\/{rel}","templated":true}]}}