{"id":20159,"date":"2013-01-22T12:53:30","date_gmt":"2013-01-22T10:53:30","guid":{"rendered":"http:\/\/www.wallendorff.com\/?p=20159"},"modified":"2018-05-23T08:06:59","modified_gmt":"2018-05-23T06:06:59","slug":"fond-de-tiroir-21","status":"publish","type":"post","link":"https:\/\/www.wallendorff.com\/belogue\/2013\/01\/22\/fond-de-tiroir-21\/","title":{"rendered":"Fond de tiroir #21."},"content":{"rendered":"\n<div id=\"photo\">\n<p><img decoding=\"async\" src=\"https:\/\/www.wallendorff.com\/belogue\/photo\/2013\/01\/20130122.jpg\"><br \/>\n        Paris, 5 ao&ucirc;t 2010.<\/p>\n<\/p><\/div>\n<p style=\"text-align:right\">Je l&rsquo;ai retrouv&eacute;e dans mes archives ce week-end. Je ne l&rsquo;avais pas publi&eacute;e &agrave; l&rsquo;&eacute;poque parce qu&rsquo;elle &eacute;tait trop proche de <a href=\"https:\/\/www.wallendorff.com\/belogue\/2010\/10\/06\/debout-sur-lepaule-de-geants\/\">celle-ci<\/a>.<\/p>\n<p style=\"text-align:right\">Alors qu&rsquo;apr&egrave;s tout, elles sont assez diff&eacute;rentes.<\/p>\n<p style=\"text-align:right\">Et puis &ccedil;a fait un pr&eacute;texte pour poster une autre version de <em>Gas Panic!<\/em>. <\/p>\n<div id=\"bandeson\">\n<p><img decoding=\"async\" src=\"https:\/\/www.wallendorff.com\/belogue\/photo\/pochettes\/o\/oasis-familiar_to_millions.jpg\" align=\"left\" \/> <a style=\"font-weight:normal\" id=\"lienmp3\" href=\"http:\/\/www.youtube.com\/watch?v=hubF0BYZCks\"><em>Gas Panic!<\/em> (live)<\/a><br \/>\n<a href=\"http:\/\/www.oasisinet.com\/\">Oasis<\/a><\/p>\n<\/p><\/div>\n","protected":false},"excerpt":{"rendered":"<p>Paris, 5 ao&ucirc;t 2010. Je l&rsquo;ai retrouv&eacute;e dans mes archives ce week-end. Je ne l&rsquo;avais pas publi&eacute;e &agrave; l&rsquo;&eacute;poque parce qu&rsquo;elle &eacute;tait trop proche de celle-ci. Alors qu&rsquo;apr&egrave;s tout, elles sont assez diff&eacute;rentes. Et puis &ccedil;a fait un pr&eacute;texte pour poster une autre version de Gas Panic!. Gas Panic! (live) Oasis<\/p>\n","protected":false},"author":1,"featured_media":26463,"comment_status":"open","ping_status":"open","sticky":false,"template":"","format":"standard","meta":{"_acf_changed":false,"ngg_post_thumbnail":0,"jetpack_post_was_ever_published":false,"_jetpack_newsletter_access":"","_jetpack_dont_email_post_to_subs":false,"_jetpack_newsletter_tier_id":0,"_jetpack_memberships_contains_paywalled_content":false,"_jetpack_memberships_contains_paid_content":false,"footnotes":"","jetpack_publicize_message":"","jetpack_publicize_feature_enabled":true,"jetpack_social_post_already_shared":true,"jetpack_social_options":{"image_generator_settings":{"template":"highway","default_image_id":0,"font":"","enabled":false},"version":2}},"categories":[3],"tags":[10235,10243,2571,2615,10144,10326,10120,2476,10121,10599,10147,408,2403,10098,10514,10592,10236,1357,10808],"class_list":["post-20159","post","type-post","status-publish","format-standard","has-post-thumbnail","hentry","category-dpc","tag-10235","tag-10243","tag-ef-16-35-mm-f28l-ii-usm","tag-eos-5d-mark-ii","tag-ciel","tag-crepuscule","tag-france","tag-gas-panic","tag-ile-de-france","tag-nuage","tag-nuit","tag-oasis","tag-panorama","tag-paris","tag-paysage","tag-pose-longue","tag-tour-eiffel","tag-tour-montparnasse","tag-ville"],"acf":[],"geo":{"latitude":48.8423653,"longitude":2.3215215,"description":"33 Avenue du Maine, 75015 Paris, France"},"jetpack_publicize_connections":[],"jetpack_featured_media_url":"https:\/\/www.wallendorff.com\/belogue\/wp-content\/uploads\/2015\/04\/201301222.jpg","jetpack_shortlink":"https:\/\/wp.me\/p3b35P-5f9","jetpack_sharing_enabled":true,"jetpack-related-posts":[{"id":9606,"url":"https:\/\/www.wallendorff.com\/belogue\/2010\/10\/06\/debout-sur-lepaule-de-geants\/","url_meta":{"origin":20159,"position":0},"title":"Debout sur l&rsquo;\u00e9paule de g\u00e9ants.","author":"dpc","date":"6 octobre 2010","format":false,"excerpt":"5 ao\u00fbt. Hadn\u2019t climbed to the top of Montparnasse for years, since this night of June, when\u2026 Well, you know when. \u00a0Oasis \u2013 Gas Panic!","rel":"","context":"Dans &quot;DPC&quot;","block_context":{"text":"DPC","link":"https:\/\/www.wallendorff.com\/belogue\/category\/dpc\/"},"img":{"alt_text":"","src":"https:\/\/i0.wp.com\/www.wallendorff.com\/belogue\/wp-content\/uploads\/2015\/04\/201010061.jpg?resize=350%2C200&ssl=1","width":350,"height":200,"srcset":"https:\/\/i0.wp.com\/www.wallendorff.com\/belogue\/wp-content\/uploads\/2015\/04\/201010061.jpg?resize=350%2C200&ssl=1 1x, https:\/\/i0.wp.com\/www.wallendorff.com\/belogue\/wp-content\/uploads\/2015\/04\/201010061.jpg?resize=525%2C300&ssl=1 1.5x, https:\/\/i0.wp.com\/www.wallendorff.com\/belogue\/wp-content\/uploads\/2015\/04\/201010061.jpg?resize=700%2C400&ssl=1 2x"},"classes":[]},{"id":1262,"url":"https:\/\/www.wallendorff.com\/belogue\/2008\/07\/03\/croix-sise-neuve-douce\/","url_meta":{"origin":20159,"position":1},"title":"Croix sise neuve douce\u00b9.","author":"dpc","date":"3 juillet 2008","format":false,"excerpt":"Quai des Clarisses, Annecy, 4 juin. \u00a0Oasis \u2013 Gas Panic! (live) _____ 1 Mais si y a une croix, cherchez bien.","rel":"","context":"Dans &quot;DPC&quot;","block_context":{"text":"DPC","link":"https:\/\/www.wallendorff.com\/belogue\/category\/dpc\/"},"img":{"alt_text":"","src":"https:\/\/i0.wp.com\/www.wallendorff.com\/belogue\/wp-content\/uploads\/2015\/04\/200807031.jpg?resize=350%2C200&ssl=1","width":350,"height":200},"classes":[]},{"id":27144,"url":"https:\/\/www.wallendorff.com\/belogue\/2015\/05\/04\/en-haut-iv\/","url_meta":{"origin":20159,"position":2},"title":"En haut [IV].","author":"dpc","date":"4 mai 2015","format":false,"excerpt":"Top of the Rock, New York, 11 mars. Cette minute o\u00f9 tu te retrouves plong\u00e9 en pleine pochette d'album. Gas Panic! Oasis","rel":"","context":"Dans &quot;DPC&quot;","block_context":{"text":"DPC","link":"https:\/\/www.wallendorff.com\/belogue\/category\/dpc\/"},"img":{"alt_text":"","src":"https:\/\/i0.wp.com\/www.wallendorff.com\/belogue\/wp-content\/uploads\/2015\/05\/20150504.jpg?resize=350%2C200&ssl=1","width":350,"height":200,"srcset":"https:\/\/i0.wp.com\/www.wallendorff.com\/belogue\/wp-content\/uploads\/2015\/05\/20150504.jpg?resize=350%2C200&ssl=1 1x, https:\/\/i0.wp.com\/www.wallendorff.com\/belogue\/wp-content\/uploads\/2015\/05\/20150504.jpg?resize=525%2C300&ssl=1 1.5x, https:\/\/i0.wp.com\/www.wallendorff.com\/belogue\/wp-content\/uploads\/2015\/05\/20150504.jpg?resize=700%2C400&ssl=1 2x"},"classes":[]},{"id":1102,"url":"https:\/\/www.wallendorff.com\/belogue\/2007\/12\/07\/the-coral-l-lyse-montmartre-paris\/","url_meta":{"origin":20159,"position":3},"title":"The Coral @ l&rsquo;\u00c9lys\u00e9e-Montmartre, Paris.","author":"dpc","date":"7 d\u00e9cembre 2007","format":false,"excerpt":"Je vous la fais rapide, parce que j'ai pas le temps\u00a0: Je mets une guitare pour une fois, parce que \u00e7a nous change des pieds. Oui, et \u00e7a nous change aussi du noir et blanc crasseux, oui. Ahah. The Coral est un bien chouette groupe, qui se transforme savamment en\u2026","rel":"","context":"Dans &quot;Alive&quot;","block_context":{"text":"Alive","link":"https:\/\/www.wallendorff.com\/belogue\/category\/alive\/"},"img":{"alt_text":"","src":"https:\/\/i0.wp.com\/www.wallendorff.com\/belogue\/wp-content\/uploads\/2015\/04\/200712071.jpg?resize=350%2C200&ssl=1","width":350,"height":200,"srcset":"https:\/\/i0.wp.com\/www.wallendorff.com\/belogue\/wp-content\/uploads\/2015\/04\/200712071.jpg?resize=350%2C200&ssl=1 1x, https:\/\/i0.wp.com\/www.wallendorff.com\/belogue\/wp-content\/uploads\/2015\/04\/200712071.jpg?resize=525%2C300&ssl=1 1.5x"},"classes":[]},{"id":3557,"url":"https:\/\/www.wallendorff.com\/belogue\/2008\/11\/05\/shooting-people-38\/","url_meta":{"origin":20159,"position":4},"title":"Shooting people #38.","author":"dpc","date":"5 novembre 2008","format":false,"excerpt":"Mus\u00e9e d'Orsay, Paris, 6 octobre. Ryan Adams \u2013 Wonderwall (Oasis cover) Je n'aurais jamais pens\u00e9 qu'un jour je me ferais annoncer le r\u00e9sultat de l'\u00e9lection pr\u00e9sidentielle ricaine le matin au r\u00e9veil par un chanteur de Nada Surf bourr\u00e9 \u00e0 la bi\u00e8re. [Je vous aurais bien mis le MP3 qui va\u2026","rel":"","context":"Dans &quot;Portraits&quot;","block_context":{"text":"Portraits","link":"https:\/\/www.wallendorff.com\/belogue\/category\/portraits\/"},"img":{"alt_text":"","src":"https:\/\/i0.wp.com\/www.wallendorff.com\/belogue\/wp-content\/uploads\/2015\/04\/200811051.jpg?resize=350%2C200&ssl=1","width":350,"height":200},"classes":[]},{"id":3469,"url":"https:\/\/www.wallendorff.com\/belogue\/2008\/10\/01\/begues-arts-banquette\/","url_meta":{"origin":20159,"position":5},"title":"B\u00e8gues arts-banquette.","author":"dpc","date":"1 octobre 2008","format":false,"excerpt":"Terminal 2E, a\u00e9roport Charles de Gaulle, 14 septembre. Oasis \u2013 To Be Where There's Life Je vais finir par l'\u00e9pouser, mon 10-22.","rel":"","context":"Dans &quot;DPC&quot;","block_context":{"text":"DPC","link":"https:\/\/www.wallendorff.com\/belogue\/category\/dpc\/"},"img":{"alt_text":"","src":"https:\/\/i0.wp.com\/www.wallendorff.com\/belogue\/wp-content\/uploads\/2015\/04\/200810011.jpg?resize=350%2C200&ssl=1","width":350,"height":200,"srcset":"https:\/\/i0.wp.com\/www.wallendorff.com\/belogue\/wp-content\/uploads\/2015\/04\/200810011.jpg?resize=350%2C200&ssl=1 1x, https:\/\/i0.wp.com\/www.wallendorff.com\/belogue\/wp-content\/uploads\/2015\/04\/200810011.jpg?resize=525%2C300&ssl=1 1.5x"},"classes":[]}],"_links":{"self":[{"href":"https:\/\/www.wallendorff.com\/belogue\/wp-json\/wp\/v2\/posts\/20159","targetHints":{"allow":["GET"]}}],"collection":[{"href":"https:\/\/www.wallendorff.com\/belogue\/wp-json\/wp\/v2\/posts"}],"about":[{"href":"https:\/\/www.wallendorff.com\/belogue\/wp-json\/wp\/v2\/types\/post"}],"author":[{"embeddable":true,"href":"https:\/\/www.wallendorff.com\/belogue\/wp-json\/wp\/v2\/users\/1"}],"replies":[{"embeddable":true,"href":"https:\/\/www.wallendorff.com\/belogue\/wp-json\/wp\/v2\/comments?post=20159"}],"version-history":[{"count":4,"href":"https:\/\/www.wallendorff.com\/belogue\/wp-json\/wp\/v2\/posts\/20159\/revisions"}],"predecessor-version":[{"id":20166,"href":"https:\/\/www.wallendorff.com\/belogue\/wp-json\/wp\/v2\/posts\/20159\/revisions\/20166"}],"wp:featuredmedia":[{"embeddable":true,"href":"https:\/\/www.wallendorff.com\/belogue\/wp-json\/wp\/v2\/media\/26463"}],"wp:attachment":[{"href":"https:\/\/www.wallendorff.com\/belogue\/wp-json\/wp\/v2\/media?parent=20159"}],"wp:term":[{"taxonomy":"category","embeddable":true,"href":"https:\/\/www.wallendorff.com\/belogue\/wp-json\/wp\/v2\/categories?post=20159"},{"taxonomy":"post_tag","embeddable":true,"href":"https:\/\/www.wallendorff.com\/belogue\/wp-json\/wp\/v2\/tags?post=20159"}],"curies":[{"name":"wp","href":"https:\/\/api.w.org\/{rel}","templated":true}]}}