{"id":201,"date":"2006-01-10T22:00:49","date_gmt":"2006-01-10T22:00:49","guid":{"rendered":"http:\/\/www.po-l.com\/wordpress\/?p=201"},"modified":"2012-01-10T10:34:30","modified_gmt":"2012-01-10T08:34:30","slug":"gros-rhume-dans-l-abri","status":"publish","type":"post","link":"https:\/\/www.wallendorff.com\/belogue\/2006\/01\/10\/gros-rhume-dans-l-abri\/","title":{"rendered":"Gros rhume dans l&rsquo;abri."},"content":{"rendered":"\n<div id=\"photo\">\n<p><img decoding=\"async\" src=\"http:\/\/www.po-L.com\/belogue\/photo\/2006\/01\/20060110.jpg\"\/><br \/>\n          Jardin des Tuileries, Paris, 5 janvier, 18h45.<\/p>\n<\/p><\/div>\n<p style=\"text-align:right\" >&ldquo;<em>Tin<br \/>\n        Tin tin tin<br \/>\n        Tin tin tin tin tiiiiiiiiiiin<\/em>&rdquo;<\/p>\n<p style=\"text-align:right\">[C&rsquo;est frustrant, de passer une heure &agrave; chercher des paroles et de ne pas les trouver.]<\/p>\n<div id=\"bandeson\">\n<p><img decoding=\"async\" src=\"https:\/\/www.wallendorff.com\/belogue\/photo\/pochettes\/w\/warlocks_the-phoenix.jpg\" align=\"left\" \/>&nbsp;<a href=\"http:\/\/www.thewarlocks.com\">The Warlocks<\/a> &ndash; <em>Inside Outside<\/em><\/p>\n<\/div>\n","protected":false},"excerpt":{"rendered":"<p>Jardin des Tuileries, Paris, 5 janvier, 18h45. &ldquo;Tin Tin tin tin Tin tin tin tin tiiiiiiiiiiin&rdquo; [C&rsquo;est frustrant, de passer une heure &agrave; chercher des paroles et de ne pas les trouver.] &nbsp;The Warlocks &ndash; Inside Outside<\/p>\n","protected":false},"author":1,"featured_media":24138,"comment_status":"open","ping_status":"open","sticky":false,"template":"","format":"standard","meta":{"_acf_changed":false,"ngg_post_thumbnail":0,"jetpack_post_was_ever_published":false,"_jetpack_newsletter_access":"","_jetpack_dont_email_post_to_subs":false,"_jetpack_newsletter_tier_id":0,"_jetpack_memberships_contains_paywalled_content":false,"_jetpack_memberships_contains_paid_content":false,"footnotes":"","jetpack_publicize_message":"","jetpack_publicize_feature_enabled":true,"jetpack_social_post_already_shared":false,"jetpack_social_options":{"image_generator_settings":{"template":"highway","default_image_id":0,"font":"","enabled":false},"version":2}},"categories":[3],"tags":[10182,10345,132,10246,10120,10121,1424,10299,143,10147,10098,173,813],"class_list":["post-201","post","type-post","status-publish","format-standard","has-post-thumbnail","hentry","category-dpc","tag-10182","tag-arbre","tag-eos-20d","tag-contre-jour","tag-france","tag-ile-de-france","tag-inside-outside","tag-jardin-des-tuileries","tag-noir-et-blanc","tag-nuit","tag-paris","tag-sigma-28-70-mm-f28-dg-ex","tag-the-warlocks"],"acf":[],"geo":{"latitude":48.8611984,"longitude":2.3297882,"description":null},"jetpack_publicize_connections":[],"jetpack_featured_media_url":"https:\/\/www.wallendorff.com\/belogue\/wp-content\/uploads\/2015\/04\/200601101.jpg","jetpack_shortlink":"https:\/\/wp.me\/p3b35P-3f","jetpack_sharing_enabled":true,"jetpack-related-posts":[{"id":14443,"url":"https:\/\/www.wallendorff.com\/belogue\/2011\/11\/10\/vites-et-bien\/","url_meta":{"origin":201,"position":0},"title":"V\u00eetes [et bien].","author":"dpc","date":"10 novembre 2011","format":false,"excerpt":"Jardin des Tuileries, Paris, 30 ao\u00fbt. Florence and the Machine \u2013 No Light, No Light [youtube]http:\/\/www.youtube.com\/watch?v=qOB3G6WeZrQ[\/youtube]","rel":"","context":"Dans &quot;DPC&quot;","block_context":{"text":"DPC","link":"https:\/\/www.wallendorff.com\/belogue\/category\/dpc\/"},"img":{"alt_text":"","src":"https:\/\/i0.wp.com\/www.wallendorff.com\/belogue\/wp-content\/uploads\/2015\/04\/201111101.jpg?resize=350%2C200&ssl=1","width":350,"height":200,"srcset":"https:\/\/i0.wp.com\/www.wallendorff.com\/belogue\/wp-content\/uploads\/2015\/04\/201111101.jpg?resize=350%2C200&ssl=1 1x, https:\/\/i0.wp.com\/www.wallendorff.com\/belogue\/wp-content\/uploads\/2015\/04\/201111101.jpg?resize=525%2C300&ssl=1 1.5x, https:\/\/i0.wp.com\/www.wallendorff.com\/belogue\/wp-content\/uploads\/2015\/04\/201111101.jpg?resize=700%2C400&ssl=1 2x"},"classes":[]},{"id":21625,"url":"https:\/\/www.wallendorff.com\/belogue\/2013\/09\/18\/into-the-wide-20\/","url_meta":{"origin":201,"position":1},"title":"Into the wide #20.","author":"dpc","date":"18 septembre 2013","format":false,"excerpt":"Jardin des Tuileries, Paris, 14 ao\u00fbt. The WireHaim","rel":"","context":"Dans &quot;Into the wide&quot;","block_context":{"text":"Into the wide","link":"https:\/\/www.wallendorff.com\/belogue\/category\/into-the-wide\/"},"img":{"alt_text":"","src":"https:\/\/i0.wp.com\/www.wallendorff.com\/belogue\/wp-content\/uploads\/2015\/04\/201309181.jpg?resize=350%2C200&ssl=1","width":350,"height":200,"srcset":"https:\/\/i0.wp.com\/www.wallendorff.com\/belogue\/wp-content\/uploads\/2015\/04\/201309181.jpg?resize=350%2C200&ssl=1 1x, https:\/\/i0.wp.com\/www.wallendorff.com\/belogue\/wp-content\/uploads\/2015\/04\/201309181.jpg?resize=525%2C300&ssl=1 1.5x, https:\/\/i0.wp.com\/www.wallendorff.com\/belogue\/wp-content\/uploads\/2015\/04\/201309181.jpg?resize=700%2C400&ssl=1 2x"},"classes":[]},{"id":174,"url":"https:\/\/www.wallendorff.com\/belogue\/2006\/06\/16\/all-is-quiet-now\/","url_meta":{"origin":201,"position":2},"title":"All is quiet now.","author":"dpc","date":"16 juin 2006","format":false,"excerpt":"Jardin des Tuileries, Paris, 5 juin. Je ne sais pas pourquoi \u00e7a remarche1, mais \u00e7a remarche. \u00a0Ben Kweller \u2013 Down _____ 1 Tout comme je ne sais pas pourquoi \u00e7a ne marchait plus, d'ailleurs.","rel":"","context":"Dans &quot;DPC&quot;","block_context":{"text":"DPC","link":"https:\/\/www.wallendorff.com\/belogue\/category\/dpc\/"},"img":{"alt_text":"","src":"https:\/\/i0.wp.com\/www.wallendorff.com\/belogue\/wp-content\/uploads\/2015\/04\/200606161.jpg?resize=350%2C200&ssl=1","width":350,"height":200},"classes":[]},{"id":21612,"url":"https:\/\/www.wallendorff.com\/belogue\/2013\/09\/17\/la-roue-quest-a-nu\/","url_meta":{"origin":201,"position":3},"title":"La roue [qu&rsquo;est \u00e0 nu].","author":"dpc","date":"17 septembre 2013","format":false,"excerpt":"Jardin des Tuileries, Paris, 14 ao\u00fbt. MercyTV on the Radio \u00a0","rel":"","context":"Dans &quot;DPC&quot;","block_context":{"text":"DPC","link":"https:\/\/www.wallendorff.com\/belogue\/category\/dpc\/"},"img":{"alt_text":"","src":"https:\/\/i0.wp.com\/www.wallendorff.com\/belogue\/wp-content\/uploads\/2015\/04\/201309171.jpg?resize=350%2C200&ssl=1","width":350,"height":200},"classes":[]},{"id":1274,"url":"https:\/\/www.wallendorff.com\/belogue\/2008\/07\/21\/et-lemans-terres-monts-kerouac-sonne\/","url_meta":{"origin":201,"position":4},"title":"Et L\u00e9mans, terres, monts&#8230; Kerouac sonne.","author":"dpc","date":"21 juillet 2008","format":false,"excerpt":"Jardin des Tuileries, Paris, 23 juin. Je r\u00eave d'un monde o\u00f9 il n'y aurait plus de fronti\u00e8re, o\u00f9 l'on fusionnerait tous les pays et o\u00f9 l'on mettrait en commun les jours f\u00e9ri\u00e9s du monde, ce qui me laisserait dormir ce matin en fredonnant une onirique Braban\u00e7onne. \u00a0 Jack White \u2013\u2026","rel":"","context":"Dans &quot;DPC&quot;","block_context":{"text":"DPC","link":"https:\/\/www.wallendorff.com\/belogue\/category\/dpc\/"},"img":{"alt_text":"","src":"https:\/\/i0.wp.com\/www.wallendorff.com\/belogue\/wp-content\/uploads\/2015\/04\/200807211.jpg?resize=350%2C200&ssl=1","width":350,"height":200},"classes":[]},{"id":882,"url":"https:\/\/www.wallendorff.com\/belogue\/2007\/01\/25\/shooting-people-8\/","url_meta":{"origin":201,"position":5},"title":"Shooting people #8.","author":"dpc","date":"25 janvier 2007","format":false,"excerpt":"Le Triptyque, Paris, 19 janvier. Tin tin tin tin tin1. \u00a0Pop Levi \u2013 Sugar Assault Me _____ 1 Milou, Milou.","rel":"","context":"Dans &quot;Portraits&quot;","block_context":{"text":"Portraits","link":"https:\/\/www.wallendorff.com\/belogue\/category\/portraits\/"},"img":{"alt_text":"","src":"https:\/\/i0.wp.com\/www.wallendorff.com\/belogue\/wp-content\/uploads\/2015\/04\/200701251.jpg?resize=350%2C200&ssl=1","width":350,"height":200,"srcset":"https:\/\/i0.wp.com\/www.wallendorff.com\/belogue\/wp-content\/uploads\/2015\/04\/200701251.jpg?resize=350%2C200&ssl=1 1x, https:\/\/i0.wp.com\/www.wallendorff.com\/belogue\/wp-content\/uploads\/2015\/04\/200701251.jpg?resize=525%2C300&ssl=1 1.5x, https:\/\/i0.wp.com\/www.wallendorff.com\/belogue\/wp-content\/uploads\/2015\/04\/200701251.jpg?resize=700%2C400&ssl=1 2x"},"classes":[]}],"_links":{"self":[{"href":"https:\/\/www.wallendorff.com\/belogue\/wp-json\/wp\/v2\/posts\/201","targetHints":{"allow":["GET"]}}],"collection":[{"href":"https:\/\/www.wallendorff.com\/belogue\/wp-json\/wp\/v2\/posts"}],"about":[{"href":"https:\/\/www.wallendorff.com\/belogue\/wp-json\/wp\/v2\/types\/post"}],"author":[{"embeddable":true,"href":"https:\/\/www.wallendorff.com\/belogue\/wp-json\/wp\/v2\/users\/1"}],"replies":[{"embeddable":true,"href":"https:\/\/www.wallendorff.com\/belogue\/wp-json\/wp\/v2\/comments?post=201"}],"version-history":[{"count":1,"href":"https:\/\/www.wallendorff.com\/belogue\/wp-json\/wp\/v2\/posts\/201\/revisions"}],"predecessor-version":[{"id":15284,"href":"https:\/\/www.wallendorff.com\/belogue\/wp-json\/wp\/v2\/posts\/201\/revisions\/15284"}],"wp:featuredmedia":[{"embeddable":true,"href":"https:\/\/www.wallendorff.com\/belogue\/wp-json\/wp\/v2\/media\/24138"}],"wp:attachment":[{"href":"https:\/\/www.wallendorff.com\/belogue\/wp-json\/wp\/v2\/media?parent=201"}],"wp:term":[{"taxonomy":"category","embeddable":true,"href":"https:\/\/www.wallendorff.com\/belogue\/wp-json\/wp\/v2\/categories?post=201"},{"taxonomy":"post_tag","embeddable":true,"href":"https:\/\/www.wallendorff.com\/belogue\/wp-json\/wp\/v2\/tags?post=201"}],"curies":[{"name":"wp","href":"https:\/\/api.w.org\/{rel}","templated":true}]}}