{"id":20055,"date":"2013-01-09T11:43:09","date_gmt":"2013-01-09T09:43:09","guid":{"rendered":"http:\/\/www.wallendorff.com\/?p=20055"},"modified":"2013-01-09T12:06:41","modified_gmt":"2013-01-09T10:06:41","slug":"pis-a-prismes-31","status":"publish","type":"post","link":"https:\/\/www.wallendorff.com\/belogue\/2013\/01\/09\/pis-a-prismes-31\/","title":{"rendered":"Pis \u00e0 prismes #31."},"content":{"rendered":"\n<div id=\"photo\">\n<p><img decoding=\"async\" src=\"https:\/\/www.wallendorff.com\/belogue\/photo\/2013\/01\/20130109.jpg\"><br \/>\n          Pont des Arts, Paris, 17 novembre 2012.<\/p>\n<\/p><\/div>\n<div id=\"bandeson\">\n<p><img decoding=\"async\" src=\"https:\/\/www.wallendorff.com\/belogue\/photo\/pochettes\/b\/black_rebel_motorcycle_club-howl.jpg\" align=\"left\" \/> <a style=\"font-weight:normal\" id=\"lienmp3\" href=\"http:\/\/www.youtube.com\/watch?v=ozR3x67meqM\"><em>Sympathetic Noose<\/em><\/a><br \/>\n<a href=\"http:\/\/www.blackrebelmotorcycleclub.com\/\">Black Rebel Motorcycle Club<\/a><\/p>\n<\/p><\/div>\n","protected":false},"excerpt":{"rendered":"<p>Pont des Arts, Paris, 17 novembre 2012. Sympathetic Noose Black Rebel Motorcycle Club<\/p>\n","protected":false},"author":1,"featured_media":26454,"comment_status":"open","ping_status":"open","sticky":false,"template":"","format":"standard","meta":{"_acf_changed":false,"ngg_post_thumbnail":0,"jetpack_post_was_ever_published":false,"_jetpack_newsletter_access":"","_jetpack_dont_email_post_to_subs":false,"_jetpack_newsletter_tier_id":0,"_jetpack_memberships_contains_paywalled_content":false,"_jetpack_memberships_contains_paid_content":false,"footnotes":"","jetpack_publicize_message":"","jetpack_publicize_feature_enabled":true,"jetpack_social_post_already_shared":true,"jetpack_social_options":{"image_generator_settings":{"template":"highway","default_image_id":0,"font":"","enabled":false},"version":2}},"categories":[13],"tags":[10250,10118,6766,10326,10484,10640,10120,7181,10121,10642,10098,10817,10368,7179,10287,7180,10256,10286,170,7182,10851,10236],"class_list":["post-20055","post","type-post","status-publish","format-standard","has-post-thumbnail","hentry","category-pis-a-prismes","tag-10250","tag-black-rebel-motorcycle-club","tag-eos-5d-mark-iii","tag-crepuscule","tag-eau","tag-fleuve","tag-france","tag-howl-album","tag-ile-de-france","tag-illuminations","tag-paris","tag-phare","tag-pont-des-arts","tag-pont-du-carrousel","tag-quai","tag-quai-malaquais","tag-rose","tag-seine","tag-sigma-70-300-mm-f4-56-dg-apo-macro","tag-sympathetic-noose","tag-tour","tag-tour-eiffel"],"acf":[],"geo":{"latitude":48.8585587,"longitude":2.337604,"description":"Pont des Arts, 75001 Paris, France"},"jetpack_publicize_connections":[],"jetpack_featured_media_url":"https:\/\/www.wallendorff.com\/belogue\/wp-content\/uploads\/2015\/04\/201301091.jpg","jetpack_shortlink":"https:\/\/wp.me\/p3b35P-5dt","jetpack_sharing_enabled":true,"jetpack-related-posts":[{"id":1208,"url":"https:\/\/www.wallendorff.com\/belogue\/2008\/04\/16\/pis-prismes-12\/","url_meta":{"origin":20055,"position":0},"title":"Pis \u00e0 prismes #12.","author":"dpc","date":"16 avril 2008","format":false,"excerpt":"Avenue de la Motte Picquet, Paris, 22 mars. BRMC Furia Sound 28 juin. \u00a0The Teenagers \u2013 Love No","rel":"","context":"Dans &quot;Pis \u00e0 prismes&quot;","block_context":{"text":"Pis \u00e0 prismes","link":"https:\/\/www.wallendorff.com\/belogue\/category\/pis-a-prismes\/"},"img":{"alt_text":"","src":"https:\/\/i0.wp.com\/www.wallendorff.com\/belogue\/wp-content\/uploads\/2015\/04\/200804161.jpg?resize=350%2C200&ssl=1","width":350,"height":200},"classes":[]},{"id":12288,"url":"https:\/\/www.wallendorff.com\/belogue\/2011\/02\/14\/pis-a-prismes-25\/","url_meta":{"origin":20055,"position":1},"title":"Pis \u00e0 prismes #25.","author":"dpc","date":"14 f\u00e9vrier 2011","format":false,"excerpt":"Pont de Bir-Hakeim, Paris, 8 janvier. \u00a0I Am Kloot \u2013 From Your Favourite Sky","rel":"","context":"Dans &quot;Pis \u00e0 prismes&quot;","block_context":{"text":"Pis \u00e0 prismes","link":"https:\/\/www.wallendorff.com\/belogue\/category\/pis-a-prismes\/"},"img":{"alt_text":"","src":"https:\/\/i0.wp.com\/www.wallendorff.com\/belogue\/wp-content\/uploads\/2015\/04\/201102141.jpg?resize=350%2C200&ssl=1","width":350,"height":200},"classes":[]},{"id":21448,"url":"https:\/\/www.wallendorff.com\/belogue\/2013\/08\/19\/into-the-wide-16-x-pis-a-prismes-33\/","url_meta":{"origin":20055,"position":2},"title":"Into the wide #16 \u00d7 Pis \u00e0 prismes #33.","author":"dpc","date":"19 ao\u00fbt 2013","format":false,"excerpt":"Pont de Bir-Hakeim, Paris, 10 juin. Du m\u00eame endroit que la fameuseTour Eiffel \u00e0 la fistule anale de Louis XIV. The West Ty Segall","rel":"","context":"Dans &quot;Into the wide&quot;","block_context":{"text":"Into the wide","link":"https:\/\/www.wallendorff.com\/belogue\/category\/into-the-wide\/"},"img":{"alt_text":"","src":"https:\/\/i0.wp.com\/www.wallendorff.com\/belogue\/wp-content\/uploads\/2015\/04\/201308191.jpg?resize=350%2C200&ssl=1","width":350,"height":200,"srcset":"https:\/\/i0.wp.com\/www.wallendorff.com\/belogue\/wp-content\/uploads\/2015\/04\/201308191.jpg?resize=350%2C200&ssl=1 1x, https:\/\/i0.wp.com\/www.wallendorff.com\/belogue\/wp-content\/uploads\/2015\/04\/201308191.jpg?resize=525%2C300&ssl=1 1.5x, https:\/\/i0.wp.com\/www.wallendorff.com\/belogue\/wp-content\/uploads\/2015\/04\/201308191.jpg?resize=700%2C400&ssl=1 2x"},"classes":[]},{"id":12285,"url":"https:\/\/www.wallendorff.com\/belogue\/2011\/02\/11\/pis-a-prismes-24\/","url_meta":{"origin":20055,"position":3},"title":"Pis \u00e0 prismes #24.","author":"dpc","date":"11 f\u00e9vrier 2011","format":false,"excerpt":"Pont de Bir-Hakeim, Paris, 8 janvier. Ou Tour Eiffel \u00e0 la fistule anale de Louis XIV. [Du fait que l'heure que je passai sur Photoshop \u00e0 nettoyer le sol de la dite photo fut \u00e9galement consacr\u00e9e \u00e0 l'\u00e9coute d'un reportage de St\u00e9phane Bern d\u00e9taillant cette croustillante anecdote et qu'en cons\u00e9quence,\u2026","rel":"","context":"Dans &quot;Pis \u00e0 prismes&quot;","block_context":{"text":"Pis \u00e0 prismes","link":"https:\/\/www.wallendorff.com\/belogue\/category\/pis-a-prismes\/"},"img":{"alt_text":"","src":"https:\/\/i0.wp.com\/www.wallendorff.com\/belogue\/wp-content\/uploads\/2015\/04\/20110211.jpg?resize=350%2C200&ssl=1","width":350,"height":200,"srcset":"https:\/\/i0.wp.com\/www.wallendorff.com\/belogue\/wp-content\/uploads\/2015\/04\/20110211.jpg?resize=350%2C200&ssl=1 1x, https:\/\/i0.wp.com\/www.wallendorff.com\/belogue\/wp-content\/uploads\/2015\/04\/20110211.jpg?resize=525%2C300&ssl=1 1.5x, https:\/\/i0.wp.com\/www.wallendorff.com\/belogue\/wp-content\/uploads\/2015\/04\/20110211.jpg?resize=700%2C400&ssl=1 2x"},"classes":[]},{"id":23337,"url":"https:\/\/www.wallendorff.com\/belogue\/2014\/08\/29\/into-the-wide-31-32-x-pis-a-prismes-37-38\/","url_meta":{"origin":20055,"position":4},"title":"Into the wide #31, 32 \u00d7 Pis \u00e0 prismes #37, 38.","author":"dpc","date":"29 ao\u00fbt 2014","format":false,"excerpt":"Passerelle Debilly, Paris, 14 juin. Passerelle Debilly, Paris, 14 juin. Passerelle parisienne pr\u00e9f\u00e9r\u00e9e. Break Your Heart The Gaslight Anthem","rel":"","context":"Dans &quot;Into the wide&quot;","block_context":{"text":"Into the wide","link":"https:\/\/www.wallendorff.com\/belogue\/category\/into-the-wide\/"},"img":{"alt_text":"","src":"https:\/\/i0.wp.com\/www.wallendorff.com\/belogue\/wp-content\/uploads\/2015\/04\/201408291.jpg?resize=350%2C200&ssl=1","width":350,"height":200,"srcset":"https:\/\/i0.wp.com\/www.wallendorff.com\/belogue\/wp-content\/uploads\/2015\/04\/201408291.jpg?resize=350%2C200&ssl=1 1x, https:\/\/i0.wp.com\/www.wallendorff.com\/belogue\/wp-content\/uploads\/2015\/04\/201408291.jpg?resize=525%2C300&ssl=1 1.5x, https:\/\/i0.wp.com\/www.wallendorff.com\/belogue\/wp-content\/uploads\/2015\/04\/201408291.jpg?resize=700%2C400&ssl=1 2x"},"classes":[]},{"id":12713,"url":"https:\/\/www.wallendorff.com\/belogue\/2011\/05\/05\/pis-a-prismes-27\/","url_meta":{"origin":20055,"position":5},"title":"Pis \u00e0 prismes #27.","author":"dpc","date":"5 mai 2011","format":false,"excerpt":"Passerelle Debilly, Paris, 16 avril. \u00a0The Raveonettes \u2014 War in Heaven","rel":"","context":"Dans &quot;DPC&quot;","block_context":{"text":"DPC","link":"https:\/\/www.wallendorff.com\/belogue\/category\/dpc\/"},"img":{"alt_text":"","src":"https:\/\/i0.wp.com\/www.wallendorff.com\/belogue\/wp-content\/uploads\/2015\/04\/201105051.jpg?resize=350%2C200&ssl=1","width":350,"height":200},"classes":[]}],"_links":{"self":[{"href":"https:\/\/www.wallendorff.com\/belogue\/wp-json\/wp\/v2\/posts\/20055","targetHints":{"allow":["GET"]}}],"collection":[{"href":"https:\/\/www.wallendorff.com\/belogue\/wp-json\/wp\/v2\/posts"}],"about":[{"href":"https:\/\/www.wallendorff.com\/belogue\/wp-json\/wp\/v2\/types\/post"}],"author":[{"embeddable":true,"href":"https:\/\/www.wallendorff.com\/belogue\/wp-json\/wp\/v2\/users\/1"}],"replies":[{"embeddable":true,"href":"https:\/\/www.wallendorff.com\/belogue\/wp-json\/wp\/v2\/comments?post=20055"}],"version-history":[{"count":7,"href":"https:\/\/www.wallendorff.com\/belogue\/wp-json\/wp\/v2\/posts\/20055\/revisions"}],"predecessor-version":[{"id":20072,"href":"https:\/\/www.wallendorff.com\/belogue\/wp-json\/wp\/v2\/posts\/20055\/revisions\/20072"}],"wp:featuredmedia":[{"embeddable":true,"href":"https:\/\/www.wallendorff.com\/belogue\/wp-json\/wp\/v2\/media\/26454"}],"wp:attachment":[{"href":"https:\/\/www.wallendorff.com\/belogue\/wp-json\/wp\/v2\/media?parent=20055"}],"wp:term":[{"taxonomy":"category","embeddable":true,"href":"https:\/\/www.wallendorff.com\/belogue\/wp-json\/wp\/v2\/categories?post=20055"},{"taxonomy":"post_tag","embeddable":true,"href":"https:\/\/www.wallendorff.com\/belogue\/wp-json\/wp\/v2\/tags?post=20055"}],"curies":[{"name":"wp","href":"https:\/\/api.w.org\/{rel}","templated":true}]}}