{"id":19996,"date":"2013-01-02T15:05:59","date_gmt":"2013-01-02T13:05:59","guid":{"rendered":"http:\/\/www.po-l.com\/belogue\/?p=19996"},"modified":"2013-01-07T15:25:03","modified_gmt":"2013-01-07T13:25:03","slug":"meuse-aux-potes-amis","status":"publish","type":"post","link":"https:\/\/www.wallendorff.com\/belogue\/2013\/01\/02\/meuse-aux-potes-amis\/","title":{"rendered":"Meuse aux potes amis."},"content":{"rendered":"\n<div id=\"photo\">\n<p><img decoding=\"async\" src=\"https:\/\/www.wallendorff.com\/belogue\/photo\/2013\/01\/20130102.jpg\"><br \/>\n          Givet, 3 novembre 2012.<\/p>\n<\/p><\/div>\n<div id=\"bandeson\">\n<p><img decoding=\"async\" src=\"https:\/\/www.wallendorff.com\/belogue\/photo\/pochettes\/a\/andrew&#038;the_north_american_grizzly-let_the_snow_fall.jpg\" align=\"left\"><a href=\"https:\/\/www.facebook.com\/pages\/Andrew-and-the-North-American-Grizzly\/154882007863359\">Andrew &amp; the North American Grizzly<\/a> &ndash; <em>Let the Snow Fall<\/em><br \/>\n    <iframe width=\"46\" height=\"23\" style=\"position: relative; display: block; width: 46px; height: 23px;\" src=\"http:\/\/bandcamp.com\/EmbeddedPlayer\/v=2\/track=4228792779\/size=short\/bgcol=FFFFFF\/linkcol=4285BB\/\" allowtransparency=\"true\" frameborder=\"0\"><\/iframe>\n<\/p>\n<\/p><\/div>\n","protected":false},"excerpt":{"rendered":"<p>Givet, 3 novembre 2012. Andrew &amp; the North American Grizzly &ndash; Let the Snow Fall<\/p>\n","protected":false},"author":1,"featured_media":26444,"comment_status":"open","ping_status":"open","sticky":false,"template":"","format":"standard","meta":{"_acf_changed":false,"ngg_post_thumbnail":0,"jetpack_post_was_ever_published":false,"_jetpack_newsletter_access":"","_jetpack_dont_email_post_to_subs":false,"_jetpack_newsletter_tier_id":0,"_jetpack_memberships_contains_paywalled_content":false,"_jetpack_memberships_contains_paid_content":false,"footnotes":"","jetpack_publicize_message":"","jetpack_publicize_feature_enabled":true,"jetpack_social_post_already_shared":true,"jetpack_social_options":{"image_generator_settings":{"template":"highway","default_image_id":0,"font":"","enabled":false},"version":2}},"categories":[3],"tags":[7116,10255,2571,6766,10254,10326,10484,6478,10640,6470,10120,10253,7117,10460],"class_list":["post-19996","post","type-post","status-publish","format-standard","has-post-thumbnail","hentry","category-dpc","tag-andrew-the-north-american-grizzly","tag-ardenne","tag-ef-16-35-mm-f28l-ii-usm","tag-eos-5d-mark-iii","tag-champagne-ardenne","tag-crepuscule","tag-eau","tag-eglise-saint-hilaire","tag-fleuve","tag-fort-de-charlemont","tag-france","tag-givet","tag-let-the-snow-fall","tag-meuse"],"acf":[],"geo":{"latitude":50.1375923,"longitude":4.8310928,"description":"Givet, Champagne-Ardenne, 08600, FR"},"jetpack_publicize_connections":[],"jetpack_featured_media_url":"https:\/\/www.wallendorff.com\/belogue\/wp-content\/uploads\/2015\/04\/201301021.jpg","jetpack_shortlink":"https:\/\/wp.me\/p3b35P-5cw","jetpack_sharing_enabled":true,"jetpack-related-posts":[{"id":135486,"url":"https:\/\/www.wallendorff.com\/belogue\/2026\/03\/11\/air-sur-meuse\/","url_meta":{"origin":19996,"position":0},"title":"Air sur Meuse.","author":"dpc","date":"11 mars 2026","format":false,"excerpt":"Givet, 24 d\u00e9cembre 2025.","rel":"","context":"Dans &quot;DPC&quot;","block_context":{"text":"DPC","link":"https:\/\/www.wallendorff.com\/belogue\/category\/dpc\/"},"img":{"alt_text":"","src":"https:\/\/i0.wp.com\/www.wallendorff.com\/belogue\/wp-content\/uploads\/2026\/03\/20260311.jpg?resize=350%2C200&ssl=1","width":350,"height":200,"srcset":"https:\/\/i0.wp.com\/www.wallendorff.com\/belogue\/wp-content\/uploads\/2026\/03\/20260311.jpg?resize=350%2C200&ssl=1 1x, https:\/\/i0.wp.com\/www.wallendorff.com\/belogue\/wp-content\/uploads\/2026\/03\/20260311.jpg?resize=525%2C300&ssl=1 1.5x, https:\/\/i0.wp.com\/www.wallendorff.com\/belogue\/wp-content\/uploads\/2026\/03\/20260311.jpg?resize=700%2C400&ssl=1 2x, https:\/\/i0.wp.com\/www.wallendorff.com\/belogue\/wp-content\/uploads\/2026\/03\/20260311.jpg?resize=1050%2C600&ssl=1 3x"},"classes":[]},{"id":18936,"url":"https:\/\/www.wallendorff.com\/belogue\/2012\/09\/10\/fort-de-meuse-tangue\/","url_meta":{"origin":19996,"position":1},"title":"Fort de Meuse tangue.","author":"dpc","date":"10 septembre 2012","format":false,"excerpt":"Givet, 14 juillet. Je n'aurai jamais mis que 31 ans \u00e0 la faire, cette photo-l\u00e01. Yppah \u2013 Film Burn (feat. Anomie Belle) _____ 1. C'est malheureux de la g\u00e2cher avec un titre aussi moisi, je sais.","rel":"","context":"Dans &quot;DPC&quot;","block_context":{"text":"DPC","link":"https:\/\/www.wallendorff.com\/belogue\/category\/dpc\/"},"img":{"alt_text":"","src":"https:\/\/i0.wp.com\/www.wallendorff.com\/belogue\/wp-content\/uploads\/2015\/04\/201209101.jpg?resize=350%2C200&ssl=1","width":350,"height":200,"srcset":"https:\/\/i0.wp.com\/www.wallendorff.com\/belogue\/wp-content\/uploads\/2015\/04\/201209101.jpg?resize=350%2C200&ssl=1 1x, https:\/\/i0.wp.com\/www.wallendorff.com\/belogue\/wp-content\/uploads\/2015\/04\/201209101.jpg?resize=525%2C300&ssl=1 1.5x, https:\/\/i0.wp.com\/www.wallendorff.com\/belogue\/wp-content\/uploads\/2015\/04\/201209101.jpg?resize=700%2C400&ssl=1 2x"},"classes":[]},{"id":4114,"url":"https:\/\/www.wallendorff.com\/belogue\/2009\/04\/03\/croit-croix-quacquis-collet-haut-quhulk-eut\/","url_meta":{"origin":19996,"position":2},"title":"Cro\u00eet croix qu&rsquo;acquis collet haut qu&rsquo;Hulk eut.","author":"dpc","date":"3 avril 2009","format":false,"excerpt":"Givet, 28 f\u00e9vrier. Arcade Fire \u2013 Windowsill","rel":"","context":"Dans &quot;DPC&quot;","block_context":{"text":"DPC","link":"https:\/\/www.wallendorff.com\/belogue\/category\/dpc\/"},"img":{"alt_text":"","src":"https:\/\/i0.wp.com\/www.wallendorff.com\/belogue\/wp-content\/uploads\/2015\/04\/200904031.jpg?resize=350%2C200&ssl=1","width":350,"height":200},"classes":[]},{"id":40722,"url":"https:\/\/www.wallendorff.com\/belogue\/2018\/12\/18\/into-the-wide-162\/","url_meta":{"origin":19996,"position":3},"title":"Into the wide #162.","author":"dpc","date":"18 d\u00e9cembre 2018","format":false,"excerpt":"Givet, 29 septembre 2018. Complications Interpol","rel":"","context":"Dans &quot;Into the wide&quot;","block_context":{"text":"Into the wide","link":"https:\/\/www.wallendorff.com\/belogue\/category\/into-the-wide\/"},"img":{"alt_text":"","src":"https:\/\/i0.wp.com\/www.wallendorff.com\/belogue\/wp-content\/uploads\/2018\/12\/20181218.jpg?resize=350%2C200&ssl=1","width":350,"height":200,"srcset":"https:\/\/i0.wp.com\/www.wallendorff.com\/belogue\/wp-content\/uploads\/2018\/12\/20181218.jpg?resize=350%2C200&ssl=1 1x, https:\/\/i0.wp.com\/www.wallendorff.com\/belogue\/wp-content\/uploads\/2018\/12\/20181218.jpg?resize=525%2C300&ssl=1 1.5x, https:\/\/i0.wp.com\/www.wallendorff.com\/belogue\/wp-content\/uploads\/2018\/12\/20181218.jpg?resize=700%2C400&ssl=1 2x, https:\/\/i0.wp.com\/www.wallendorff.com\/belogue\/wp-content\/uploads\/2018\/12\/20181218.jpg?resize=1050%2C600&ssl=1 3x"},"classes":[]},{"id":10360,"url":"https:\/\/www.wallendorff.com\/belogue\/2010\/12\/06\/someone-i-used-to-know\/","url_meta":{"origin":19996,"position":4},"title":"Someone I used to know.","author":"dpc","date":"6 d\u00e9cembre 2010","format":false,"excerpt":"Montigny-sur-Meuse, 5 d\u00e9cembre. Je ne me lasserai jamais de ces travers\u00e9es de champs de neige en TER avec le Postal Service. Jamais. The Postal Service \u2013 We Will Become Silhouettes","rel":"","context":"Dans &quot;DPC&quot;","block_context":{"text":"DPC","link":"https:\/\/www.wallendorff.com\/belogue\/category\/dpc\/"},"img":{"alt_text":"","src":"https:\/\/i0.wp.com\/www.wallendorff.com\/belogue\/wp-content\/uploads\/2015\/04\/201012061.jpg?resize=350%2C200&ssl=1","width":350,"height":200,"srcset":"https:\/\/i0.wp.com\/www.wallendorff.com\/belogue\/wp-content\/uploads\/2015\/04\/201012061.jpg?resize=350%2C200&ssl=1 1x, https:\/\/i0.wp.com\/www.wallendorff.com\/belogue\/wp-content\/uploads\/2015\/04\/201012061.jpg?resize=525%2C300&ssl=1 1.5x, https:\/\/i0.wp.com\/www.wallendorff.com\/belogue\/wp-content\/uploads\/2015\/04\/201012061.jpg?resize=700%2C400&ssl=1 2x"},"classes":[]},{"id":1278,"url":"https:\/\/www.wallendorff.com\/belogue\/2008\/07\/27\/the-rolling-stones-festi-meuse-vireux-wallerand\/","url_meta":{"origin":19996,"position":5},"title":"The Rolling Stones @ Festi&rsquo;Meuse, Vireux-Wallerand.","author":"dpc","date":"27 juillet 2008","format":false,"excerpt":"Mais si Keith Richards a \u00e9t\u00e9 remplac\u00e9 par Axl Rose et la guitare de Slash, qui est le roux qui promet des Chinese Democracy pour la fin de l'ann\u00e9e en s'enfilant des Dr. Pepper\u00a0?","rel":"","context":"Dans &quot;Alive&quot;","block_context":{"text":"Alive","link":"https:\/\/www.wallendorff.com\/belogue\/category\/alive\/"},"img":{"alt_text":"","src":"https:\/\/i0.wp.com\/www.wallendorff.com\/belogue\/wp-content\/uploads\/2015\/04\/200807271.jpg?resize=350%2C200&ssl=1","width":350,"height":200},"classes":[]}],"_links":{"self":[{"href":"https:\/\/www.wallendorff.com\/belogue\/wp-json\/wp\/v2\/posts\/19996","targetHints":{"allow":["GET"]}}],"collection":[{"href":"https:\/\/www.wallendorff.com\/belogue\/wp-json\/wp\/v2\/posts"}],"about":[{"href":"https:\/\/www.wallendorff.com\/belogue\/wp-json\/wp\/v2\/types\/post"}],"author":[{"embeddable":true,"href":"https:\/\/www.wallendorff.com\/belogue\/wp-json\/wp\/v2\/users\/1"}],"replies":[{"embeddable":true,"href":"https:\/\/www.wallendorff.com\/belogue\/wp-json\/wp\/v2\/comments?post=19996"}],"version-history":[{"count":5,"href":"https:\/\/www.wallendorff.com\/belogue\/wp-json\/wp\/v2\/posts\/19996\/revisions"}],"predecessor-version":[{"id":20046,"href":"https:\/\/www.wallendorff.com\/belogue\/wp-json\/wp\/v2\/posts\/19996\/revisions\/20046"}],"wp:featuredmedia":[{"embeddable":true,"href":"https:\/\/www.wallendorff.com\/belogue\/wp-json\/wp\/v2\/media\/26444"}],"wp:attachment":[{"href":"https:\/\/www.wallendorff.com\/belogue\/wp-json\/wp\/v2\/media?parent=19996"}],"wp:term":[{"taxonomy":"category","embeddable":true,"href":"https:\/\/www.wallendorff.com\/belogue\/wp-json\/wp\/v2\/categories?post=19996"},{"taxonomy":"post_tag","embeddable":true,"href":"https:\/\/www.wallendorff.com\/belogue\/wp-json\/wp\/v2\/tags?post=19996"}],"curies":[{"name":"wp","href":"https:\/\/api.w.org\/{rel}","templated":true}]}}