{"id":19827,"date":"2012-12-23T12:48:39","date_gmt":"2012-12-23T10:48:39","guid":{"rendered":"http:\/\/www.po-L.com\/belogue\/?p=19827"},"modified":"2013-03-05T13:02:21","modified_gmt":"2013-03-05T11:02:21","slug":"de-bleu-en-bleu","status":"publish","type":"post","link":"https:\/\/www.wallendorff.com\/belogue\/2012\/12\/23\/de-bleu-en-bleu\/","title":{"rendered":"De bleu [en bleu]."},"content":{"rendered":"\n<div id=\"photo\">\n<p><img decoding=\"async\" src=\"https:\/\/www.wallendorff.com\/belogue\/photo\/2012\/12\/20121223.jpg\"><br \/>\n          Paris, 1<sup>er<\/sup> novembre.<\/p>\n<\/p><\/div>\n<div id=\"bandeson\">\n<p><img decoding=\"async\" src=\"https:\/\/www.wallendorff.com\/belogue\/photo\/pochettes\/e\/editors-an_end_has_a_start.jpg\" align=\"left\" \/>&nbsp;<a href=\"http:\/\/www.editorsofficial.co.uk\/\">Editors<\/a> &ndash; <a style=\"font-weight:normal\" id=\"lienmp3\" href=\"http:\/\/www.youtube.com\/watch?v=lvkg_G2pHoM\"><em>Push Your Head Towards the Air<\/em><\/a><\/p>\n<\/p><\/div>\n","protected":false},"excerpt":{"rendered":"<p>Paris, 1er novembre. &nbsp;Editors &ndash; Push Your Head Towards the Air<\/p>\n","protected":false},"author":1,"featured_media":26440,"comment_status":"open","ping_status":"open","sticky":false,"template":"","format":"standard","meta":{"_acf_changed":false,"ngg_post_thumbnail":0,"jetpack_post_was_ever_published":false,"_jetpack_newsletter_access":"","_jetpack_dont_email_post_to_subs":false,"_jetpack_newsletter_tier_id":0,"_jetpack_memberships_contains_paywalled_content":false,"_jetpack_memberships_contains_paid_content":false,"footnotes":"","jetpack_publicize_message":"","jetpack_publicize_feature_enabled":true,"jetpack_social_post_already_shared":true,"jetpack_social_options":{"image_generator_settings":{"template":"highway","default_image_id":0,"font":"","enabled":false},"version":2}},"categories":[3],"tags":[10143,4571,737,6766,10144,10337,10120,10538,10121,10142,10599,10098,2463,7452,170],"class_list":["post-19827","post","type-post","status-publish","format-standard","has-post-thumbnail","hentry","category-dpc","tag-10143","tag-an-end-has-a-start-album","tag-bleu","tag-eos-5d-mark-iii","tag-ciel","tag-editors","tag-france","tag-gratte-ciel","tag-ile-de-france","tag-montmartre","tag-nuage","tag-paris","tag-push-your-head-towards-the-air","tag-rue-du-cardinal-dubois","tag-sigma-70-300-mm-f4-56-dg-apo-macro"],"acf":[],"geo":{"latitude":48.8858757,"longitude":2.3431818,"description":"Rue du Cardinal Dubois, 75018 Paris, France"},"jetpack_publicize_connections":[],"jetpack_featured_media_url":"https:\/\/www.wallendorff.com\/belogue\/wp-content\/uploads\/2015\/04\/201212231.jpg","jetpack_shortlink":"https:\/\/wp.me\/p3b35P-59N","jetpack_sharing_enabled":true,"jetpack-related-posts":[{"id":17330,"url":"https:\/\/www.wallendorff.com\/belogue\/2012\/05\/16\/copain-clopant\/","url_meta":{"origin":19827,"position":0},"title":"Copain clopant.","author":"dpc","date":"16 mai 2012","format":false,"excerpt":"Campus de Jussieu, Paris, 3 avril. Editors \u2013 Smokers Outside the Hospital Doors [youtube]http:\/\/www.youtube.com\/watch?v=xYxNXj2L24s[\/youtube]","rel":"","context":"Dans &quot;DPC&quot;","block_context":{"text":"DPC","link":"https:\/\/www.wallendorff.com\/belogue\/category\/dpc\/"},"img":{"alt_text":"","src":"https:\/\/i0.wp.com\/www.wallendorff.com\/belogue\/wp-content\/uploads\/2015\/04\/201205161.jpg?resize=350%2C200&ssl=1","width":350,"height":200},"classes":[]},{"id":45582,"url":"https:\/\/www.wallendorff.com\/belogue\/2020\/04\/30\/avril-2020\/","url_meta":{"origin":19827,"position":1},"title":"Avril 2020.","author":"dpc","date":"30 avril 2020","format":false,"excerpt":"Un ciel bleu, 360\u00b0 de salon, un chat pr\u00e9nomm\u00e9 Confinement, des volets, un ciel nuageux, un chat pr\u00e9nomm\u00e9 Confinement, un ciel n\u00e9buleux, un banc, une rue vide, une rue vide, une rue presque vide, une rue vide, une rue vide, un ciel bleu, un chat pr\u00e9nomm\u00e9 Confinement, un chat pr\u00e9nomm\u00e9\u2026","rel":"","context":"Dans &quot;Blog-note&quot;","block_context":{"text":"Blog-note","link":"https:\/\/www.wallendorff.com\/belogue\/category\/blog-note\/"},"img":{"alt_text":"","src":"https:\/\/i0.wp.com\/www.wallendorff.com\/belogue\/wp-content\/uploads\/2020\/05\/20200507-108.jpg?resize=350%2C200&ssl=1","width":350,"height":200,"srcset":"https:\/\/i0.wp.com\/www.wallendorff.com\/belogue\/wp-content\/uploads\/2020\/05\/20200507-108.jpg?resize=350%2C200&ssl=1 1x, https:\/\/i0.wp.com\/www.wallendorff.com\/belogue\/wp-content\/uploads\/2020\/05\/20200507-108.jpg?resize=525%2C300&ssl=1 1.5x, https:\/\/i0.wp.com\/www.wallendorff.com\/belogue\/wp-content\/uploads\/2020\/05\/20200507-108.jpg?resize=700%2C400&ssl=1 2x, https:\/\/i0.wp.com\/www.wallendorff.com\/belogue\/wp-content\/uploads\/2020\/05\/20200507-108.jpg?resize=1050%2C600&ssl=1 3x"},"classes":[]},{"id":195,"url":"https:\/\/www.wallendorff.com\/belogue\/2006\/01\/04\/l-uf-et-les-ufs-au-ciel\/","url_meta":{"origin":19827,"position":2},"title":"L&rsquo;&oelig;uf et les &oelig;ufs [au ciel].","author":"dpc","date":"4 janvier 2006","format":false,"excerpt":"Rue Oberkampf, Paris, 31 d\u00e9cembre 2005, 08h25. \"(You're staring at the sun) Oh my own voice Cannot save me now It's just (standing in the sea) One more breath And then I go down\" \u00a0TV on the Radio \u2013 Staring at the Sun","rel":"","context":"Dans &quot;DPC&quot;","block_context":{"text":"DPC","link":"https:\/\/www.wallendorff.com\/belogue\/category\/dpc\/"},"img":{"alt_text":"","src":"https:\/\/i0.wp.com\/www.wallendorff.com\/belogue\/wp-content\/uploads\/2015\/04\/200601041.jpg?resize=350%2C200&ssl=1","width":350,"height":200},"classes":[]},{"id":17279,"url":"https:\/\/www.wallendorff.com\/belogue\/2012\/05\/13\/plop-plop\/","url_meta":{"origin":19827,"position":3},"title":"Plop plop.","author":"dpc","date":"13 mai 2012","format":false,"excerpt":"Campus de Jussieu, Paris, 3 avril. Mark Lanegan Band \u2013 Quiver Syndrome [youtube]http:\/\/www.youtube.com\/watch?v=quR5478B4BU[\/youtube]","rel":"","context":"Dans &quot;DPC&quot;","block_context":{"text":"DPC","link":"https:\/\/www.wallendorff.com\/belogue\/category\/dpc\/"},"img":{"alt_text":"","src":"https:\/\/i0.wp.com\/www.wallendorff.com\/belogue\/wp-content\/uploads\/2015\/04\/201205131.jpg?resize=350%2C200&ssl=1","width":350,"height":200,"srcset":"https:\/\/i0.wp.com\/www.wallendorff.com\/belogue\/wp-content\/uploads\/2015\/04\/201205131.jpg?resize=350%2C200&ssl=1 1x, https:\/\/i0.wp.com\/www.wallendorff.com\/belogue\/wp-content\/uploads\/2015\/04\/201205131.jpg?resize=525%2C300&ssl=1 1.5x, https:\/\/i0.wp.com\/www.wallendorff.com\/belogue\/wp-content\/uploads\/2015\/04\/201205131.jpg?resize=700%2C400&ssl=1 2x"},"classes":[]},{"id":7835,"url":"https:\/\/www.wallendorff.com\/belogue\/2010\/07\/12\/le-preux-type-haut-nomme-en-morse\/","url_meta":{"origin":19827,"position":4},"title":"Le preux type haut nomme en morse.","author":"dpc","date":"12 juillet 2010","format":false,"excerpt":"Montparnasse, Paris, 5 juin. Manquent qu'un M, un C et un A et on aura une mortelle id\u00e9e de pochette, dis donc. \u00a0The Acorn \u2013 No Ghost","rel":"","context":"Dans &quot;DPC&quot;","block_context":{"text":"DPC","link":"https:\/\/www.wallendorff.com\/belogue\/category\/dpc\/"},"img":{"alt_text":"","src":"https:\/\/i0.wp.com\/www.wallendorff.com\/belogue\/wp-content\/uploads\/2015\/04\/201007121.jpg?resize=350%2C200&ssl=1","width":350,"height":200},"classes":[]},{"id":12713,"url":"https:\/\/www.wallendorff.com\/belogue\/2011\/05\/05\/pis-a-prismes-27\/","url_meta":{"origin":19827,"position":5},"title":"Pis \u00e0 prismes #27.","author":"dpc","date":"5 mai 2011","format":false,"excerpt":"Passerelle Debilly, Paris, 16 avril. \u00a0The Raveonettes \u2014 War in Heaven","rel":"","context":"Dans &quot;DPC&quot;","block_context":{"text":"DPC","link":"https:\/\/www.wallendorff.com\/belogue\/category\/dpc\/"},"img":{"alt_text":"","src":"https:\/\/i0.wp.com\/www.wallendorff.com\/belogue\/wp-content\/uploads\/2015\/04\/201105051.jpg?resize=350%2C200&ssl=1","width":350,"height":200},"classes":[]}],"_links":{"self":[{"href":"https:\/\/www.wallendorff.com\/belogue\/wp-json\/wp\/v2\/posts\/19827","targetHints":{"allow":["GET"]}}],"collection":[{"href":"https:\/\/www.wallendorff.com\/belogue\/wp-json\/wp\/v2\/posts"}],"about":[{"href":"https:\/\/www.wallendorff.com\/belogue\/wp-json\/wp\/v2\/types\/post"}],"author":[{"embeddable":true,"href":"https:\/\/www.wallendorff.com\/belogue\/wp-json\/wp\/v2\/users\/1"}],"replies":[{"embeddable":true,"href":"https:\/\/www.wallendorff.com\/belogue\/wp-json\/wp\/v2\/comments?post=19827"}],"version-history":[{"count":4,"href":"https:\/\/www.wallendorff.com\/belogue\/wp-json\/wp\/v2\/posts\/19827\/revisions"}],"predecessor-version":[{"id":20548,"href":"https:\/\/www.wallendorff.com\/belogue\/wp-json\/wp\/v2\/posts\/19827\/revisions\/20548"}],"wp:featuredmedia":[{"embeddable":true,"href":"https:\/\/www.wallendorff.com\/belogue\/wp-json\/wp\/v2\/media\/26440"}],"wp:attachment":[{"href":"https:\/\/www.wallendorff.com\/belogue\/wp-json\/wp\/v2\/media?parent=19827"}],"wp:term":[{"taxonomy":"category","embeddable":true,"href":"https:\/\/www.wallendorff.com\/belogue\/wp-json\/wp\/v2\/categories?post=19827"},{"taxonomy":"post_tag","embeddable":true,"href":"https:\/\/www.wallendorff.com\/belogue\/wp-json\/wp\/v2\/tags?post=19827"}],"curies":[{"name":"wp","href":"https:\/\/api.w.org\/{rel}","templated":true}]}}