{"id":19806,"date":"2012-12-20T11:53:50","date_gmt":"2012-12-20T09:53:50","guid":{"rendered":"http:\/\/www.po-L.com\/belogue\/?p=19806"},"modified":"2014-09-17T16:12:52","modified_gmt":"2014-09-17T14:12:52","slug":"tu-hisses-trois-cintres-au-pied","status":"publish","type":"post","link":"https:\/\/www.wallendorff.com\/belogue\/2012\/12\/20\/tu-hisses-trois-cintres-au-pied\/","title":{"rendered":"Tu hisses trois cintres au pied."},"content":{"rendered":"\n<div id=\"photo\">\n<p><img decoding=\"async\" src=\"https:\/\/www.wallendorff.com\/belogue\/photo\/2012\/12\/20121220.jpg\"><br \/>\nBiblioth&egrave;que Nationale de France, Paris, 16 septembre.<\/p>\n<\/p><\/div>\n<p style=\"text-align:right\">[On avait <a href=\"https:\/\/www.wallendorff.com\/belogue\/2010\/03\/15\/helice-in-wonderland\/\">dit<\/a><br \/>\n   et <a href=\"https:\/\/www.wallendorff.com\/belogue\/2010\/03\/23\/will-i-follow-you-down-the-line\/\">redit<\/a><br \/> et <a href=\"https:\/\/www.wallendorff.com\/belogue\/2010\/06\/11\/seize-chiants-choix-sentent-quatres\/\">reredit<\/a><br \/> et <a href=\"https:\/\/www.wallendorff.com\/belogue\/2010\/11\/23\/de-pire-en-spires\/\">rereredit<\/a><br \/> et <a href=\"https:\/\/www.wallendorff.com\/belogue\/2010\/11\/28\/du-hall-denomme\/\">rerereredit<\/a><br \/>\n   et <a href=\"https:\/\/www.wallendorff.com\/belogue\/2011\/11\/22\/dhaut-rez-mis-facile-a-sol\/\">rererereredit<\/a><br \/>\nqu&rsquo;il fallait que j&rsquo;arr&ecirc;te avec les escaliers vides.]<\/p>\n<div id=\"bandeson\">\n<p><img decoding=\"async\" src=\"https:\/\/www.wallendorff.com\/belogue\/photo\/pochettes\/m\/metz-metz.jpg\" align=\"left\" \/>&nbsp;<a href=\"http:\/\/www.metzztem.com\">METZ<\/a> &ndash; <a style=\"font-weight:normal\" id=\"lienmp3\" href=\"http:\/\/www.youtube.com\/watch?v=ZNxVxzLnYBQ\"><em>Wet Blanket<\/em><\/a><\/p>\n<\/p><\/div>\n","protected":false},"excerpt":{"rendered":"<p>Biblioth&egrave;que Nationale de France, Paris, 16 septembre. [On avait dit et redit et reredit et rereredit et rerereredit et rererereredit qu&rsquo;il fallait que j&rsquo;arr&ecirc;te avec les escaliers vides.] &nbsp;METZ &ndash; Wet Blanket<\/p>\n","protected":false},"author":1,"featured_media":26435,"comment_status":"open","ping_status":"open","sticky":false,"template":"","format":"standard","meta":{"_acf_changed":false,"ngg_post_thumbnail":0,"jetpack_post_was_ever_published":false,"_jetpack_newsletter_access":"","_jetpack_dont_email_post_to_subs":false,"_jetpack_newsletter_tier_id":0,"_jetpack_memberships_contains_paywalled_content":false,"_jetpack_memberships_contains_paid_content":false,"footnotes":"","jetpack_publicize_message":"","jetpack_publicize_feature_enabled":true,"jetpack_social_post_already_shared":true,"jetpack_social_options":{"image_generator_settings":{"template":"highway","default_image_id":0,"font":"","enabled":false},"version":2}},"categories":[3],"tags":[10251,10597,7071,10500,10210,10120,10121,11111,10098,7072,10638,7073,10674,7111],"class_list":["post-19806","post","type-post","status-publish","format-standard","has-post-thumbnail","hentry","category-dpc","tag-10251","tag-bibliotheque","tag-bibliotheque-nationale-de-france-2","tag-contre-plongee","tag-escalier","tag-france","tag-ile-de-france","tag-metz-groupe","tag-paris","tag-quadrilatere-richelieu","tag-rampe","tag-rue-de-richelieu","tag-spirale","tag-wet-blanket"],"acf":[],"geo":{"latitude":48.868,"longitude":2.3388004,"description":"2-12 Rue Colbert, 75002 Paris, France"},"jetpack_publicize_connections":[],"jetpack_featured_media_url":"https:\/\/www.wallendorff.com\/belogue\/wp-content\/uploads\/2015\/04\/201212201.jpg","jetpack_shortlink":"https:\/\/wp.me\/p3b35P-59s","jetpack_sharing_enabled":true,"jetpack-related-posts":[{"id":23906,"url":"https:\/\/www.wallendorff.com\/belogue\/2015\/03\/24\/into-the-wide-40\/","url_meta":{"origin":19806,"position":0},"title":"Into the wide #42.","author":"dpc","date":"24 mars 2015","format":false,"excerpt":"Tr\u00e8s grosse biblioth\u00e8que, Paris, 8 f\u00e9vrier. En plus grand sur 500px, si jamais. River Lea Nick Mulvey","rel":"","context":"Dans &quot;Into the wide&quot;","block_context":{"text":"Into the wide","link":"https:\/\/www.wallendorff.com\/belogue\/category\/into-the-wide\/"},"img":{"alt_text":"","src":"https:\/\/i0.wp.com\/www.wallendorff.com\/belogue\/wp-content\/uploads\/2015\/04\/201503241.jpg?resize=350%2C200&ssl=1","width":350,"height":200,"srcset":"https:\/\/i0.wp.com\/www.wallendorff.com\/belogue\/wp-content\/uploads\/2015\/04\/201503241.jpg?resize=350%2C200&ssl=1 1x, https:\/\/i0.wp.com\/www.wallendorff.com\/belogue\/wp-content\/uploads\/2015\/04\/201503241.jpg?resize=525%2C300&ssl=1 1.5x, https:\/\/i0.wp.com\/www.wallendorff.com\/belogue\/wp-content\/uploads\/2015\/04\/201503241.jpg?resize=700%2C400&ssl=1 2x, https:\/\/i0.wp.com\/www.wallendorff.com\/belogue\/wp-content\/uploads\/2015\/04\/201503241.jpg?resize=1050%2C600&ssl=1 3x"},"classes":[]},{"id":133768,"url":"https:\/\/www.wallendorff.com\/belogue\/2025\/09\/09\/into-the-wide-293-296\/","url_meta":{"origin":19806,"position":1},"title":"Into the wide #293 \u2013 296.","author":"dpc","date":"9 septembre 2025","format":false,"excerpt":"Biblioth\u00e8que de l'Assembl\u00e9e nationale, Paris, 5 mai 2025.","rel":"","context":"Dans &quot;DPC&quot;","block_context":{"text":"DPC","link":"https:\/\/www.wallendorff.com\/belogue\/category\/dpc\/"},"img":{"alt_text":"","src":"https:\/\/i0.wp.com\/www.wallendorff.com\/belogue\/wp-content\/uploads\/2025\/09\/20250909-01.jpg?resize=350%2C200&ssl=1","width":350,"height":200,"srcset":"https:\/\/i0.wp.com\/www.wallendorff.com\/belogue\/wp-content\/uploads\/2025\/09\/20250909-01.jpg?resize=350%2C200&ssl=1 1x, https:\/\/i0.wp.com\/www.wallendorff.com\/belogue\/wp-content\/uploads\/2025\/09\/20250909-01.jpg?resize=525%2C300&ssl=1 1.5x, https:\/\/i0.wp.com\/www.wallendorff.com\/belogue\/wp-content\/uploads\/2025\/09\/20250909-01.jpg?resize=700%2C400&ssl=1 2x, https:\/\/i0.wp.com\/www.wallendorff.com\/belogue\/wp-content\/uploads\/2025\/09\/20250909-01.jpg?resize=1050%2C600&ssl=1 3x"},"classes":[]},{"id":10157,"url":"https:\/\/www.wallendorff.com\/belogue\/2010\/12\/01\/tomes-egeries\/","url_meta":{"origin":19806,"position":2},"title":"Tomes-\u00e9g\u00e9ries.","author":"dpc","date":"1 d\u00e9cembre 2010","format":false,"excerpt":"Biblioth\u00e8que des Amis de l'Instruction, Paris, 18 septembre. La biblioth\u00e8que des Amis de l'Instruction, \u00e9quivalent francophone de Shakespeare & Co., \u00e0 part qu'on n'y vend rien et qu'on ne peut y entrer tous les jours, mais vaut tout autant le d\u00e9tour. Si vous le pouvez, allez-y. The Head and the\u2026","rel":"","context":"Dans &quot;DPC&quot;","block_context":{"text":"DPC","link":"https:\/\/www.wallendorff.com\/belogue\/category\/dpc\/"},"img":{"alt_text":"","src":"https:\/\/i0.wp.com\/www.wallendorff.com\/belogue\/wp-content\/uploads\/2015\/04\/201012011.jpg?resize=350%2C200&ssl=1","width":350,"height":200},"classes":[]},{"id":21549,"url":"https:\/\/www.wallendorff.com\/belogue\/2013\/09\/05\/et-degres-a-la-flane\/","url_meta":{"origin":19806,"position":3},"title":"Et degr\u00e9s \u00e0 la fl\u00e2ne.","author":"dpc","date":"5 septembre 2013","format":false,"excerpt":"Tr\u00e8s Grosse Biblioth\u00e8que, Paris, 17 juillet. La pr\u00e9quelle de celle-ci. Oh SailorMr. Little Jeans","rel":"","context":"Dans &quot;DPC&quot;","block_context":{"text":"DPC","link":"https:\/\/www.wallendorff.com\/belogue\/category\/dpc\/"},"img":{"alt_text":"","src":"https:\/\/i0.wp.com\/www.wallendorff.com\/belogue\/wp-content\/uploads\/2015\/04\/201309051.jpg?resize=350%2C200&ssl=1","width":350,"height":200,"srcset":"https:\/\/i0.wp.com\/www.wallendorff.com\/belogue\/wp-content\/uploads\/2015\/04\/201309051.jpg?resize=350%2C200&ssl=1 1x, https:\/\/i0.wp.com\/www.wallendorff.com\/belogue\/wp-content\/uploads\/2015\/04\/201309051.jpg?resize=525%2C300&ssl=1 1.5x, https:\/\/i0.wp.com\/www.wallendorff.com\/belogue\/wp-content\/uploads\/2015\/04\/201309051.jpg?resize=700%2C400&ssl=1 2x"},"classes":[]},{"id":21542,"url":"https:\/\/www.wallendorff.com\/belogue\/2013\/08\/31\/aout-2013\/","url_meta":{"origin":19806,"position":4},"title":"Ao\u00fbt 2013.","author":"dpc","date":"31 ao\u00fbt 2013","format":false,"excerpt":"5 titres Ty Segall \u2013 The West Jagwar Ma \u2013 Man I Need The Vaccines \u2013 Melody Calling Mr. Little Jeans \u2013 Oh Sailor TV on the Radio \u2013 Mercy Albums The Icarus Line \u2013 Slave Vows Ty Segall \u2013 Sleeper Bastille \u2013 Bad Blood Franz Ferdinand \u2013 Right Thoughts,\u2026","rel":"","context":"Dans &quot;Blog-note&quot;","block_context":{"text":"Blog-note","link":"https:\/\/www.wallendorff.com\/belogue\/category\/blog-note\/"},"img":{"alt_text":"","src":"https:\/\/i0.wp.com\/www.wallendorff.com\/belogue\/wp-content\/uploads\/2015\/04\/20130903-251.jpg?resize=350%2C200&ssl=1","width":350,"height":200,"srcset":"https:\/\/i0.wp.com\/www.wallendorff.com\/belogue\/wp-content\/uploads\/2015\/04\/20130903-251.jpg?resize=350%2C200&ssl=1 1x, https:\/\/i0.wp.com\/www.wallendorff.com\/belogue\/wp-content\/uploads\/2015\/04\/20130903-251.jpg?resize=525%2C300&ssl=1 1.5x"},"classes":[]},{"id":1742,"url":"https:\/\/www.wallendorff.com\/belogue\/2008\/08\/12\/little-choppe-of-aurore\/","url_meta":{"origin":19806,"position":5},"title":"Little choppe of aurore.","author":"dpc","date":"12 ao\u00fbt 2008","format":false,"excerpt":"Tr\u00e8s Grosse Biblioth\u00e8que, Paris, 12 juilllet. Dr\u00f4le de nuit. Interpol \u2013 Wrecking Ball","rel":"","context":"Dans &quot;DPC&quot;","block_context":{"text":"DPC","link":"https:\/\/www.wallendorff.com\/belogue\/category\/dpc\/"},"img":{"alt_text":"","src":"https:\/\/i0.wp.com\/www.wallendorff.com\/belogue\/photo\/2008\/08\/20080812.jpg?resize=350%2C200","width":350,"height":200},"classes":[]}],"_links":{"self":[{"href":"https:\/\/www.wallendorff.com\/belogue\/wp-json\/wp\/v2\/posts\/19806","targetHints":{"allow":["GET"]}}],"collection":[{"href":"https:\/\/www.wallendorff.com\/belogue\/wp-json\/wp\/v2\/posts"}],"about":[{"href":"https:\/\/www.wallendorff.com\/belogue\/wp-json\/wp\/v2\/types\/post"}],"author":[{"embeddable":true,"href":"https:\/\/www.wallendorff.com\/belogue\/wp-json\/wp\/v2\/users\/1"}],"replies":[{"embeddable":true,"href":"https:\/\/www.wallendorff.com\/belogue\/wp-json\/wp\/v2\/comments?post=19806"}],"version-history":[{"count":4,"href":"https:\/\/www.wallendorff.com\/belogue\/wp-json\/wp\/v2\/posts\/19806\/revisions"}],"predecessor-version":[{"id":23361,"href":"https:\/\/www.wallendorff.com\/belogue\/wp-json\/wp\/v2\/posts\/19806\/revisions\/23361"}],"wp:featuredmedia":[{"embeddable":true,"href":"https:\/\/www.wallendorff.com\/belogue\/wp-json\/wp\/v2\/media\/26435"}],"wp:attachment":[{"href":"https:\/\/www.wallendorff.com\/belogue\/wp-json\/wp\/v2\/media?parent=19806"}],"wp:term":[{"taxonomy":"category","embeddable":true,"href":"https:\/\/www.wallendorff.com\/belogue\/wp-json\/wp\/v2\/categories?post=19806"},{"taxonomy":"post_tag","embeddable":true,"href":"https:\/\/www.wallendorff.com\/belogue\/wp-json\/wp\/v2\/tags?post=19806"}],"curies":[{"name":"wp","href":"https:\/\/api.w.org\/{rel}","templated":true}]}}