{"id":19800,"date":"2012-12-19T16:58:37","date_gmt":"2012-12-19T14:58:37","guid":{"rendered":"http:\/\/www.po-L.com\/belogue\/?p=19800"},"modified":"2012-12-25T14:27:13","modified_gmt":"2012-12-25T12:27:13","slug":"ovale-marque-ohe-ohe","status":"publish","type":"post","link":"https:\/\/www.wallendorff.com\/belogue\/2012\/12\/19\/ovale-marque-ohe-ohe\/","title":{"rendered":"Ovale marqu\u00e9. [oh\u00e9, oh\u00e9.]"},"content":{"rendered":"\n<div id=\"photo\">\n<p><img decoding=\"async\" src=\"https:\/\/www.wallendorff.com\/belogue\/photo\/2012\/12\/20121219.jpg\"><br \/>\nH&ocirc;tel de Salm, Paris, 16 septembre.<\/p>\n<\/p><\/div>\n<div id=\"bandeson\">\n<p><img decoding=\"async\" src=\"https:\/\/www.wallendorff.com\/belogue\/photo\/pochettes\/r\/raveonettes_the-observator.jpg\" align=\"left\" \/>&nbsp;<a href=\"http:\/\/www.theraveonettes.com\">The Raveonettes<\/a> &ndash; <a style=\"font-weight:normal\" id=\"lienmp3\" href=\"http:\/\/www.youtube.com\/watch?v=y66zDhNmn1U\"><em>Young and Cold<\/em><\/a><\/p>\n<\/p><\/div>\n","protected":false},"excerpt":{"rendered":"<p>H&ocirc;tel de Salm, Paris, 16 septembre. &nbsp;The Raveonettes &ndash; Young and Cold<\/p>\n","protected":false},"author":1,"featured_media":26434,"comment_status":"open","ping_status":"open","sticky":false,"template":"","format":"standard","meta":{"_acf_changed":false,"ngg_post_thumbnail":0,"jetpack_post_was_ever_published":false,"_jetpack_newsletter_access":"","_jetpack_dont_email_post_to_subs":false,"_jetpack_newsletter_tier_id":0,"_jetpack_memberships_contains_paywalled_content":false,"_jetpack_memberships_contains_paid_content":false,"footnotes":"","jetpack_publicize_message":"","jetpack_publicize_feature_enabled":true,"jetpack_social_post_already_shared":false,"jetpack_social_options":{"image_generator_settings":{"template":"highway","default_image_id":0,"font":"","enabled":false},"version":2}},"categories":[3],"tags":[10235,1016,2615,10777,7065,3558,10120,7068,10828,10121,10684,7088,7069,10098,1782,10686,10231,7070],"class_list":["post-19800","post","type-post","status-publish","format-standard","has-post-thumbnail","hentry","category-dpc","tag-10235","tag-ef-15-mm-f28-fisheye","tag-eos-5d-mark-ii","tag-chaise","tag-dorure","tag-fauteuil","tag-france","tag-hotel-de-salm","tag-hotel-particulier","tag-ile-de-france","tag-lustre","tag-observator","tag-palais-de-la-legion-dhonneur","tag-paris","tag-rue-de-lille","tag-salon","tag-the-raveonettes","tag-young-and-cold"],"acf":[],"geo":{"latitude":48.8607674,"longitude":2.3247497,"description":"11 Quai Anatole France, 75007 Paris, France"},"jetpack_publicize_connections":[],"jetpack_featured_media_url":"https:\/\/www.wallendorff.com\/belogue\/wp-content\/uploads\/2015\/04\/201212191.jpg","jetpack_shortlink":"https:\/\/wp.me\/p3b35P-59m","jetpack_sharing_enabled":true,"jetpack-related-posts":[{"id":19727,"url":"https:\/\/www.wallendorff.com\/belogue\/2012\/12\/08\/the-raveonettes-le-trabendo-paris\/","url_meta":{"origin":19800,"position":0},"title":"The Raveonettes @ le Trabendo, Paris.","author":"dpc","date":"8 d\u00e9cembre 2012","format":false,"excerpt":"Hallucinations | She Owns the Streets | Blush | Dead Sound | Lust | Curse the Night | Gone Forever | The Enemy | Observations | Apparitions | Young and Cold | Attack of the Ghost Riders | My Tornado | Bowels of the Beast | Aly, Walk with Me\u2026","rel":"","context":"Dans &quot;Alive&quot;","block_context":{"text":"Alive","link":"https:\/\/www.wallendorff.com\/belogue\/category\/alive\/"},"img":{"alt_text":"","src":"https:\/\/i0.wp.com\/www.wallendorff.com\/belogue\/wp-content\/uploads\/2015\/04\/201212081.jpg?resize=350%2C200&ssl=1","width":350,"height":200,"srcset":"https:\/\/i0.wp.com\/www.wallendorff.com\/belogue\/wp-content\/uploads\/2015\/04\/201212081.jpg?resize=350%2C200&ssl=1 1x, https:\/\/i0.wp.com\/www.wallendorff.com\/belogue\/wp-content\/uploads\/2015\/04\/201212081.jpg?resize=525%2C300&ssl=1 1.5x, https:\/\/i0.wp.com\/www.wallendorff.com\/belogue\/wp-content\/uploads\/2015\/04\/201212081.jpg?resize=700%2C400&ssl=1 2x"},"classes":[]},{"id":20919,"url":"https:\/\/www.wallendorff.com\/belogue\/2013\/05\/14\/the-raveonettes-la-maroquinerie-paris-12-mai\/","url_meta":{"origin":19800,"position":1},"title":"The Raveonettes @ la Maroquinerie, Paris, 12 mai.","author":"dpc","date":"14 mai 2013","format":false,"excerpt":"TwilightThe Raveonettes \u00a0","rel":"","context":"Dans &quot;Alive&quot;","block_context":{"text":"Alive","link":"https:\/\/www.wallendorff.com\/belogue\/category\/alive\/"},"img":{"alt_text":"","src":"https:\/\/i0.wp.com\/www.wallendorff.com\/belogue\/wp-content\/uploads\/2015\/04\/20130514.jpg?resize=350%2C200&ssl=1","width":350,"height":200,"srcset":"https:\/\/i0.wp.com\/www.wallendorff.com\/belogue\/wp-content\/uploads\/2015\/04\/20130514.jpg?resize=350%2C200&ssl=1 1x, https:\/\/i0.wp.com\/www.wallendorff.com\/belogue\/wp-content\/uploads\/2015\/04\/20130514.jpg?resize=525%2C300&ssl=1 1.5x, https:\/\/i0.wp.com\/www.wallendorff.com\/belogue\/wp-content\/uploads\/2015\/04\/20130514.jpg?resize=700%2C400&ssl=1 2x"},"classes":[]},{"id":13185,"url":"https:\/\/www.wallendorff.com\/belogue\/2011\/08\/30\/shooting-people-89\/","url_meta":{"origin":19800,"position":2},"title":"Shooting people #89.","author":"dpc","date":"30 ao\u00fbt 2011","format":false,"excerpt":"Paris, 3 ao\u00fbt. \u00a0The Raveonettes \u2013 Twilight","rel":"","context":"Dans &quot;Portraits&quot;","block_context":{"text":"Portraits","link":"https:\/\/www.wallendorff.com\/belogue\/category\/portraits\/"},"img":{"alt_text":"","src":"https:\/\/i0.wp.com\/www.wallendorff.com\/belogue\/wp-content\/uploads\/2015\/04\/201108301.jpg?resize=350%2C200&ssl=1","width":350,"height":200,"srcset":"https:\/\/i0.wp.com\/www.wallendorff.com\/belogue\/wp-content\/uploads\/2015\/04\/201108301.jpg?resize=350%2C200&ssl=1 1x, https:\/\/i0.wp.com\/www.wallendorff.com\/belogue\/wp-content\/uploads\/2015\/04\/201108301.jpg?resize=525%2C300&ssl=1 1.5x, https:\/\/i0.wp.com\/www.wallendorff.com\/belogue\/wp-content\/uploads\/2015\/04\/201108301.jpg?resize=700%2C400&ssl=1 2x"},"classes":[]},{"id":12713,"url":"https:\/\/www.wallendorff.com\/belogue\/2011\/05\/05\/pis-a-prismes-27\/","url_meta":{"origin":19800,"position":3},"title":"Pis \u00e0 prismes #27.","author":"dpc","date":"5 mai 2011","format":false,"excerpt":"Passerelle Debilly, Paris, 16 avril. \u00a0The Raveonettes \u2014 War in Heaven","rel":"","context":"Dans &quot;DPC&quot;","block_context":{"text":"DPC","link":"https:\/\/www.wallendorff.com\/belogue\/category\/dpc\/"},"img":{"alt_text":"","src":"https:\/\/i0.wp.com\/www.wallendorff.com\/belogue\/wp-content\/uploads\/2015\/04\/201105051.jpg?resize=350%2C200&ssl=1","width":350,"height":200},"classes":[]},{"id":1092,"url":"https:\/\/www.wallendorff.com\/belogue\/2007\/11\/26\/previously-unreleased-74\/","url_meta":{"origin":19800,"position":4},"title":"Previously unreleased #74\u00b9.","author":"dpc","date":"26 novembre 2007","format":false,"excerpt":"Sharko, la Fl\u00e8che d'Or, Paris, 11 octobre. \u00a0The Raveonettes \u2013 Aly, Walk with Me _____ 1 Joyeuse tradition honteusement pomp\u00e9e l\u00e0.","rel":"","context":"Dans &quot;Previously unreleased&quot;","block_context":{"text":"Previously unreleased","link":"https:\/\/www.wallendorff.com\/belogue\/category\/previously-unreleased\/"},"img":{"alt_text":"","src":"https:\/\/i0.wp.com\/www.wallendorff.com\/belogue\/wp-content\/uploads\/2015\/04\/20071126.jpg?resize=350%2C200&ssl=1","width":350,"height":200},"classes":[]},{"id":18985,"url":"https:\/\/www.wallendorff.com\/belogue\/2012\/09\/18\/couloir-no-127\/","url_meta":{"origin":19800,"position":5},"title":"Couloir no 127.","author":"dpc","date":"18 septembre 2012","format":false,"excerpt":"H\u00f4tel Grand, Sarajevo, 28 juillet. [Pur\u00e9e c'est dingue ce qu'on se croirait \u00e0 Milwaukee ou Londres.] The Raveonettes \u2013 Curse the Night","rel":"","context":"Dans &quot;DPC&quot;","block_context":{"text":"DPC","link":"https:\/\/www.wallendorff.com\/belogue\/category\/dpc\/"},"img":{"alt_text":"","src":"https:\/\/i0.wp.com\/www.wallendorff.com\/belogue\/wp-content\/uploads\/2015\/04\/201209181.jpg?resize=350%2C200&ssl=1","width":350,"height":200},"classes":[]}],"_links":{"self":[{"href":"https:\/\/www.wallendorff.com\/belogue\/wp-json\/wp\/v2\/posts\/19800","targetHints":{"allow":["GET"]}}],"collection":[{"href":"https:\/\/www.wallendorff.com\/belogue\/wp-json\/wp\/v2\/posts"}],"about":[{"href":"https:\/\/www.wallendorff.com\/belogue\/wp-json\/wp\/v2\/types\/post"}],"author":[{"embeddable":true,"href":"https:\/\/www.wallendorff.com\/belogue\/wp-json\/wp\/v2\/users\/1"}],"replies":[{"embeddable":true,"href":"https:\/\/www.wallendorff.com\/belogue\/wp-json\/wp\/v2\/comments?post=19800"}],"version-history":[{"count":4,"href":"https:\/\/www.wallendorff.com\/belogue\/wp-json\/wp\/v2\/posts\/19800\/revisions"}],"predecessor-version":[{"id":19870,"href":"https:\/\/www.wallendorff.com\/belogue\/wp-json\/wp\/v2\/posts\/19800\/revisions\/19870"}],"wp:featuredmedia":[{"embeddable":true,"href":"https:\/\/www.wallendorff.com\/belogue\/wp-json\/wp\/v2\/media\/26434"}],"wp:attachment":[{"href":"https:\/\/www.wallendorff.com\/belogue\/wp-json\/wp\/v2\/media?parent=19800"}],"wp:term":[{"taxonomy":"category","embeddable":true,"href":"https:\/\/www.wallendorff.com\/belogue\/wp-json\/wp\/v2\/categories?post=19800"},{"taxonomy":"post_tag","embeddable":true,"href":"https:\/\/www.wallendorff.com\/belogue\/wp-json\/wp\/v2\/tags?post=19800"}],"curies":[{"name":"wp","href":"https:\/\/api.w.org\/{rel}","templated":true}]}}