{"id":198,"date":"2006-01-07T00:00:23","date_gmt":"2006-01-07T00:00:23","guid":{"rendered":"http:\/\/www.po-l.com\/wordpress\/?p=198"},"modified":"2012-01-09T11:50:49","modified_gmt":"2012-01-09T09:50:49","slug":"mon-the-des-cendres","status":"publish","type":"post","link":"https:\/\/www.wallendorff.com\/belogue\/2006\/01\/07\/mon-the-des-cendres\/","title":{"rendered":"Mon th&eacute;, des cendres."},"content":{"rendered":"\n<div id=\"photo\">\n<p><img decoding=\"async\" src=\"http:\/\/www.po-L.com\/belogue\/photo\/2006\/01\/20060107.jpg\"\/><br \/>\n          Quai de Jemmapes, Paris, 31 d&eacute;cembre 2005, 14h16.<\/p>\n<\/p><\/div>\n<p style=\"text-align:right\" ><em>&ldquo;Don&rsquo;t let the sun be the one to change you baby <br \/>\n        I wanna learn how to love, if I&rsquo;m to know <br \/>\n        Cause I wanna go where the people go <br \/>\n        Cause I&rsquo;m forever lost <br \/>\n        Oh yeah, I&rsquo;m forever lost&rdquo;<\/em><\/p>\n<div id=\"bandeson\">\n<p><img decoding=\"async\" src=\"https:\/\/www.wallendorff.com\/belogue\/photo\/pochettes\/m\/magic_numbers_the-the_magic_numbers.jpg\" align=\"left\" \/>&nbsp;<a href=\"http:\/\/www.themagicnumbers.net\/\">The Magic Numbers<\/a> &mdash; <em>Forever Lost<\/em><\/p>\n<\/p><\/div>\n","protected":false},"excerpt":{"rendered":"<p>Quai de Jemmapes, Paris, 31 d&eacute;cembre 2005, 14h16. &ldquo;Don&rsquo;t let the sun be the one to change you baby I wanna learn how to love, if I&rsquo;m to know Cause I wanna go where the people go Cause I&rsquo;m forever lost Oh yeah, I&rsquo;m forever lost&rdquo; &nbsp;The Magic Numbers &mdash; Forever Lost<\/p>\n","protected":false},"author":1,"featured_media":24135,"comment_status":"open","ping_status":"open","sticky":false,"template":"","format":"standard","meta":{"_acf_changed":false,"ngg_post_thumbnail":0,"jetpack_post_was_ever_published":false,"_jetpack_newsletter_access":"","_jetpack_dont_email_post_to_subs":false,"_jetpack_newsletter_tier_id":0,"_jetpack_memberships_contains_paywalled_content":false,"_jetpack_memberships_contains_paid_content":false,"footnotes":"","jetpack_publicize_message":"","jetpack_publicize_feature_enabled":true,"jetpack_social_post_already_shared":false,"jetpack_social_options":{"image_generator_settings":{"template":"highway","default_image_id":0,"font":"","enabled":false},"version":2}},"categories":[3],"tags":[10267,10358,132,10210,1420,10120,10121,10098,10287,10357,170,1419,10230],"class_list":["post-198","post","type-post","status-publish","format-standard","has-post-thumbnail","hentry","category-dpc","tag-10267","tag-canal-saint-martin","tag-eos-20d","tag-escalier","tag-forever-lost","tag-france","tag-ile-de-france","tag-paris","tag-quai","tag-quai-de-valmy","tag-sigma-70-300-mm-f4-56-dg-apo-macro","tag-the-magic-numbers","tag-vert"],"acf":[],"geo":{"latitude":48.8822365,"longitude":2.3692892,"description":null},"jetpack_publicize_connections":[],"jetpack_featured_media_url":"https:\/\/www.wallendorff.com\/belogue\/wp-content\/uploads\/2015\/04\/200601071.jpg","jetpack_shortlink":"https:\/\/wp.me\/p3b35P-3c","jetpack_sharing_enabled":true,"jetpack-related-posts":[{"id":36,"url":"https:\/\/www.wallendorff.com\/belogue\/2005\/10\/30\/lent-quai-de-corse\/","url_meta":{"origin":198,"position":0},"title":"Lent quai de Corse&sup1;.","author":"dpc","date":"30 octobre 2005","format":false,"excerpt":"Quai de Corse, Paris, 03 octobre. \"And the sky breaks at dawn, shedding light upon this town They'll all come around Cause the man of the hour is taking his final bow G'bye for now\" \u00a0Pearl Jam \u2013 Man of the Hour (live Benaroya Hall, Seattle, Oct. 22nd, 2003) _____\u2026","rel":"","context":"Dans &quot;DPC&quot;","block_context":{"text":"DPC","link":"https:\/\/www.wallendorff.com\/belogue\/category\/dpc\/"},"img":{"alt_text":"","src":"https:\/\/i0.wp.com\/www.wallendorff.com\/belogue\/wp-content\/uploads\/2015\/04\/200510301.jpg?resize=350%2C200&ssl=1","width":350,"height":200},"classes":[]},{"id":132044,"url":"https:\/\/www.wallendorff.com\/belogue\/2025\/04\/07\/soulages-pavait-la-plaie\/","url_meta":{"origin":198,"position":1},"title":"Soulages pavait la plaie.","author":"dpc","date":"7 avril 2025","format":false,"excerpt":"Quai Fran\u00e7ois-Mitterrand, Paris, 23 janvier 2025.","rel":"","context":"Dans &quot;DPC&quot;","block_context":{"text":"DPC","link":"https:\/\/www.wallendorff.com\/belogue\/category\/dpc\/"},"img":{"alt_text":"","src":"https:\/\/i0.wp.com\/www.wallendorff.com\/belogue\/wp-content\/uploads\/2025\/04\/20250407.jpg?resize=350%2C200&ssl=1","width":350,"height":200,"srcset":"https:\/\/i0.wp.com\/www.wallendorff.com\/belogue\/wp-content\/uploads\/2025\/04\/20250407.jpg?resize=350%2C200&ssl=1 1x, https:\/\/i0.wp.com\/www.wallendorff.com\/belogue\/wp-content\/uploads\/2025\/04\/20250407.jpg?resize=525%2C300&ssl=1 1.5x, https:\/\/i0.wp.com\/www.wallendorff.com\/belogue\/wp-content\/uploads\/2025\/04\/20250407.jpg?resize=700%2C400&ssl=1 2x, https:\/\/i0.wp.com\/www.wallendorff.com\/belogue\/wp-content\/uploads\/2025\/04\/20250407.jpg?resize=1050%2C600&ssl=1 3x"},"classes":[]},{"id":85,"url":"https:\/\/www.wallendorff.com\/belogue\/2006\/02\/22\/tien-voile-a-debout-daim\/","url_meta":{"origin":198,"position":2},"title":"Tien : voile &agrave; debout daim.","author":"dpc","date":"22 f\u00e9vrier 2006","format":false,"excerpt":"Quai d'Orsay, Paris, 26 janvier, 19h27. Vu ce que j'ai caus\u00e9 hier, je dois bien avoir droit \u00e0 4 ou 5 notes sans texte dedans, maintenant, non\u00a0?. \u00a0The Mooney Suzuki \u2013 It's No Easy","rel":"","context":"Dans &quot;DPC&quot;","block_context":{"text":"DPC","link":"https:\/\/www.wallendorff.com\/belogue\/category\/dpc\/"},"img":{"alt_text":"","src":"https:\/\/i0.wp.com\/www.wallendorff.com\/belogue\/wp-content\/uploads\/2015\/04\/200602221.jpg?resize=350%2C200&ssl=1","width":350,"height":200},"classes":[]},{"id":451,"url":"https:\/\/www.wallendorff.com\/belogue\/2005\/03\/03\/bas-quai-d-equerre\/","url_meta":{"origin":198,"position":3},"title":"Bas-quai d&rsquo;&eacute;querre.","author":"dpc","date":"3 mars 2005","format":false,"excerpt":"Quai Branly, Paris, 23 f\u00e9vrier. \u00a0The Subways \u2013 1am","rel":"","context":"Dans &quot;DPC&quot;","block_context":{"text":"DPC","link":"https:\/\/www.wallendorff.com\/belogue\/category\/dpc\/"},"img":{"alt_text":"","src":"https:\/\/i0.wp.com\/www.wallendorff.com\/belogue\/wp-content\/uploads\/2015\/04\/20050303-011.jpg?resize=350%2C200&ssl=1","width":350,"height":200},"classes":[]},{"id":20292,"url":"https:\/\/www.wallendorff.com\/belogue\/2006\/10\/17\/the-magic-numbers-la-boule-noire-paris\/","url_meta":{"origin":198,"position":4},"title":"The Magic Numbers @ la Boule Noire, Paris.","author":"dpc","date":"17 octobre 2006","format":false,"excerpt":"\u00c0 les voir, on ne croirait pas \u00e7a des Magic Numbers. \u00c0 l'instar de Grandaddy et \u2015\u00a0surtout\u00a0\u2015 de leur leader Jason Lytle, le quartet londonien cache sous des allures pataudes une grande finesse m\u00e9lodique, une sensibilit\u00e9 exprim\u00e9e juste comme il faut et une capacit\u00e9 \u00e9patante \u00e0 trouver les sons justes\u2026","rel":"","context":"Dans &quot;Alive&quot;","block_context":{"text":"Alive","link":"https:\/\/www.wallendorff.com\/belogue\/category\/alive\/"},"img":{"alt_text":"","src":"","width":0,"height":0},"classes":[]},{"id":32043,"url":"https:\/\/www.wallendorff.com\/belogue\/2016\/08\/03\/quai-des-brunes-2\/","url_meta":{"origin":198,"position":5},"title":"Quai des brunes.","author":"dpc","date":"3 ao\u00fbt 2016","format":false,"excerpt":"Quai du March\u00e9-Neuf, Paris, 15 mai. We Only Come Out at Night Smashing Pumpkins","rel":"","context":"Dans &quot;DPC&quot;","block_context":{"text":"DPC","link":"https:\/\/www.wallendorff.com\/belogue\/category\/dpc\/"},"img":{"alt_text":"","src":"https:\/\/i0.wp.com\/www.wallendorff.com\/belogue\/wp-content\/uploads\/2016\/08\/20160803.jpg?resize=350%2C200&ssl=1","width":350,"height":200,"srcset":"https:\/\/i0.wp.com\/www.wallendorff.com\/belogue\/wp-content\/uploads\/2016\/08\/20160803.jpg?resize=350%2C200&ssl=1 1x, https:\/\/i0.wp.com\/www.wallendorff.com\/belogue\/wp-content\/uploads\/2016\/08\/20160803.jpg?resize=525%2C300&ssl=1 1.5x, https:\/\/i0.wp.com\/www.wallendorff.com\/belogue\/wp-content\/uploads\/2016\/08\/20160803.jpg?resize=700%2C400&ssl=1 2x"},"classes":[]}],"_links":{"self":[{"href":"https:\/\/www.wallendorff.com\/belogue\/wp-json\/wp\/v2\/posts\/198","targetHints":{"allow":["GET"]}}],"collection":[{"href":"https:\/\/www.wallendorff.com\/belogue\/wp-json\/wp\/v2\/posts"}],"about":[{"href":"https:\/\/www.wallendorff.com\/belogue\/wp-json\/wp\/v2\/types\/post"}],"author":[{"embeddable":true,"href":"https:\/\/www.wallendorff.com\/belogue\/wp-json\/wp\/v2\/users\/1"}],"replies":[{"embeddable":true,"href":"https:\/\/www.wallendorff.com\/belogue\/wp-json\/wp\/v2\/comments?post=198"}],"version-history":[{"count":1,"href":"https:\/\/www.wallendorff.com\/belogue\/wp-json\/wp\/v2\/posts\/198\/revisions"}],"predecessor-version":[{"id":15252,"href":"https:\/\/www.wallendorff.com\/belogue\/wp-json\/wp\/v2\/posts\/198\/revisions\/15252"}],"wp:featuredmedia":[{"embeddable":true,"href":"https:\/\/www.wallendorff.com\/belogue\/wp-json\/wp\/v2\/media\/24135"}],"wp:attachment":[{"href":"https:\/\/www.wallendorff.com\/belogue\/wp-json\/wp\/v2\/media?parent=198"}],"wp:term":[{"taxonomy":"category","embeddable":true,"href":"https:\/\/www.wallendorff.com\/belogue\/wp-json\/wp\/v2\/categories?post=198"},{"taxonomy":"post_tag","embeddable":true,"href":"https:\/\/www.wallendorff.com\/belogue\/wp-json\/wp\/v2\/tags?post=198"}],"curies":[{"name":"wp","href":"https:\/\/api.w.org\/{rel}","templated":true}]}}