{"id":19790,"date":"2012-12-18T12:26:49","date_gmt":"2012-12-18T10:26:49","guid":{"rendered":"http:\/\/www.po-L.com\/belogue\/?p=19790"},"modified":"2012-12-18T12:29:41","modified_gmt":"2012-12-18T10:29:41","slug":"en-avant-lame-moujik","status":"publish","type":"post","link":"https:\/\/www.wallendorff.com\/belogue\/2012\/12\/18\/en-avant-lame-moujik\/","title":{"rendered":"En avant, l&rsquo;\u00e2me moujik."},"content":{"rendered":"\n<div id=\"photo\">\n<p><img decoding=\"async\" src=\"https:\/\/www.wallendorff.com\/belogue\/photo\/2012\/12\/20121218.jpg\"><br \/>\nH&ocirc;tel de Monaco, Paris, 15 septembre.<\/p>\n<\/p><\/div>\n<div id=\"bandeson\">\n<p><img decoding=\"async\" src=\"https:\/\/www.wallendorff.com\/belogue\/photo\/pochettes\/c\/crystal_fighters-star_of_love_remixes.jpg\" align=\"left\" \/>&nbsp;<a href=\"http:\/\/www.crystalfighters.com\/\">Crystal Fighters<\/a> &ndash; <a style=\"font-weight:normal\" id=\"lienmp3\" href=\"http:\/\/www.youtube.com\/watch?v=u4wUM9eQs_w\"><em>At Home<\/em> (Passion Pit remix)<\/a><\/p>\n<\/p><\/div>\n","protected":false},"excerpt":{"rendered":"<p>H&ocirc;tel de Monaco, Paris, 15 septembre. &nbsp;Crystal Fighters &ndash; At Home (Passion Pit remix)<\/p>\n","protected":false},"author":1,"featured_media":26432,"comment_status":"open","ping_status":"open","sticky":false,"template":"","format":"standard","meta":{"_acf_changed":false,"ngg_post_thumbnail":0,"jetpack_post_was_ever_published":false,"_jetpack_newsletter_access":"","_jetpack_dont_email_post_to_subs":false,"_jetpack_newsletter_tier_id":0,"_jetpack_memberships_contains_paywalled_content":false,"_jetpack_memberships_contains_paid_content":false,"footnotes":"","jetpack_publicize_message":"","jetpack_publicize_feature_enabled":true,"jetpack_social_post_already_shared":true,"jetpack_social_options":{"image_generator_settings":{"template":"highway","default_image_id":0,"font":"","enabled":false},"version":2}},"categories":[3],"tags":[10235,11173,7067,2571,2615,10762,10307,4864,10120,11174,10828,10121,10104,10098,10573,11175,10775],"class_list":["post-19790","post","type-post","status-publish","format-standard","has-post-thumbnail","hentry","category-dpc","tag-10235","tag-ambassade-de-pologne","tag-at-home","tag-ef-16-35-mm-f28l-ii-usm","tag-eos-5d-mark-ii","tag-crystal-fighters","tag-fenetre","tag-fleche","tag-france","tag-hotel-de-monaco","tag-hotel-particulier","tag-ile-de-france","tag-panneau","tag-paris","tag-passion-pit","tag-rue-saint-dominique","tag-terrasse"],"acf":[],"geo":{"latitude":48.8591995,"longitude":2.3155241,"description":"Paris 07 Palais-Bourbon, \u00cele-de-France, 75339 CEDEX 07, FR"},"jetpack_publicize_connections":[],"jetpack_featured_media_url":"https:\/\/www.wallendorff.com\/belogue\/wp-content\/uploads\/2015\/04\/201212181.jpg","jetpack_shortlink":"https:\/\/wp.me\/p3b35P-59c","jetpack_sharing_enabled":true,"jetpack-related-posts":[{"id":19785,"url":"https:\/\/www.wallendorff.com\/belogue\/2012\/12\/17\/bath-plafond\/","url_meta":{"origin":19790,"position":0},"title":"Bath plafond.","author":"dpc","date":"17 d\u00e9cembre 2012","format":false,"excerpt":"H\u00f4tel de Monaco, Paris, 15 septembre. Mumford & Sons \u2013 Lover of the Light","rel":"","context":"Dans &quot;DPC&quot;","block_context":{"text":"DPC","link":"https:\/\/www.wallendorff.com\/belogue\/category\/dpc\/"},"img":{"alt_text":"","src":"https:\/\/i0.wp.com\/www.wallendorff.com\/belogue\/wp-content\/uploads\/2015\/04\/201212171.jpg?resize=350%2C200&ssl=1","width":350,"height":200,"srcset":"https:\/\/i0.wp.com\/www.wallendorff.com\/belogue\/wp-content\/uploads\/2015\/04\/201212171.jpg?resize=350%2C200&ssl=1 1x, https:\/\/i0.wp.com\/www.wallendorff.com\/belogue\/wp-content\/uploads\/2015\/04\/201212171.jpg?resize=525%2C300&ssl=1 1.5x, https:\/\/i0.wp.com\/www.wallendorff.com\/belogue\/wp-content\/uploads\/2015\/04\/201212171.jpg?resize=700%2C400&ssl=1 2x"},"classes":[]},{"id":32763,"url":"https:\/\/www.wallendorff.com\/belogue\/2016\/10\/28\/crystal-fighters-le-trabendo-paris-24-octobre\/","url_meta":{"origin":19790,"position":1},"title":"Crystal Fighters @ le Trabendo, Paris, 24 octobre.","author":"dpc","date":"28 octobre 2016","format":false,"excerpt":"Lay Low Crystal Fighters","rel":"","context":"Dans &quot;Alive&quot;","block_context":{"text":"Alive","link":"https:\/\/www.wallendorff.com\/belogue\/category\/alive\/"},"img":{"alt_text":"","src":"https:\/\/i0.wp.com\/www.wallendorff.com\/belogue\/wp-content\/uploads\/2016\/10\/20161027-08-1.jpg?resize=350%2C200&ssl=1","width":350,"height":200,"srcset":"https:\/\/i0.wp.com\/www.wallendorff.com\/belogue\/wp-content\/uploads\/2016\/10\/20161027-08-1.jpg?resize=350%2C200&ssl=1 1x, https:\/\/i0.wp.com\/www.wallendorff.com\/belogue\/wp-content\/uploads\/2016\/10\/20161027-08-1.jpg?resize=525%2C300&ssl=1 1.5x, https:\/\/i0.wp.com\/www.wallendorff.com\/belogue\/wp-content\/uploads\/2016\/10\/20161027-08-1.jpg?resize=700%2C400&ssl=1 2x"},"classes":[]},{"id":20990,"url":"https:\/\/www.wallendorff.com\/belogue\/2013\/05\/22\/crystal-fighters-la-machine-du-moulin-rouge-paris\/","url_meta":{"origin":19790,"position":2},"title":"Crystal Fighters @ la Machine du Moulin Rouge, Paris.","author":"dpc","date":"22 mai 2013","format":false,"excerpt":"You & ICrystal Fighters \u00a0","rel":"","context":"Dans &quot;Alive&quot;","block_context":{"text":"Alive","link":"https:\/\/www.wallendorff.com\/belogue\/category\/alive\/"},"img":{"alt_text":"","src":"https:\/\/i0.wp.com\/www.wallendorff.com\/belogue\/wp-content\/uploads\/2015\/04\/20130522.jpg?resize=350%2C200&ssl=1","width":350,"height":200,"srcset":"https:\/\/i0.wp.com\/www.wallendorff.com\/belogue\/wp-content\/uploads\/2015\/04\/20130522.jpg?resize=350%2C200&ssl=1 1x, https:\/\/i0.wp.com\/www.wallendorff.com\/belogue\/wp-content\/uploads\/2015\/04\/20130522.jpg?resize=525%2C300&ssl=1 1.5x, https:\/\/i0.wp.com\/www.wallendorff.com\/belogue\/wp-content\/uploads\/2015\/04\/20130522.jpg?resize=700%2C400&ssl=1 2x"},"classes":[]},{"id":21955,"url":"https:\/\/www.wallendorff.com\/belogue\/2013\/11\/05\/crystal-fighters-le-bataclan-paris-29-octobre\/","url_meta":{"origin":19790,"position":3},"title":"Crystal Fighters @ le Bataclan, Paris, 29 octobre.","author":"dpc","date":"5 novembre 2013","format":false,"excerpt":"Solar System | Follow | L.A. Calling | Champion Sound | Separator | I Do This Everyday | Love Is All I Got | You & I | Plage | Are We One | Love Natural | In the Summer | At Home || I Love London | Xtatic Truth\u2026","rel":"","context":"Dans &quot;Alive&quot;","block_context":{"text":"Alive","link":"https:\/\/www.wallendorff.com\/belogue\/category\/alive\/"},"img":{"alt_text":"","src":"https:\/\/i0.wp.com\/www.wallendorff.com\/belogue\/wp-content\/uploads\/2015\/04\/201311051.jpg?resize=350%2C200&ssl=1","width":350,"height":200,"srcset":"https:\/\/i0.wp.com\/www.wallendorff.com\/belogue\/wp-content\/uploads\/2015\/04\/201311051.jpg?resize=350%2C200&ssl=1 1x, https:\/\/i0.wp.com\/www.wallendorff.com\/belogue\/wp-content\/uploads\/2015\/04\/201311051.jpg?resize=525%2C300&ssl=1 1.5x, https:\/\/i0.wp.com\/www.wallendorff.com\/belogue\/wp-content\/uploads\/2015\/04\/201311051.jpg?resize=700%2C400&ssl=1 2x"},"classes":[]},{"id":1009,"url":"https:\/\/www.wallendorff.com\/belogue\/2007\/08\/05\/remastered-3\/","url_meta":{"origin":19790,"position":4},"title":"Remastered #3.","author":"dpc","date":"5 ao\u00fbt 2007","format":false,"excerpt":"Max\u00efmo Park, les Eurock\u00e9ennes, Belfort, 30 juin, faut passer le curseur dessus. Parce que le dimanche c'est le jour du m\u00e9nage, hein. \u00a0Foo Fighters \u2013 The Pretender","rel":"","context":"Dans &quot;DPC&quot;","block_context":{"text":"DPC","link":"https:\/\/www.wallendorff.com\/belogue\/category\/dpc\/"},"img":{"alt_text":"","src":"https:\/\/i0.wp.com\/www.wallendorff.com\/belogue\/wp-content\/uploads\/2015\/04\/200708051.jpg?resize=350%2C200&ssl=1","width":350,"height":200},"classes":[]},{"id":19759,"url":"https:\/\/www.wallendorff.com\/belogue\/2012\/12\/13\/inserer-titre-ici\/","url_meta":{"origin":19790,"position":5},"title":"[Ins\u00e9rer titre ici.]","author":"dpc","date":"13 d\u00e9cembre 2012","format":false,"excerpt":"\u00c9glise su\u00e9doise, Paris, 2 septembre. [Plus le temps pour rien, je vous dis.] Passion Pit \u2013 Take a Walk","rel":"","context":"Dans &quot;DPC&quot;","block_context":{"text":"DPC","link":"https:\/\/www.wallendorff.com\/belogue\/category\/dpc\/"},"img":{"alt_text":"","src":"https:\/\/i0.wp.com\/www.wallendorff.com\/belogue\/wp-content\/uploads\/2015\/04\/201212131.jpg?resize=350%2C200&ssl=1","width":350,"height":200},"classes":[]}],"_links":{"self":[{"href":"https:\/\/www.wallendorff.com\/belogue\/wp-json\/wp\/v2\/posts\/19790","targetHints":{"allow":["GET"]}}],"collection":[{"href":"https:\/\/www.wallendorff.com\/belogue\/wp-json\/wp\/v2\/posts"}],"about":[{"href":"https:\/\/www.wallendorff.com\/belogue\/wp-json\/wp\/v2\/types\/post"}],"author":[{"embeddable":true,"href":"https:\/\/www.wallendorff.com\/belogue\/wp-json\/wp\/v2\/users\/1"}],"replies":[{"embeddable":true,"href":"https:\/\/www.wallendorff.com\/belogue\/wp-json\/wp\/v2\/comments?post=19790"}],"version-history":[{"count":3,"href":"https:\/\/www.wallendorff.com\/belogue\/wp-json\/wp\/v2\/posts\/19790\/revisions"}],"predecessor-version":[{"id":19795,"href":"https:\/\/www.wallendorff.com\/belogue\/wp-json\/wp\/v2\/posts\/19790\/revisions\/19795"}],"wp:featuredmedia":[{"embeddable":true,"href":"https:\/\/www.wallendorff.com\/belogue\/wp-json\/wp\/v2\/media\/26432"}],"wp:attachment":[{"href":"https:\/\/www.wallendorff.com\/belogue\/wp-json\/wp\/v2\/media?parent=19790"}],"wp:term":[{"taxonomy":"category","embeddable":true,"href":"https:\/\/www.wallendorff.com\/belogue\/wp-json\/wp\/v2\/categories?post=19790"},{"taxonomy":"post_tag","embeddable":true,"href":"https:\/\/www.wallendorff.com\/belogue\/wp-json\/wp\/v2\/tags?post=19790"}],"curies":[{"name":"wp","href":"https:\/\/api.w.org\/{rel}","templated":true}]}}