{"id":19746,"date":"2012-12-11T09:56:29","date_gmt":"2012-12-11T07:56:29","guid":{"rendered":"http:\/\/www.po-L.com\/belogue\/?p=19746"},"modified":"2012-12-11T09:56:29","modified_gmt":"2012-12-11T07:56:29","slug":"reading-estival","status":"publish","type":"post","link":"https:\/\/www.wallendorff.com\/belogue\/2012\/12\/11\/reading-estival\/","title":{"rendered":"Reading estival."},"content":{"rendered":"\n<div id=\"photo\">\n<p><img decoding=\"async\" src=\"https:\/\/www.wallendorff.com\/belogue\/photo\/2012\/12\/20121211.jpg\"><br \/>\nPlace de la Bataille-de-Stalingrad, Paris, 19 ao&ucirc;t.<\/p>\n<\/p><\/div>\n<div id=\"bandeson\">\n<p><img decoding=\"async\" src=\"https:\/\/www.wallendorff.com\/belogue\/photo\/pochettes\/p\/palmer_amanda-theater_is_evil.jpg\" align=\"left\" \/><a href=\"http:\/\/www.amandapalmer.net\/\">Amanda Palmer<\/a> feat. The  Grand Theft Orchestra &ndash; <a style=\"font-weight:normal\" id=\"lienmp3\" href=\"http:\/\/www.youtube.com\/watch?v=SdmD70OCx94\"><em>Olly Olly Oxen Free<\/em><\/a><\/p>\n<\/p><\/div>\n","protected":false},"excerpt":{"rendered":"<p>Place de la Bataille-de-Stalingrad, Paris, 19 ao&ucirc;t. Amanda Palmer feat. The Grand Theft Orchestra &ndash; Olly Olly Oxen Free<\/p>\n","protected":false},"author":1,"featured_media":26425,"comment_status":"open","ping_status":"open","sticky":false,"template":"","format":"standard","meta":{"_acf_changed":false,"ngg_post_thumbnail":0,"jetpack_post_was_ever_published":false,"_jetpack_newsletter_access":"","_jetpack_dont_email_post_to_subs":false,"_jetpack_newsletter_tier_id":0,"_jetpack_memberships_contains_paywalled_content":false,"_jetpack_memberships_contains_paid_content":false,"footnotes":"","jetpack_publicize_message":"","jetpack_publicize_feature_enabled":true,"jetpack_social_post_already_shared":false,"jetpack_social_options":{"image_generator_settings":{"template":"highway","default_image_id":0,"font":"","enabled":false},"version":2}},"categories":[3],"tags":[10267,10268,2710,10665,993,1438,2615,10484,3904,10340,10120,10121,7050,10098,10947,10287,10764],"class_list":["post-19746","post","type-post","status-publish","format-standard","has-post-thumbnail","hentry","category-dpc","tag-10267","tag-10268","tag-amanda-palmer","tag-bassin-de-la-villette","tag-canal-de-lourcq","tag-ef-50-mm-f14-usm","tag-eos-5d-mark-ii","tag-eau","tag-ete","tag-fille","tag-france","tag-ile-de-france","tag-olly-olly-oxen-free","tag-paris","tag-place-de-la-bataille-de-stalingrad","tag-quai","tag-seul"],"acf":[],"geo":{"latitude":48.8841095,"longitude":2.3706019,"description":"7 Quai de la Seine, 75019 Paris, France"},"jetpack_publicize_connections":[],"jetpack_featured_media_url":"https:\/\/www.wallendorff.com\/belogue\/wp-content\/uploads\/2015\/04\/201212111.jpg","jetpack_shortlink":"https:\/\/wp.me\/p3b35P-58u","jetpack_sharing_enabled":true,"jetpack-related-posts":[{"id":13413,"url":"https:\/\/www.wallendorff.com\/belogue\/2011\/10\/14\/laches-ados-pulls-pretent\/","url_meta":{"origin":19746,"position":0},"title":"L\u00e2ches ados pulls pr\u00eatent.","author":"dpc","date":"14 octobre 2011","format":false,"excerpt":"Place de la Bataille-de-Stalingrad, Paris, 14 ao\u00fbt. Muse \u2013 Map of Your Head[youtube]http:\/\/www.youtube.com\/watch?v=fsHcvQRRsY4[\/youtube]","rel":"","context":"Dans &quot;DPC&quot;","block_context":{"text":"DPC","link":"https:\/\/www.wallendorff.com\/belogue\/category\/dpc\/"},"img":{"alt_text":"","src":"https:\/\/i0.wp.com\/www.wallendorff.com\/belogue\/wp-content\/uploads\/2015\/04\/201110141.jpg?resize=350%2C200&ssl=1","width":350,"height":200,"srcset":"https:\/\/i0.wp.com\/www.wallendorff.com\/belogue\/wp-content\/uploads\/2015\/04\/201110141.jpg?resize=350%2C200&ssl=1 1x, https:\/\/i0.wp.com\/www.wallendorff.com\/belogue\/wp-content\/uploads\/2015\/04\/201110141.jpg?resize=525%2C300&ssl=1 1.5x, https:\/\/i0.wp.com\/www.wallendorff.com\/belogue\/wp-content\/uploads\/2015\/04\/201110141.jpg?resize=700%2C400&ssl=1 2x"},"classes":[]},{"id":16741,"url":"https:\/\/www.wallendorff.com\/belogue\/2012\/04\/06\/fugace-ii\/","url_meta":{"origin":19746,"position":1},"title":"Fugace [II].","author":"dpc","date":"6 avril 2012","format":false,"excerpt":"Place de la Bataille-de-Stalingrad, Paris, 8 f\u00e9vrier. J'aurais aim\u00e9 savoir ce qui avait pu le pousser \u00e0 faire un jogging un mercredi soir \u00e0 23h17 par \u2013\u00a012\u00a0\u00b0C sur un quai vide. Toad the Wet Sprocket \u2013 Whatever I Fear (acoustic)","rel":"","context":"Dans &quot;DPC&quot;","block_context":{"text":"DPC","link":"https:\/\/www.wallendorff.com\/belogue\/category\/dpc\/"},"img":{"alt_text":"","src":"https:\/\/i0.wp.com\/www.wallendorff.com\/belogue\/wp-content\/uploads\/2015\/04\/201204061.jpg?resize=350%2C200&ssl=1","width":350,"height":200,"srcset":"https:\/\/i0.wp.com\/www.wallendorff.com\/belogue\/wp-content\/uploads\/2015\/04\/201204061.jpg?resize=350%2C200&ssl=1 1x, https:\/\/i0.wp.com\/www.wallendorff.com\/belogue\/wp-content\/uploads\/2015\/04\/201204061.jpg?resize=525%2C300&ssl=1 1.5x, https:\/\/i0.wp.com\/www.wallendorff.com\/belogue\/wp-content\/uploads\/2015\/04\/201204061.jpg?resize=700%2C400&ssl=1 2x"},"classes":[]},{"id":10910,"url":"https:\/\/www.wallendorff.com\/belogue\/2010\/12\/20\/noir-et-bancs\/","url_meta":{"origin":19746,"position":2},"title":"Noir [et bancs].","author":"dpc","date":"20 d\u00e9cembre 2010","format":false,"excerpt":"\u00c9glise Saint-Ronan, Locronan, 1er novembre. Foals \u2013 Spanish Sahara (live)","rel":"","context":"Dans &quot;DPC&quot;","block_context":{"text":"DPC","link":"https:\/\/www.wallendorff.com\/belogue\/category\/dpc\/"},"img":{"alt_text":"","src":"https:\/\/i0.wp.com\/www.wallendorff.com\/belogue\/wp-content\/uploads\/2015\/04\/201012201.jpg?resize=350%2C200&ssl=1","width":350,"height":200},"classes":[]},{"id":16796,"url":"https:\/\/www.wallendorff.com\/belogue\/2012\/04\/10\/fugace-iii\/","url_meta":{"origin":19746,"position":3},"title":"Fugace [III].","author":"dpc","date":"10 avril 2012","format":false,"excerpt":"Quai de la Loire, Paris, 8 f\u00e9vrier. J\u2019aurais aim\u00e9 savoir ce qu'il avait pu aller voir seul au MK2 quai de Loire un mercredi soir \u00e0 23h21 par \u2013\u00a047\u00a0\u00b0C. Shearwater \u2013 Whipping Boy [youtube]http:\/\/www.youtube.com\/watch?v=kc4zNyMwWj0[\/youtube]","rel":"","context":"Dans &quot;DPC&quot;","block_context":{"text":"DPC","link":"https:\/\/www.wallendorff.com\/belogue\/category\/dpc\/"},"img":{"alt_text":"","src":"https:\/\/i0.wp.com\/www.wallendorff.com\/belogue\/wp-content\/uploads\/2015\/04\/201204101.jpg?resize=350%2C200&ssl=1","width":350,"height":200},"classes":[]},{"id":30624,"url":"https:\/\/www.wallendorff.com\/belogue\/2016\/04\/04\/stalingrad\/","url_meta":{"origin":19746,"position":4},"title":"Stalingrad.","author":"dpc","date":"4 avril 2016","format":false,"excerpt":"Boulevard de la Villette, Paris, 23 janvier. Boulevard de la Villette, Paris, 23 janvier. Boulevard de la Villette, Paris, 23 janvier. Stuntman Kasabian","rel":"","context":"Dans &quot;DPC&quot;","block_context":{"text":"DPC","link":"https:\/\/www.wallendorff.com\/belogue\/category\/dpc\/"},"img":{"alt_text":"","src":"https:\/\/i0.wp.com\/www.wallendorff.com\/belogue\/wp-content\/uploads\/2016\/04\/20160404-03.jpg?resize=350%2C200&ssl=1","width":350,"height":200,"srcset":"https:\/\/i0.wp.com\/www.wallendorff.com\/belogue\/wp-content\/uploads\/2016\/04\/20160404-03.jpg?resize=350%2C200&ssl=1 1x, https:\/\/i0.wp.com\/www.wallendorff.com\/belogue\/wp-content\/uploads\/2016\/04\/20160404-03.jpg?resize=525%2C300&ssl=1 1.5x, https:\/\/i0.wp.com\/www.wallendorff.com\/belogue\/wp-content\/uploads\/2016\/04\/20160404-03.jpg?resize=700%2C400&ssl=1 2x"},"classes":[]},{"id":3924,"url":"https:\/\/www.wallendorff.com\/belogue\/2009\/02\/20\/the-script-le-bataclan-paris\/","url_meta":{"origin":19746,"position":5},"title":"The Script @ le Bataclan, Paris.","author":"dpc","date":"20 f\u00e9vrier 2009","format":false,"excerpt":"\u00a0 Amanda Palmer \u2013 Leeds United","rel":"","context":"Dans &quot;Alive&quot;","block_context":{"text":"Alive","link":"https:\/\/www.wallendorff.com\/belogue\/category\/alive\/"},"img":{"alt_text":"","src":"https:\/\/i0.wp.com\/www.wallendorff.com\/belogue\/wp-content\/uploads\/2015\/04\/200902201.jpg?resize=350%2C200&ssl=1","width":350,"height":200,"srcset":"https:\/\/i0.wp.com\/www.wallendorff.com\/belogue\/wp-content\/uploads\/2015\/04\/200902201.jpg?resize=350%2C200&ssl=1 1x, https:\/\/i0.wp.com\/www.wallendorff.com\/belogue\/wp-content\/uploads\/2015\/04\/200902201.jpg?resize=525%2C300&ssl=1 1.5x, https:\/\/i0.wp.com\/www.wallendorff.com\/belogue\/wp-content\/uploads\/2015\/04\/200902201.jpg?resize=700%2C400&ssl=1 2x"},"classes":[]}],"_links":{"self":[{"href":"https:\/\/www.wallendorff.com\/belogue\/wp-json\/wp\/v2\/posts\/19746","targetHints":{"allow":["GET"]}}],"collection":[{"href":"https:\/\/www.wallendorff.com\/belogue\/wp-json\/wp\/v2\/posts"}],"about":[{"href":"https:\/\/www.wallendorff.com\/belogue\/wp-json\/wp\/v2\/types\/post"}],"author":[{"embeddable":true,"href":"https:\/\/www.wallendorff.com\/belogue\/wp-json\/wp\/v2\/users\/1"}],"replies":[{"embeddable":true,"href":"https:\/\/www.wallendorff.com\/belogue\/wp-json\/wp\/v2\/comments?post=19746"}],"version-history":[{"count":6,"href":"https:\/\/www.wallendorff.com\/belogue\/wp-json\/wp\/v2\/posts\/19746\/revisions"}],"predecessor-version":[{"id":19752,"href":"https:\/\/www.wallendorff.com\/belogue\/wp-json\/wp\/v2\/posts\/19746\/revisions\/19752"}],"wp:featuredmedia":[{"embeddable":true,"href":"https:\/\/www.wallendorff.com\/belogue\/wp-json\/wp\/v2\/media\/26425"}],"wp:attachment":[{"href":"https:\/\/www.wallendorff.com\/belogue\/wp-json\/wp\/v2\/media?parent=19746"}],"wp:term":[{"taxonomy":"category","embeddable":true,"href":"https:\/\/www.wallendorff.com\/belogue\/wp-json\/wp\/v2\/categories?post=19746"},{"taxonomy":"post_tag","embeddable":true,"href":"https:\/\/www.wallendorff.com\/belogue\/wp-json\/wp\/v2\/tags?post=19746"}],"curies":[{"name":"wp","href":"https:\/\/api.w.org\/{rel}","templated":true}]}}