{"id":19736,"date":"2012-12-09T15:04:03","date_gmt":"2012-12-09T13:04:03","guid":{"rendered":"http:\/\/www.po-L.com\/belogue\/?p=19736"},"modified":"2013-01-10T12:26:27","modified_gmt":"2013-01-10T10:26:27","slug":"pink-mountaintop","status":"publish","type":"post","link":"https:\/\/www.wallendorff.com\/belogue\/2012\/12\/09\/pink-mountaintop\/","title":{"rendered":"Pink mountaintop."},"content":{"rendered":"\n<div id=\"photo\">\n<p><img decoding=\"async\" src=\"https:\/\/www.wallendorff.com\/belogue\/photo\/2012\/12\/20121209.jpg\"><br \/>\nSaint-Romain-de-Lerps, 18 ao&ucirc;t.<\/p>\n<\/p><\/div>\n<div id=\"bandeson\">\n<p><img decoding=\"async\" src=\"https:\/\/www.wallendorff.com\/belogue\/photo\/pochettes\/a\/and_you_will_know_us_by_the_trail_of_dead-lost_songs.jpg\" align=\"left\" \/><a href=\"https:\/\/andyouwillknowusbythetrailofdead.bandpage.com\/\">&#8230; And You Will Know Us by the Trail of Dead<\/a> &ndash; <a style=\"font-weight:normal\" id=\"lienmp3\" href=\"https:\/\/www.wallendorff.com\/belogue\/media\/20121209.mp3\"><em>Time and Again<\/em><\/a><\/p>\n<\/p><\/div>\n","protected":false},"excerpt":{"rendered":"<p>Saint-Romain-de-Lerps, 18 ao&ucirc;t. &#8230; And You Will Know Us by the Trail of Dead &ndash; Time and Again<\/p>\n","protected":false},"author":1,"featured_media":26423,"comment_status":"open","ping_status":"open","sticky":false,"template":"","format":"standard","meta":{"_acf_changed":false,"ngg_post_thumbnail":0,"jetpack_post_was_ever_published":false,"_jetpack_newsletter_access":"","_jetpack_dont_email_post_to_subs":false,"_jetpack_newsletter_tier_id":0,"_jetpack_memberships_contains_paywalled_content":false,"_jetpack_memberships_contains_paid_content":false,"footnotes":"","jetpack_publicize_message":"","jetpack_publicize_feature_enabled":true,"jetpack_social_post_already_shared":false,"jetpack_social_options":{"image_generator_settings":{"template":"highway","default_image_id":0,"font":"","enabled":false},"version":2}},"categories":[3],"tags":[7192,11125,2615,10834,10311,10484,10340,10640,10120,7085,10426,7046,10293,7044,170,7045],"class_list":["post-19736","post","type-post","status-publish","format-standard","has-post-thumbnail","hentry","category-dpc","tag-and-you-will-know-us-by-the-trail-of-dead","tag-ardeche","tag-eos-5d-mark-ii","tag-chapeau","tag-dos","tag-eau","tag-fille","tag-fleuve","tag-france","tag-lost-songs","tag-montagne","tag-rhone","tag-rhone-alpes","tag-saint-romain-de-lerps","tag-sigma-70-300-mm-f4-56-dg-apo-macro","tag-time-and-again"],"acf":[],"geo":{"latitude":44.981823,"longitude":4.7979703,"description":"Saint-Romain-de-Lerps, Rh\u00f4ne-Alpes, 07130, FR"},"jetpack_publicize_connections":[],"jetpack_featured_media_url":"https:\/\/www.wallendorff.com\/belogue\/wp-content\/uploads\/2015\/04\/201212091.jpg","jetpack_shortlink":"https:\/\/wp.me\/p3b35P-58k","jetpack_sharing_enabled":true,"jetpack-related-posts":[{"id":27271,"url":"https:\/\/www.wallendorff.com\/belogue\/2015\/04\/30\/avril-2015\/","url_meta":{"origin":19736,"position":0},"title":"Avril 2015.","author":"dpc","date":"30 avril 2015","format":false,"excerpt":"Une autoroute vers le nord, un voyage en ferry, une bi\u00e8re en ville, un d\u00e9m\u00e9nagement, une petite sir\u00e8ne, un voyage en ferry, une autoroute vers le sud, une pizza chaude, une vodka froide, une jet\u00e9e, une plage, une tombe, un lever t\u00f4t, une plage, un cr\u00e9puscule rose, un Mont, un\u2026","rel":"","context":"Dans &quot;Blog-note&quot;","block_context":{"text":"Blog-note","link":"https:\/\/www.wallendorff.com\/belogue\/category\/blog-note\/"},"img":{"alt_text":"","src":"https:\/\/i0.wp.com\/www.wallendorff.com\/belogue\/wp-content\/uploads\/2015\/05\/20150508-06.jpg?resize=350%2C200&ssl=1","width":350,"height":200,"srcset":"https:\/\/i0.wp.com\/www.wallendorff.com\/belogue\/wp-content\/uploads\/2015\/05\/20150508-06.jpg?resize=350%2C200&ssl=1 1x, https:\/\/i0.wp.com\/www.wallendorff.com\/belogue\/wp-content\/uploads\/2015\/05\/20150508-06.jpg?resize=525%2C300&ssl=1 1.5x, https:\/\/i0.wp.com\/www.wallendorff.com\/belogue\/wp-content\/uploads\/2015\/05\/20150508-06.jpg?resize=700%2C400&ssl=1 2x"},"classes":[]},{"id":134893,"url":"https:\/\/www.wallendorff.com\/belogue\/2025\/12\/29\/late-on-the-pier-vi-2\/","url_meta":{"origin":19736,"position":1},"title":"Late on the pier [VI].","author":"dpc","date":"29 d\u00e9cembre 2025","format":false,"excerpt":"Sciez, 20 juillet 2025.La suite de celle-l\u00e0 et celle-ci, si vous suivez toujours.","rel":"","context":"Dans &quot;DPC&quot;","block_context":{"text":"DPC","link":"https:\/\/www.wallendorff.com\/belogue\/category\/dpc\/"},"img":{"alt_text":"","src":"https:\/\/i0.wp.com\/www.wallendorff.com\/belogue\/wp-content\/uploads\/2025\/12\/20251229.jpg?resize=350%2C200&ssl=1","width":350,"height":200,"srcset":"https:\/\/i0.wp.com\/www.wallendorff.com\/belogue\/wp-content\/uploads\/2025\/12\/20251229.jpg?resize=350%2C200&ssl=1 1x, https:\/\/i0.wp.com\/www.wallendorff.com\/belogue\/wp-content\/uploads\/2025\/12\/20251229.jpg?resize=525%2C300&ssl=1 1.5x, https:\/\/i0.wp.com\/www.wallendorff.com\/belogue\/wp-content\/uploads\/2025\/12\/20251229.jpg?resize=700%2C400&ssl=1 2x, https:\/\/i0.wp.com\/www.wallendorff.com\/belogue\/wp-content\/uploads\/2025\/12\/20251229.jpg?resize=1050%2C600&ssl=1 3x"},"classes":[]},{"id":1243,"url":"https:\/\/www.wallendorff.com\/belogue\/2008\/06\/06\/mission-accomplie\/","url_meta":{"origin":19736,"position":2},"title":"Mission accomplie.","author":"dpc","date":"6 juin 2008","format":false,"excerpt":"Annecy, 6 juin. On va dire. \u00a0Eddie Vedder \u2013 Guaranteed (Humming vocals)","rel":"","context":"Dans &quot;DPC&quot;","block_context":{"text":"DPC","link":"https:\/\/www.wallendorff.com\/belogue\/category\/dpc\/"},"img":{"alt_text":"","src":"https:\/\/i0.wp.com\/www.wallendorff.com\/belogue\/wp-content\/uploads\/2015\/04\/200806061.jpg?resize=350%2C200&ssl=1","width":350,"height":200,"srcset":"https:\/\/i0.wp.com\/www.wallendorff.com\/belogue\/wp-content\/uploads\/2015\/04\/200806061.jpg?resize=350%2C200&ssl=1 1x, https:\/\/i0.wp.com\/www.wallendorff.com\/belogue\/wp-content\/uploads\/2015\/04\/200806061.jpg?resize=525%2C300&ssl=1 1.5x, https:\/\/i0.wp.com\/www.wallendorff.com\/belogue\/wp-content\/uploads\/2015\/04\/200806061.jpg?resize=700%2C400&ssl=1 2x"},"classes":[]},{"id":7925,"url":"https:\/\/www.wallendorff.com\/belogue\/2010\/07\/28\/la-grand-roux\/","url_meta":{"origin":19736,"position":3},"title":"La [grand] Roux.","author":"dpc","date":"28 juillet 2010","format":false,"excerpt":"Rue Saint-Roch, Paris, 29 juin. Bon j'avoue, la photo est surtout l\u00e0 pour justifier le jeu de mot du titre qui, franchement, est fort cocasse et l\u00e9ger. Enfin je crois. Enfin j'esp\u00e8re. Je, je... Mon dieu. \u00a0Arcade Fire \u2013 We Used to Wait","rel":"","context":"Dans &quot;DPC&quot;","block_context":{"text":"DPC","link":"https:\/\/www.wallendorff.com\/belogue\/category\/dpc\/"},"img":{"alt_text":"","src":"https:\/\/i0.wp.com\/www.wallendorff.com\/belogue\/wp-content\/uploads\/2015\/04\/20100728.jpg?resize=350%2C200&ssl=1","width":350,"height":200},"classes":[]},{"id":41100,"url":"https:\/\/www.wallendorff.com\/belogue\/2019\/01\/31\/janvier-2019\/","url_meta":{"origin":19736,"position":4},"title":"Janvier 2019.","author":"dpc","date":"31 janvier 2019","format":false,"excerpt":"Un r\u00e9veillon, un chat pr\u00e9nomm\u00e9 Salsifis, un routier, un souper, un bar, une ruelle, une cour, un portrait, un miroir, un avion, un num\u00e9ro, un m\u00e9tro, une rue, des di\u0161ques, un m\u00e9tro, des grues, une ruelle, un bonnet, un cr\u00e9puscule, un sapin, un bateau, un escalier, un tunnel, une rue,\u2026","rel":"","context":"Dans &quot;Blog-note&quot;","block_context":{"text":"Blog-note","link":"https:\/\/www.wallendorff.com\/belogue\/category\/blog-note\/"},"img":{"alt_text":"","src":"https:\/\/i0.wp.com\/www.wallendorff.com\/belogue\/wp-content\/uploads\/2019\/02\/20190212-60.jpg?resize=350%2C200&ssl=1","width":350,"height":200,"srcset":"https:\/\/i0.wp.com\/www.wallendorff.com\/belogue\/wp-content\/uploads\/2019\/02\/20190212-60.jpg?resize=350%2C200&ssl=1 1x, https:\/\/i0.wp.com\/www.wallendorff.com\/belogue\/wp-content\/uploads\/2019\/02\/20190212-60.jpg?resize=525%2C300&ssl=1 1.5x, https:\/\/i0.wp.com\/www.wallendorff.com\/belogue\/wp-content\/uploads\/2019\/02\/20190212-60.jpg?resize=700%2C400&ssl=1 2x, https:\/\/i0.wp.com\/www.wallendorff.com\/belogue\/wp-content\/uploads\/2019\/02\/20190212-60.jpg?resize=1050%2C600&ssl=1 3x"},"classes":[]},{"id":15290,"url":"https:\/\/www.wallendorff.com\/belogue\/2012\/01\/10\/poteau-bleu\/","url_meta":{"origin":19736,"position":5},"title":"Poteau bleu.","author":"dpc","date":"10 janvier 2012","format":false,"excerpt":"Le M\u00f4le, 6 novembre 2011. Tyler Lyle \u2013 The Golden Age and the Silver Girl [youtube]http:\/\/www.youtube.com\/watch?v=7U-4BCARBG4[\/youtube]","rel":"","context":"Dans &quot;DPC&quot;","block_context":{"text":"DPC","link":"https:\/\/www.wallendorff.com\/belogue\/category\/dpc\/"},"img":{"alt_text":"","src":"https:\/\/i0.wp.com\/www.wallendorff.com\/belogue\/wp-content\/uploads\/2015\/04\/201201101.jpg?resize=350%2C200&ssl=1","width":350,"height":200},"classes":[]}],"_links":{"self":[{"href":"https:\/\/www.wallendorff.com\/belogue\/wp-json\/wp\/v2\/posts\/19736","targetHints":{"allow":["GET"]}}],"collection":[{"href":"https:\/\/www.wallendorff.com\/belogue\/wp-json\/wp\/v2\/posts"}],"about":[{"href":"https:\/\/www.wallendorff.com\/belogue\/wp-json\/wp\/v2\/types\/post"}],"author":[{"embeddable":true,"href":"https:\/\/www.wallendorff.com\/belogue\/wp-json\/wp\/v2\/users\/1"}],"replies":[{"embeddable":true,"href":"https:\/\/www.wallendorff.com\/belogue\/wp-json\/wp\/v2\/comments?post=19736"}],"version-history":[{"count":5,"href":"https:\/\/www.wallendorff.com\/belogue\/wp-json\/wp\/v2\/posts\/19736\/revisions"}],"predecessor-version":[{"id":20091,"href":"https:\/\/www.wallendorff.com\/belogue\/wp-json\/wp\/v2\/posts\/19736\/revisions\/20091"}],"wp:featuredmedia":[{"embeddable":true,"href":"https:\/\/www.wallendorff.com\/belogue\/wp-json\/wp\/v2\/media\/26423"}],"wp:attachment":[{"href":"https:\/\/www.wallendorff.com\/belogue\/wp-json\/wp\/v2\/media?parent=19736"}],"wp:term":[{"taxonomy":"category","embeddable":true,"href":"https:\/\/www.wallendorff.com\/belogue\/wp-json\/wp\/v2\/categories?post=19736"},{"taxonomy":"post_tag","embeddable":true,"href":"https:\/\/www.wallendorff.com\/belogue\/wp-json\/wp\/v2\/tags?post=19736"}],"curies":[{"name":"wp","href":"https:\/\/api.w.org\/{rel}","templated":true}]}}