{"id":19703,"date":"2012-12-04T11:50:16","date_gmt":"2012-12-04T09:50:16","guid":{"rendered":"http:\/\/www.po-L.com\/belogue\/?p=19703"},"modified":"2012-12-22T17:41:23","modified_gmt":"2012-12-22T15:41:23","slug":"to-make-it-up-to-you-somehow","status":"publish","type":"post","link":"https:\/\/www.wallendorff.com\/belogue\/2012\/12\/04\/to-make-it-up-to-you-somehow\/","title":{"rendered":"To make it up to you somehow."},"content":{"rendered":"\n<div id=\"photo\">\n<p><img decoding=\"async\" src=\"https:\/\/www.wallendorff.com\/belogue\/photo\/2012\/12\/20121204.jpg\"><br \/>\nA&eacute;roport de Split, 6 ao&ucirc;t.<\/p>\n<\/p><\/div>\n<p style=\"text-align:right\">Et de conclure <a href=\"https:\/\/www.wallendorff.com\/belogue\/tag\/balkans\">3 mois de photos balkaniques<\/a> avec la pendule que nous mat&acirc;mes 5&nbsp;h durant en attendant un avion rest&eacute; en panne &agrave; Paris.<\/p>\n<p style=\"text-align:right\">Et peut-&ecirc;tre y revenir un jour puisque <a href=\"https:\/\/www.wallendorff.com\/belogue\/tag\/belgrade\">Belgrade<\/a> et <a href=\"https:\/\/www.wallendorff.com\/belogue\/tag\/sarajevo\">Sarajevo<\/a> me trottent toujours dans la t&ecirc;te.<\/p>\n<p style=\"text-align:right\">On verra.<\/p>\n<div id=\"bandeson\">\n<p><img decoding=\"async\" src=\"https:\/\/www.wallendorff.com\/belogue\/photo\/pochettes\/m\/mould_bob-silver_age.jpg\" align=\"left\" \/>&nbsp;<a href=\"http:\/\/www.bobmould.com\">Bob Mould<\/a> &ndash; <a style=\"font-weight:normal\" id=\"lienmp3\" href=\"http:\/\/www.youtube.com\/watch?v=8MdhsCeasBQ\"><em>The Descent<\/em><\/a><\/p>\n<\/p><\/div>\n","protected":false},"excerpt":{"rendered":"<p>A&eacute;roport de Split, 6 ao&ucirc;t. Et de conclure 3 mois de photos balkaniques avec la pendule que nous mat&acirc;mes 5&nbsp;h durant en attendant un avion rest&eacute; en panne &agrave; Paris. Et peut-&ecirc;tre y revenir un jour puisque Belgrade et Sarajevo me trottent toujours dans la t&ecirc;te. On verra. &nbsp;Bob Mould &ndash; The Descent<\/p>\n","protected":false},"author":1,"featured_media":26418,"comment_status":"open","ping_status":"open","sticky":false,"template":"","format":"standard","meta":{"_acf_changed":false,"ngg_post_thumbnail":0,"jetpack_post_was_ever_published":false,"_jetpack_newsletter_access":"","_jetpack_dont_email_post_to_subs":false,"_jetpack_newsletter_tier_id":0,"_jetpack_memberships_contains_paywalled_content":false,"_jetpack_memberships_contains_paid_content":false,"footnotes":"","jetpack_publicize_message":"","jetpack_publicize_feature_enabled":true,"jetpack_social_post_already_shared":false,"jetpack_social_options":{"image_generator_settings":{"template":"highway","default_image_id":0,"font":"","enabled":false},"version":2}},"categories":[3],"tags":[10177,6990,6502,6995,1438,2615,6487,11123,10309,6991,6992,11223,6994],"class_list":["post-19703","post","type-post","status-publish","format-standard","has-post-thumbnail","hentry","category-dpc","tag-aeroport","tag-aeroport-de-split","tag-balkans","tag-bob-mould","tag-ef-50-mm-f14-usm","tag-eos-5d-mark-ii","tag-comitat-de-split-dalmatie-2","tag-croatie","tag-horloge","tag-kastel-novi","tag-kastela","tag-salle-dattente","tag-the-descent"],"acf":[],"geo":{"latitude":43.5365562,"longitude":16.298851,"description":"Divulje, Splitsko-Dalmatinska, 21220, HR"},"jetpack_publicize_connections":[],"jetpack_featured_media_url":"https:\/\/www.wallendorff.com\/belogue\/wp-content\/uploads\/2015\/04\/201212041.jpg","jetpack_shortlink":"https:\/\/wp.me\/p3b35P-57N","jetpack_sharing_enabled":true,"jetpack-related-posts":[{"id":134663,"url":"https:\/\/www.wallendorff.com\/belogue\/2025\/12\/05\/lavion-lavion-lavion\/","url_meta":{"origin":19703,"position":0},"title":"L&rsquo;avion [l&rsquo;avion, l&rsquo;avion].","author":"dpc","date":"5 d\u00e9cembre 2025","format":false,"excerpt":"Salon du Bourget, 19 juin 2025.","rel":"","context":"Dans &quot;DPC&quot;","block_context":{"text":"DPC","link":"https:\/\/www.wallendorff.com\/belogue\/category\/dpc\/"},"img":{"alt_text":"","src":"https:\/\/i0.wp.com\/www.wallendorff.com\/belogue\/wp-content\/uploads\/2025\/12\/20251205-07.jpg?resize=350%2C200&ssl=1","width":350,"height":200,"srcset":"https:\/\/i0.wp.com\/www.wallendorff.com\/belogue\/wp-content\/uploads\/2025\/12\/20251205-07.jpg?resize=350%2C200&ssl=1 1x, https:\/\/i0.wp.com\/www.wallendorff.com\/belogue\/wp-content\/uploads\/2025\/12\/20251205-07.jpg?resize=525%2C300&ssl=1 1.5x, https:\/\/i0.wp.com\/www.wallendorff.com\/belogue\/wp-content\/uploads\/2025\/12\/20251205-07.jpg?resize=700%2C400&ssl=1 2x, https:\/\/i0.wp.com\/www.wallendorff.com\/belogue\/wp-content\/uploads\/2025\/12\/20251205-07.jpg?resize=1050%2C600&ssl=1 3x"},"classes":[]},{"id":21215,"url":"https:\/\/www.wallendorff.com\/belogue\/2013\/06\/25\/downstairs\/","url_meta":{"origin":19703,"position":1},"title":"Downstairs.","author":"dpc","date":"25 juin 2013","format":false,"excerpt":"Terminal 2F, a\u00e9roport de Paris-Charles-de-Gaulle, 20 mai. Faith in LoveCSS","rel":"","context":"Dans &quot;DPC&quot;","block_context":{"text":"DPC","link":"https:\/\/www.wallendorff.com\/belogue\/category\/dpc\/"},"img":{"alt_text":"","src":"https:\/\/i0.wp.com\/www.wallendorff.com\/belogue\/wp-content\/uploads\/2015\/04\/20130625.jpg?resize=350%2C200&ssl=1","width":350,"height":200,"srcset":"https:\/\/i0.wp.com\/www.wallendorff.com\/belogue\/wp-content\/uploads\/2015\/04\/20130625.jpg?resize=350%2C200&ssl=1 1x, https:\/\/i0.wp.com\/www.wallendorff.com\/belogue\/wp-content\/uploads\/2015\/04\/20130625.jpg?resize=525%2C300&ssl=1 1.5x, https:\/\/i0.wp.com\/www.wallendorff.com\/belogue\/wp-content\/uploads\/2015\/04\/20130625.jpg?resize=700%2C400&ssl=1 2x"},"classes":[]},{"id":20688,"url":"https:\/\/www.wallendorff.com\/belogue\/2013\/03\/25\/ame-sans-soeur\/","url_meta":{"origin":19703,"position":2},"title":"\u00c2me sans s\u0153ur.","author":"dpc","date":"25 mars 2013","format":false,"excerpt":"A\u00e9roport Paris-Charles-de-Gaulle, 8 f\u00e9vrier. All in WhiteThe Vaccines","rel":"","context":"Dans &quot;DPC&quot;","block_context":{"text":"DPC","link":"https:\/\/www.wallendorff.com\/belogue\/category\/dpc\/"},"img":{"alt_text":"","src":"https:\/\/i0.wp.com\/www.wallendorff.com\/belogue\/wp-content\/uploads\/2015\/04\/20130325.jpg?resize=350%2C200&ssl=1","width":350,"height":200,"srcset":"https:\/\/i0.wp.com\/www.wallendorff.com\/belogue\/wp-content\/uploads\/2015\/04\/20130325.jpg?resize=350%2C200&ssl=1 1x, https:\/\/i0.wp.com\/www.wallendorff.com\/belogue\/wp-content\/uploads\/2015\/04\/20130325.jpg?resize=525%2C300&ssl=1 1.5x"},"classes":[]},{"id":135273,"url":"https:\/\/www.wallendorff.com\/belogue\/2026\/02\/12\/siege-28a-2\/","url_meta":{"origin":19703,"position":3},"title":"Si\u00e8ge 28A.","author":"dpc","date":"12 f\u00e9vrier 2026","format":false,"excerpt":"","rel":"","context":"Dans &quot;DPC&quot;","block_context":{"text":"DPC","link":"https:\/\/www.wallendorff.com\/belogue\/category\/dpc\/"},"img":{"alt_text":"","src":"https:\/\/i0.wp.com\/www.wallendorff.com\/belogue\/wp-content\/uploads\/2026\/02\/20260212-02.jpg?resize=350%2C200&ssl=1","width":350,"height":200,"srcset":"https:\/\/i0.wp.com\/www.wallendorff.com\/belogue\/wp-content\/uploads\/2026\/02\/20260212-02.jpg?resize=350%2C200&ssl=1 1x, https:\/\/i0.wp.com\/www.wallendorff.com\/belogue\/wp-content\/uploads\/2026\/02\/20260212-02.jpg?resize=525%2C300&ssl=1 1.5x, https:\/\/i0.wp.com\/www.wallendorff.com\/belogue\/wp-content\/uploads\/2026\/02\/20260212-02.jpg?resize=700%2C400&ssl=1 2x, https:\/\/i0.wp.com\/www.wallendorff.com\/belogue\/wp-content\/uploads\/2026\/02\/20260212-02.jpg?resize=1050%2C600&ssl=1 3x"},"classes":[]},{"id":14908,"url":"https:\/\/www.wallendorff.com\/belogue\/2011\/12\/21\/half-the-world-away\/","url_meta":{"origin":19703,"position":4},"title":"Half the world away.","author":"dpc","date":"21 d\u00e9cembre 2011","format":false,"excerpt":"A\u00e9roport Charles de Gaulle, Roissy, 23 octobre. Yoav \u2013 Easy Chair [youtube]http:\/\/www.youtube.com\/watch?v=ywpbOhc35HI[\/youtube]","rel":"","context":"Dans &quot;DPC&quot;","block_context":{"text":"DPC","link":"https:\/\/www.wallendorff.com\/belogue\/category\/dpc\/"},"img":{"alt_text":"","src":"https:\/\/i0.wp.com\/www.wallendorff.com\/belogue\/wp-content\/uploads\/2015\/04\/201112211.jpg?resize=350%2C200&ssl=1","width":350,"height":200,"srcset":"https:\/\/i0.wp.com\/www.wallendorff.com\/belogue\/wp-content\/uploads\/2015\/04\/201112211.jpg?resize=350%2C200&ssl=1 1x, https:\/\/i0.wp.com\/www.wallendorff.com\/belogue\/wp-content\/uploads\/2015\/04\/201112211.jpg?resize=525%2C300&ssl=1 1.5x, https:\/\/i0.wp.com\/www.wallendorff.com\/belogue\/wp-content\/uploads\/2015\/04\/201112211.jpg?resize=700%2C400&ssl=1 2x"},"classes":[]},{"id":21192,"url":"https:\/\/www.wallendorff.com\/belogue\/2013\/06\/21\/into-the-wide-10\/","url_meta":{"origin":19703,"position":5},"title":"Into the wide #10.","author":"dpc","date":"21 juin 2013","format":false,"excerpt":"Terminal 2F, a\u00e9roport Paris-Charles-de-Gaulle, 20 mai. Les a\u00e9roports vides la nuit c'est le d\u00e9calage horaire instantan\u00e9, la perte imm\u00e9diate de toute notion de temps et d'espace, l'impression soudaine de voir heures et kilom\u00e8tres se fondre dans la m\u00eame unit\u00e9, l'unique dimension d'un monde \u00e0 part, perdu au c\u0153ur d'une \u00e9ternit\u00e9\u2026","rel":"","context":"Dans &quot;Into the wide&quot;","block_context":{"text":"Into the wide","link":"https:\/\/www.wallendorff.com\/belogue\/category\/into-the-wide\/"},"img":{"alt_text":"","src":"https:\/\/i0.wp.com\/www.wallendorff.com\/belogue\/wp-content\/uploads\/2015\/04\/20130621.jpg?resize=350%2C200&ssl=1","width":350,"height":200,"srcset":"https:\/\/i0.wp.com\/www.wallendorff.com\/belogue\/wp-content\/uploads\/2015\/04\/20130621.jpg?resize=350%2C200&ssl=1 1x, https:\/\/i0.wp.com\/www.wallendorff.com\/belogue\/wp-content\/uploads\/2015\/04\/20130621.jpg?resize=525%2C300&ssl=1 1.5x, https:\/\/i0.wp.com\/www.wallendorff.com\/belogue\/wp-content\/uploads\/2015\/04\/20130621.jpg?resize=700%2C400&ssl=1 2x"},"classes":[]}],"_links":{"self":[{"href":"https:\/\/www.wallendorff.com\/belogue\/wp-json\/wp\/v2\/posts\/19703","targetHints":{"allow":["GET"]}}],"collection":[{"href":"https:\/\/www.wallendorff.com\/belogue\/wp-json\/wp\/v2\/posts"}],"about":[{"href":"https:\/\/www.wallendorff.com\/belogue\/wp-json\/wp\/v2\/types\/post"}],"author":[{"embeddable":true,"href":"https:\/\/www.wallendorff.com\/belogue\/wp-json\/wp\/v2\/users\/1"}],"replies":[{"embeddable":true,"href":"https:\/\/www.wallendorff.com\/belogue\/wp-json\/wp\/v2\/comments?post=19703"}],"version-history":[{"count":7,"href":"https:\/\/www.wallendorff.com\/belogue\/wp-json\/wp\/v2\/posts\/19703\/revisions"}],"predecessor-version":[{"id":19819,"href":"https:\/\/www.wallendorff.com\/belogue\/wp-json\/wp\/v2\/posts\/19703\/revisions\/19819"}],"wp:featuredmedia":[{"embeddable":true,"href":"https:\/\/www.wallendorff.com\/belogue\/wp-json\/wp\/v2\/media\/26418"}],"wp:attachment":[{"href":"https:\/\/www.wallendorff.com\/belogue\/wp-json\/wp\/v2\/media?parent=19703"}],"wp:term":[{"taxonomy":"category","embeddable":true,"href":"https:\/\/www.wallendorff.com\/belogue\/wp-json\/wp\/v2\/categories?post=19703"},{"taxonomy":"post_tag","embeddable":true,"href":"https:\/\/www.wallendorff.com\/belogue\/wp-json\/wp\/v2\/tags?post=19703"}],"curies":[{"name":"wp","href":"https:\/\/api.w.org\/{rel}","templated":true}]}}