{"id":19664,"date":"2012-11-29T11:55:24","date_gmt":"2012-11-29T09:55:24","guid":{"rendered":"http:\/\/www.po-L.com\/belogue\/?p=19664"},"modified":"2012-12-26T10:40:35","modified_gmt":"2012-12-26T08:40:35","slug":"jake-bugg-la-fleche-dor-paris","status":"publish","type":"post","link":"https:\/\/www.wallendorff.com\/belogue\/2012\/11\/29\/jake-bugg-la-fleche-dor-paris\/","title":{"rendered":"Jake Bugg @ la Fl\u00e8che d&rsquo;Or, Paris."},"content":{"rendered":"\n<div id=\"photo\">\n<p><img decoding=\"async\" src=\"https:\/\/www.wallendorff.com\/belogue\/photo\/2012\/11\/20121129.jpg\"><\/p>\n<\/p><\/div>\n<p style=\"text-align:right\">18 ans, l&rsquo;air de ne rien en avoir &agrave; branler et beaucoup de technique. M&eacute;lodiquement &ccedil;a p&ecirc;che un peu, photographiquement il n&rsquo;y a pas grand chose &agrave; voir, mais il y a beaucoup &agrave; entendre. On attend la suite.<\/p>\n<div id=\"bandeson\">\n<p><img decoding=\"async\" src=\"https:\/\/www.wallendorff.com\/belogue\/photo\/pochettes\/b\/bugg_jake-jake_bugg.jpg\" align=\"left\" \/>&nbsp;<a href=\"http:\/\/jakebugg.com\/\">Jake Bugg<\/a> &ndash; <a style=\"font-weight:normal\" id=\"lienmp3\" href=\"http:\/\/www.youtube.com\/watch?v=fY0oPg1h8fQ\"><em>Lightning Bolt<\/em><\/a><\/p>\n<\/p><\/div>ngg_shortcode_0_placeholder<p>&nbsp;<\/p>\n","protected":false},"excerpt":{"rendered":"<p>18 ans, l&rsquo;air de ne rien en avoir &agrave; branler et beaucoup de technique. M&eacute;lodiquement &ccedil;a p&ecirc;che un peu, photographiquement il n&rsquo;y a pas grand chose &agrave; voir, mais il y a beaucoup &agrave; entendre. On attend la suite. &nbsp;Jake Bugg &ndash; Lightning Bolt &nbsp;<\/p>\n","protected":false},"author":1,"featured_media":26413,"comment_status":"open","ping_status":"open","sticky":false,"template":"","format":"standard","meta":{"_acf_changed":false,"ngg_post_thumbnail":0,"jetpack_post_was_ever_published":false,"_jetpack_newsletter_access":"","_jetpack_dont_email_post_to_subs":false,"_jetpack_newsletter_tier_id":0,"_jetpack_memberships_contains_paywalled_content":false,"_jetpack_memberships_contains_paid_content":false,"footnotes":"","jetpack_publicize_message":"","jetpack_publicize_feature_enabled":true,"jetpack_social_post_already_shared":false,"jetpack_social_options":{"image_generator_settings":{"template":"highway","default_image_id":0,"font":"","enabled":false},"version":2}},"categories":[7],"tags":[10951,10216,10084,196,6766,10120,10121,11222,10374,6985,143,10098],"class_list":["post-19664","post","type-post","status-publish","format-standard","has-post-thumbnail","hentry","category-alive","tag-10951","tag-10216","tag-alive","tag-ef-28-70-mm-f28l-usm","tag-eos-5d-mark-iii","tag-france","tag-ile-de-france","tag-jake-bugg","tag-la-fleche-dor","tag-lightning-bolt","tag-noir-et-blanc","tag-paris"],"acf":[],"geo":{"latitude":48.8594246,"longitude":2.4029884,"description":"94-104 Rue de Bagnolet, 75020 Paris, France"},"jetpack_publicize_connections":[],"jetpack_featured_media_url":"https:\/\/www.wallendorff.com\/belogue\/wp-content\/uploads\/2015\/04\/201211291.jpg","jetpack_shortlink":"https:\/\/wp.me\/p3b35P-57a","jetpack_sharing_enabled":true,"jetpack-related-posts":[{"id":30838,"url":"https:\/\/www.wallendorff.com\/belogue\/2016\/05\/04\/jake-bugg-la-fleche-dor-paris-2\/","url_meta":{"origin":19664,"position":0},"title":"Jake Bugg @ la Fl\u00e8che d&rsquo;Or, Paris.","author":"dpc","date":"4 mai 2016","format":false,"excerpt":"","rel":"","context":"Dans &quot;Alive&quot;","block_context":{"text":"Alive","link":"https:\/\/www.wallendorff.com\/belogue\/category\/alive\/"},"img":{"alt_text":"","src":"https:\/\/i0.wp.com\/www.wallendorff.com\/belogue\/wp-content\/uploads\/2016\/05\/20160504-03-1.jpg?resize=350%2C200&ssl=1","width":350,"height":200,"srcset":"https:\/\/i0.wp.com\/www.wallendorff.com\/belogue\/wp-content\/uploads\/2016\/05\/20160504-03-1.jpg?resize=350%2C200&ssl=1 1x, https:\/\/i0.wp.com\/www.wallendorff.com\/belogue\/wp-content\/uploads\/2016\/05\/20160504-03-1.jpg?resize=525%2C300&ssl=1 1.5x, https:\/\/i0.wp.com\/www.wallendorff.com\/belogue\/wp-content\/uploads\/2016\/05\/20160504-03-1.jpg?resize=700%2C400&ssl=1 2x"},"classes":[]},{"id":22048,"url":"https:\/\/www.wallendorff.com\/belogue\/2013\/11\/22\/jake-bugg-honey-honey-lolympia-paris\/","url_meta":{"origin":19664,"position":1},"title":"Jake Bugg + Honey Honey @ l&rsquo;Olympia, Paris.","author":"dpc","date":"22 novembre 2013","format":false,"excerpt":"There's a Beast and We All Feed It | Trouble Town | Seen It All | Simple as This | Storm Passes Away | Two Fingers | Messed-Up Kids | Ballad of Mr. Jones | Country Song | Pine Trees | A Song About Love | Slide | Green Man\u2026","rel":"","context":"Dans &quot;Alive&quot;","block_context":{"text":"Alive","link":"https:\/\/www.wallendorff.com\/belogue\/category\/alive\/"},"img":{"alt_text":"","src":"https:\/\/i0.wp.com\/www.wallendorff.com\/belogue\/wp-content\/uploads\/2015\/04\/201311221.jpg?resize=350%2C200&ssl=1","width":350,"height":200,"srcset":"https:\/\/i0.wp.com\/www.wallendorff.com\/belogue\/wp-content\/uploads\/2015\/04\/201311221.jpg?resize=350%2C200&ssl=1 1x, https:\/\/i0.wp.com\/www.wallendorff.com\/belogue\/wp-content\/uploads\/2015\/04\/201311221.jpg?resize=525%2C300&ssl=1 1.5x, https:\/\/i0.wp.com\/www.wallendorff.com\/belogue\/wp-content\/uploads\/2015\/04\/201311221.jpg?resize=700%2C400&ssl=1 2x"},"classes":[]},{"id":32030,"url":"https:\/\/www.wallendorff.com\/belogue\/2016\/08\/01\/pepe-dans-les-sorties\/","url_meta":{"origin":19664,"position":2},"title":"P\u00e9p\u00e9 dans les sorties.","author":"dpc","date":"1 ao\u00fbt 2016","format":false,"excerpt":"M\u00e9morial des Martyrs de la D\u00e9portation, Paris, 14 mai. On My One Jake Bugg","rel":"","context":"Dans &quot;DPC&quot;","block_context":{"text":"DPC","link":"https:\/\/www.wallendorff.com\/belogue\/category\/dpc\/"},"img":{"alt_text":"","src":"https:\/\/i0.wp.com\/www.wallendorff.com\/belogue\/wp-content\/uploads\/2016\/08\/20160801.jpg?resize=350%2C200&ssl=1","width":350,"height":200,"srcset":"https:\/\/i0.wp.com\/www.wallendorff.com\/belogue\/wp-content\/uploads\/2016\/08\/20160801.jpg?resize=350%2C200&ssl=1 1x, https:\/\/i0.wp.com\/www.wallendorff.com\/belogue\/wp-content\/uploads\/2016\/08\/20160801.jpg?resize=525%2C300&ssl=1 1.5x"},"classes":[]},{"id":7381,"url":"https:\/\/www.wallendorff.com\/belogue\/2010\/04\/14\/frightened-rabbit-candy-clash-la-fleche-dor-paris\/","url_meta":{"origin":19664,"position":3},"title":"Frightened Rabbit + Candy Clash @ la Fl\u00e8che d&rsquo;Or, Paris.","author":"dpc","date":"14 avril 2010","format":false,"excerpt":"[Va falloir que je pense s\u00e9rieusement \u00e0 arr\u00eater la Fl\u00e8che d'Or et ses lumi\u00e8res moisies.] Candy Clash n'\u00e9volue pas vraiment dans ma ligue, mais plut\u00f4t dans ce genre musical o\u00f9 le chanteur finit invariablement pendu dans sa cuisine avec une corde \u00e0 linge1 la veille de son d\u00e9part en tourn\u00e9e\u2026","rel":"","context":"Dans &quot;Alive&quot;","block_context":{"text":"Alive","link":"https:\/\/www.wallendorff.com\/belogue\/category\/alive\/"},"img":{"alt_text":"","src":"https:\/\/i0.wp.com\/www.wallendorff.com\/belogue\/wp-content\/uploads\/2015\/04\/201004141.jpg?resize=350%2C200&ssl=1","width":350,"height":200,"srcset":"https:\/\/i0.wp.com\/www.wallendorff.com\/belogue\/wp-content\/uploads\/2015\/04\/201004141.jpg?resize=350%2C200&ssl=1 1x, https:\/\/i0.wp.com\/www.wallendorff.com\/belogue\/wp-content\/uploads\/2015\/04\/201004141.jpg?resize=525%2C300&ssl=1 1.5x, https:\/\/i0.wp.com\/www.wallendorff.com\/belogue\/wp-content\/uploads\/2015\/04\/201004141.jpg?resize=700%2C400&ssl=1 2x"},"classes":[]},{"id":12784,"url":"https:\/\/www.wallendorff.com\/belogue\/2011\/05\/19\/foster-the-people-la-fleche-dor-paris\/","url_meta":{"origin":19664,"position":4},"title":"Foster the People @ la Fl\u00e8che d&rsquo;Or, Paris.","author":"dpc","date":"19 mai 2011","format":false,"excerpt":"Quelques d\u00e9plaisants c\u00f4t\u00e9s boys band, mais aussi un single efficace1 et un album avec de joli monstres qui sera du meilleur go\u00fbt sur la plage cet \u00e9t\u00e9. \u00a0Foster the People \u2013 Color on the Walls (Don't Stop) _____ 1 Mais siii vous voyez, il est en bande-son l\u00e0-bas.","rel":"","context":"Dans &quot;Alive&quot;","block_context":{"text":"Alive","link":"https:\/\/www.wallendorff.com\/belogue\/category\/alive\/"},"img":{"alt_text":"","src":"https:\/\/i0.wp.com\/www.wallendorff.com\/belogue\/wp-content\/uploads\/2015\/04\/201105191.jpg?resize=350%2C200&ssl=1","width":350,"height":200,"srcset":"https:\/\/i0.wp.com\/www.wallendorff.com\/belogue\/wp-content\/uploads\/2015\/04\/201105191.jpg?resize=350%2C200&ssl=1 1x, https:\/\/i0.wp.com\/www.wallendorff.com\/belogue\/wp-content\/uploads\/2015\/04\/201105191.jpg?resize=525%2C300&ssl=1 1.5x, https:\/\/i0.wp.com\/www.wallendorff.com\/belogue\/wp-content\/uploads\/2015\/04\/201105191.jpg?resize=700%2C400&ssl=1 2x"},"classes":[]},{"id":12908,"url":"https:\/\/www.wallendorff.com\/belogue\/2011\/06\/17\/the-pains-of-being-pure-at-heart-hold-your-horses-la-fleche-dor-paris\/","url_meta":{"origin":19664,"position":5},"title":"The Pains of Being Pure at Heart + Hold Your Horses! @ la Fl\u00e8che d&rsquo;Or, Paris.","author":"dpc","date":"17 juin 2011","format":false,"excerpt":"Belong | This Love Is Fucking Right | A Teenager in Love | The Body | Heart in Your Heartbrake | Heaven's Gonna Happen Now | Stay Alive | My Terrible Friend | Come Saturday | Young Adult Friction | Strange || Contender | Everything with You | The Pains\u2026","rel":"","context":"Dans &quot;Alive&quot;","block_context":{"text":"Alive","link":"https:\/\/www.wallendorff.com\/belogue\/category\/alive\/"},"img":{"alt_text":"","src":"https:\/\/i0.wp.com\/www.wallendorff.com\/belogue\/wp-content\/uploads\/2015\/04\/201106171.jpg?resize=350%2C200&ssl=1","width":350,"height":200,"srcset":"https:\/\/i0.wp.com\/www.wallendorff.com\/belogue\/wp-content\/uploads\/2015\/04\/201106171.jpg?resize=350%2C200&ssl=1 1x, https:\/\/i0.wp.com\/www.wallendorff.com\/belogue\/wp-content\/uploads\/2015\/04\/201106171.jpg?resize=525%2C300&ssl=1 1.5x, https:\/\/i0.wp.com\/www.wallendorff.com\/belogue\/wp-content\/uploads\/2015\/04\/201106171.jpg?resize=700%2C400&ssl=1 2x"},"classes":[]}],"_links":{"self":[{"href":"https:\/\/www.wallendorff.com\/belogue\/wp-json\/wp\/v2\/posts\/19664","targetHints":{"allow":["GET"]}}],"collection":[{"href":"https:\/\/www.wallendorff.com\/belogue\/wp-json\/wp\/v2\/posts"}],"about":[{"href":"https:\/\/www.wallendorff.com\/belogue\/wp-json\/wp\/v2\/types\/post"}],"author":[{"embeddable":true,"href":"https:\/\/www.wallendorff.com\/belogue\/wp-json\/wp\/v2\/users\/1"}],"replies":[{"embeddable":true,"href":"https:\/\/www.wallendorff.com\/belogue\/wp-json\/wp\/v2\/comments?post=19664"}],"version-history":[{"count":3,"href":"https:\/\/www.wallendorff.com\/belogue\/wp-json\/wp\/v2\/posts\/19664\/revisions"}],"predecessor-version":[{"id":19934,"href":"https:\/\/www.wallendorff.com\/belogue\/wp-json\/wp\/v2\/posts\/19664\/revisions\/19934"}],"wp:featuredmedia":[{"embeddable":true,"href":"https:\/\/www.wallendorff.com\/belogue\/wp-json\/wp\/v2\/media\/26413"}],"wp:attachment":[{"href":"https:\/\/www.wallendorff.com\/belogue\/wp-json\/wp\/v2\/media?parent=19664"}],"wp:term":[{"taxonomy":"category","embeddable":true,"href":"https:\/\/www.wallendorff.com\/belogue\/wp-json\/wp\/v2\/categories?post=19664"},{"taxonomy":"post_tag","embeddable":true,"href":"https:\/\/www.wallendorff.com\/belogue\/wp-json\/wp\/v2\/tags?post=19664"}],"curies":[{"name":"wp","href":"https:\/\/api.w.org\/{rel}","templated":true}]}}