{"id":19650,"date":"2012-11-27T11:41:04","date_gmt":"2012-11-27T09:41:04","guid":{"rendered":"http:\/\/www.po-L.com\/belogue\/?p=19650"},"modified":"2018-05-23T08:15:00","modified_gmt":"2018-05-23T06:15:00","slug":"biffy-clyro-triggerfinger-le-divan-du-monde-paris","status":"publish","type":"post","link":"https:\/\/www.wallendorff.com\/belogue\/2012\/11\/27\/biffy-clyro-triggerfinger-le-divan-du-monde-paris\/","title":{"rendered":"Biffy Clyro + Triggerfinger @ le Divan du Monde, Paris."},"content":{"rendered":"\n<div id=\"photo\">\n<p><img decoding=\"async\" src=\"https:\/\/www.wallendorff.com\/belogue\/photo\/2012\/11\/20121127.jpg\"><\/p>\n<\/p><\/div>\n<div id=\"setlist\">\n<p><em>Stingin&rsquo; Belle<\/em> | <em>The Captain<\/em> | <em>27<\/em> | <em>Modern Magic Formula<\/em> | <em>Folding Stars<\/em> | <em>Victory Over the Sun<\/em> | <em>A Whole Child Ago<\/em> | <em>Strung to Your Ribcase<\/em> | <em>God &amp; Satan<\/em> | <em>Who&rsquo;s Got a Match?<\/em> | <em>The Joke&rsquo;s on Us<\/em> | <em>Bubbles<\/em> | <em>Black Chandelier<\/em> | <em>Liberate the Illiterate<\/em> | <em>Booooom, Blast &amp; Ruin<\/em> | <em>Sounds Like Balloons<\/em> | <em>Many of Horror<\/em> | <em>9\/15ths<\/em> | <em>That Golden Rule<\/em> || <em>Hope for an Angel<\/em> | <em>Living Is a Problem Because Everything Dies<\/em> | <em>Mountains<\/em><\/p>\n<\/div>\n<p style=\"text-align:right\">Ouuuuh la double-baffe.<\/p>\n<div id=\"bandeson\">\n<p><img decoding=\"async\" src=\"https:\/\/www.wallendorff.com\/belogue\/photo\/pochettes\/b\/biffy_clyro-only_revolutions.jpg\" align=\"left\" \/>&nbsp;<a href=\"http:\/\/www.biffyclyro.com\/\">Biffy Clyro<\/a> &ndash; <a style=\"font-weight:normal\" id=\"lienmp3\" href=\"http:\/\/www.youtube.com\/watch?v=-ZGXRkvQpDE\"><em>Mountains<\/em><\/a><\/p>\n<\/p><\/div>\n<h1>Triggerfinger<\/h1>\n<div id=\"setlist\">\n<p><em>I&rsquo;m Coming for You<\/em> | <em>On My Knees<\/em> | <em>Short Term Memory Love<\/em> | <em>My Baby&rsquo;s Got a Gun<\/em> | <em>All This Dancin&rsquo; Around<\/em> | <em>First Taste<\/em> | <em>I Follow Rivers<\/em> (Lykke Li) | <em>Is It<\/em><\/p>\n<\/div>ngg_shortcode_0_placeholder<p>&nbsp;<\/p>\n<h1>Biffy Clyro<\/h1>ngg_shortcode_1_placeholder<p>&nbsp;<\/p>\n","protected":false},"excerpt":{"rendered":"<p>Stingin&rsquo; Belle | The Captain | 27 | Modern Magic Formula | Folding Stars | Victory Over the Sun | A Whole Child Ago | Strung to Your Ribcase | God &amp; Satan | Who&rsquo;s Got a Match? | The Joke&rsquo;s on Us | Bubbles | Black Chandelier | Liberate the Illiterate | Booooom, Blast&hellip;<\/p>\n","protected":false},"author":1,"featured_media":26411,"comment_status":"open","ping_status":"open","sticky":false,"template":"","format":"standard","meta":{"_acf_changed":false,"ngg_post_thumbnail":0,"jetpack_post_was_ever_published":false,"_jetpack_newsletter_access":"","_jetpack_dont_email_post_to_subs":false,"_jetpack_newsletter_tier_id":0,"_jetpack_memberships_contains_paywalled_content":false,"_jetpack_memberships_contains_paid_content":false,"footnotes":"","jetpack_publicize_message":"","jetpack_publicize_feature_enabled":true,"jetpack_social_post_already_shared":false,"jetpack_social_options":{"image_generator_settings":{"template":"highway","default_image_id":0,"font":"","enabled":false},"version":2}},"categories":[7],"tags":[10951,10143,10084,10529,11220,9270,1016,2571,196,181,2615,6766,10120,10121,10375,4018,10098,11143,11221],"class_list":["post-19650","post","type-post","status-publish","format-standard","has-post-thumbnail","hentry","category-alive","tag-10951","tag-10143","tag-alive","tag-biffy-clyro","tag-bring-the-noise-festival","tag-bring-the-noise-festival-2012","tag-ef-15-mm-f28-fisheye","tag-ef-16-35-mm-f28l-ii-usm","tag-ef-28-70-mm-f28l-usm","tag-ef-70-200-mm-f28l-usm","tag-eos-5d-mark-ii","tag-eos-5d-mark-iii","tag-france","tag-ile-de-france","tag-le-divan-du-monde","tag-mountains","tag-paris","tag-rue-des-martyrs","tag-triggerfinger"],"acf":[],"geo":{"latitude":48.8824692,"longitude":2.3394871,"description":"75 Rue des Martyrs, 75018 Paris, France"},"jetpack_publicize_connections":[],"jetpack_featured_media_url":"https:\/\/www.wallendorff.com\/belogue\/wp-content\/uploads\/2015\/04\/201211271.jpg","jetpack_shortlink":"https:\/\/wp.me\/p3b35P-56W","jetpack_sharing_enabled":true,"jetpack-related-posts":[{"id":33459,"url":"https:\/\/www.wallendorff.com\/belogue\/2017\/01\/31\/biffy-clyro-frank-carter-the-rattlesnakes-lolympia-paris\/","url_meta":{"origin":19650,"position":0},"title":"Biffy Clyro + Frank Carter &#038; the Rattlesnakes @ l&rsquo;Olympia, Paris.","author":"dpc","date":"31 janvier 2017","format":false,"excerpt":"Frank Carter & the Rattlesnakes Biffy Clyro","rel":"","context":"Dans &quot;Alive&quot;","block_context":{"text":"Alive","link":"https:\/\/www.wallendorff.com\/belogue\/category\/alive\/"},"img":{"alt_text":"","src":"https:\/\/i0.wp.com\/www.wallendorff.com\/belogue\/wp-content\/uploads\/2017\/01\/20170131-19-1.jpg?resize=350%2C200&ssl=1","width":350,"height":200,"srcset":"https:\/\/i0.wp.com\/www.wallendorff.com\/belogue\/wp-content\/uploads\/2017\/01\/20170131-19-1.jpg?resize=350%2C200&ssl=1 1x, https:\/\/i0.wp.com\/www.wallendorff.com\/belogue\/wp-content\/uploads\/2017\/01\/20170131-19-1.jpg?resize=525%2C300&ssl=1 1.5x, https:\/\/i0.wp.com\/www.wallendorff.com\/belogue\/wp-content\/uploads\/2017\/01\/20170131-19-1.jpg?resize=700%2C400&ssl=1 2x"},"classes":[]},{"id":40032,"url":"https:\/\/www.wallendorff.com\/belogue\/2018\/09\/26\/biffy-clyro-le-bataclan-paris-25-septembre-2018\/","url_meta":{"origin":19650,"position":1},"title":"Biffy Clyro @ le Bataclan, Paris, 25 septembre 2018.","author":"dpc","date":"26 septembre 2018","format":false,"excerpt":"","rel":"","context":"Dans &quot;Alive&quot;","block_context":{"text":"Alive","link":"https:\/\/www.wallendorff.com\/belogue\/category\/alive\/"},"img":{"alt_text":"","src":"https:\/\/i0.wp.com\/www.wallendorff.com\/belogue\/wp-content\/uploads\/2018\/09\/20180926-01.jpg?resize=350%2C200&ssl=1","width":350,"height":200,"srcset":"https:\/\/i0.wp.com\/www.wallendorff.com\/belogue\/wp-content\/uploads\/2018\/09\/20180926-01.jpg?resize=350%2C200&ssl=1 1x, https:\/\/i0.wp.com\/www.wallendorff.com\/belogue\/wp-content\/uploads\/2018\/09\/20180926-01.jpg?resize=525%2C300&ssl=1 1.5x, https:\/\/i0.wp.com\/www.wallendorff.com\/belogue\/wp-content\/uploads\/2018\/09\/20180926-01.jpg?resize=700%2C400&ssl=1 2x, https:\/\/i0.wp.com\/www.wallendorff.com\/belogue\/wp-content\/uploads\/2018\/09\/20180926-01.jpg?resize=1050%2C600&ssl=1 3x"},"classes":[]},{"id":6764,"url":"https:\/\/www.wallendorff.com\/belogue\/2010\/02\/10\/doutes-orties-et-defis-nient-yves\/","url_meta":{"origin":19650,"position":2},"title":"Doutes orties et d\u00e9fis nient Yves.","author":"dpc","date":"10 f\u00e9vrier 2010","format":false,"excerpt":"Th\u00e9\u00e2tre de l'Od\u00e9on, Paris, 3 janvier. C'est fou comme des fois dans la vie on peut mettre plein du temps pour revenir au m\u00eame endroit, quand m\u00eame. \u00a0My Vitriol \u2013 War of the Worlds","rel":"","context":"Dans &quot;DPC&quot;","block_context":{"text":"DPC","link":"https:\/\/www.wallendorff.com\/belogue\/category\/dpc\/"},"img":{"alt_text":"","src":"https:\/\/i0.wp.com\/www.wallendorff.com\/belogue\/wp-content\/uploads\/2015\/04\/201002101.jpg?resize=350%2C200&ssl=1","width":350,"height":200},"classes":[]},{"id":31160,"url":"https:\/\/www.wallendorff.com\/belogue\/2016\/06\/16\/download-festival-2016-jour-2\/","url_meta":{"origin":19650,"position":3},"title":"Download Festival 2016, jour 2.","author":"dpc","date":"16 juin 2016","format":false,"excerpt":"Vous serez, j'en suis certains, tous heureux d'apprendre que je n'avais pas chout\u00e9 Korn depuis le 30 juillet 2004, soient 4\u00a0341 jours, soient 330 de plus que le pr\u00e9c\u00e9dent record d'intervalle-entre-deux-passes-photos-du-m\u00eame-artiste (Massive Attack en 2014) que je tiens \u00e0 jour depuis 2013 sans trop savoir pourquoi. Oui, \u00e7a vous fait\u2026","rel":"","context":"Dans &quot;Alive&quot;","block_context":{"text":"Alive","link":"https:\/\/www.wallendorff.com\/belogue\/category\/alive\/"},"img":{"alt_text":"","src":"https:\/\/i0.wp.com\/www.wallendorff.com\/belogue\/wp-content\/uploads\/2016\/06\/20160616-64-1.jpg?resize=350%2C200&ssl=1","width":350,"height":200,"srcset":"https:\/\/i0.wp.com\/www.wallendorff.com\/belogue\/wp-content\/uploads\/2016\/06\/20160616-64-1.jpg?resize=350%2C200&ssl=1 1x, https:\/\/i0.wp.com\/www.wallendorff.com\/belogue\/wp-content\/uploads\/2016\/06\/20160616-64-1.jpg?resize=525%2C300&ssl=1 1.5x, https:\/\/i0.wp.com\/www.wallendorff.com\/belogue\/wp-content\/uploads\/2016\/06\/20160616-64-1.jpg?resize=700%2C400&ssl=1 2x"},"classes":[]},{"id":23498,"url":"https:\/\/www.wallendorff.com\/belogue\/2014\/10\/30\/the-asteroids-galaxy-tour-le-divan-du-monde-paris\/","url_meta":{"origin":19650,"position":4},"title":"The Asteroids Galaxy Tour @ le Divan du Monde, Paris.","author":"dpc","date":"30 octobre 2014","format":false,"excerpt":"Rock the Ride The Asteroids Galaxy Tour \u00a0","rel":"","context":"Dans &quot;Alive&quot;","block_context":{"text":"Alive","link":"https:\/\/www.wallendorff.com\/belogue\/category\/alive\/"},"img":{"alt_text":"","src":"https:\/\/i0.wp.com\/www.wallendorff.com\/belogue\/wp-content\/uploads\/2015\/04\/201410301.jpg?resize=350%2C200&ssl=1","width":350,"height":200,"srcset":"https:\/\/i0.wp.com\/www.wallendorff.com\/belogue\/wp-content\/uploads\/2015\/04\/201410301.jpg?resize=350%2C200&ssl=1 1x, https:\/\/i0.wp.com\/www.wallendorff.com\/belogue\/wp-content\/uploads\/2015\/04\/201410301.jpg?resize=525%2C300&ssl=1 1.5x, https:\/\/i0.wp.com\/www.wallendorff.com\/belogue\/wp-content\/uploads\/2015\/04\/201410301.jpg?resize=700%2C400&ssl=1 2x"},"classes":[]},{"id":7885,"url":"https:\/\/www.wallendorff.com\/belogue\/2010\/07\/22\/lhaiku-rit-aussi-tetin-vit-lun-des-faux\/","url_meta":{"origin":19650,"position":5},"title":"L&rsquo;ha\u00efku rit aussi ; t\u00e9tin vit l&rsquo;un des faux.","author":"dpc","date":"22 juillet 2010","format":false,"excerpt":"Palais du Louvre, Paris, 22 juin. Mais bien s\u00fbr que si que c'est un mot, enfin\u00a0: T\u00e9tin, subst. masc. a) Vx ou litt\u00e9r. Sein. Isabeau, ma mie, je ne serai content de Jupiter que lorsqu'il aura chang\u00e9 vos deux t\u00e9tins blancs en deux noires bouteilles, o\u00f9 je t\u00e9terai du vin\u2026","rel":"","context":"Dans &quot;DPC&quot;","block_context":{"text":"DPC","link":"https:\/\/www.wallendorff.com\/belogue\/category\/dpc\/"},"img":{"alt_text":"","src":"https:\/\/i0.wp.com\/www.wallendorff.com\/belogue\/wp-content\/uploads\/2015\/04\/201007221.jpg?resize=350%2C200&ssl=1","width":350,"height":200},"classes":[]}],"_links":{"self":[{"href":"https:\/\/www.wallendorff.com\/belogue\/wp-json\/wp\/v2\/posts\/19650","targetHints":{"allow":["GET"]}}],"collection":[{"href":"https:\/\/www.wallendorff.com\/belogue\/wp-json\/wp\/v2\/posts"}],"about":[{"href":"https:\/\/www.wallendorff.com\/belogue\/wp-json\/wp\/v2\/types\/post"}],"author":[{"embeddable":true,"href":"https:\/\/www.wallendorff.com\/belogue\/wp-json\/wp\/v2\/users\/1"}],"replies":[{"embeddable":true,"href":"https:\/\/www.wallendorff.com\/belogue\/wp-json\/wp\/v2\/comments?post=19650"}],"version-history":[{"count":6,"href":"https:\/\/www.wallendorff.com\/belogue\/wp-json\/wp\/v2\/posts\/19650\/revisions"}],"predecessor-version":[{"id":23670,"href":"https:\/\/www.wallendorff.com\/belogue\/wp-json\/wp\/v2\/posts\/19650\/revisions\/23670"}],"wp:featuredmedia":[{"embeddable":true,"href":"https:\/\/www.wallendorff.com\/belogue\/wp-json\/wp\/v2\/media\/26411"}],"wp:attachment":[{"href":"https:\/\/www.wallendorff.com\/belogue\/wp-json\/wp\/v2\/media?parent=19650"}],"wp:term":[{"taxonomy":"category","embeddable":true,"href":"https:\/\/www.wallendorff.com\/belogue\/wp-json\/wp\/v2\/categories?post=19650"},{"taxonomy":"post_tag","embeddable":true,"href":"https:\/\/www.wallendorff.com\/belogue\/wp-json\/wp\/v2\/tags?post=19650"}],"curies":[{"name":"wp","href":"https:\/\/api.w.org\/{rel}","templated":true}]}}