{"id":19617,"date":"2012-11-21T12:17:18","date_gmt":"2012-11-21T10:17:18","guid":{"rendered":"http:\/\/www.po-L.com\/belogue\/?p=19617"},"modified":"2012-11-21T12:17:18","modified_gmt":"2012-11-21T10:17:18","slug":"apres-tout-ii","status":"publish","type":"post","link":"https:\/\/www.wallendorff.com\/belogue\/2012\/11\/21\/apres-tout-ii\/","title":{"rendered":"Apr\u00e8s tout [II]."},"content":{"rendered":"\n<div id=\"photo\">\n<p><img decoding=\"async\" src=\"https:\/\/www.wallendorff.com\/belogue\/photo\/2012\/11\/20121121.jpg\"><br \/>\nMali Rat, 4 ao&ucirc;t.<\/p>\n<\/p><\/div>\n<p style=\"text-align:right\"><a href=\"https:\/\/www.wallendorff.com\/belogue\/2012\/07\/19\/apres-tout\/\">Apr&egrave;s tout [I].<\/a><\/p>\n<div id=\"bandeson\">\n<p><img decoding=\"async\" src=\"https:\/\/www.wallendorff.com\/belogue\/photo\/pochettes\/t\/this_mortal_coil-itll_end_in_tears.jpg\" align=\"left\" \/><a href=\"http:\/\/www.4ad.com\/artists\/thismortalcoil\/\">This Mortal Coil<\/a> &ndash; <a style=\"font-weight:normal\" id=\"lienmp3\" href=\"http:\/\/www.youtube.com\/watch?v=SmZ5HEaVMjA\"><em>Song to the Siren<\/em> (Tim Buckley cover)<\/a><\/p>\n<\/p><\/div>\n","protected":false},"excerpt":{"rendered":"<p>Mali Rat, 4 ao&ucirc;t. Apr&egrave;s tout [I]. This Mortal Coil &ndash; Song to the Siren (Tim Buckley cover)<\/p>\n","protected":false},"author":1,"featured_media":26399,"comment_status":"open","ping_status":"open","sticky":false,"template":"","format":"standard","meta":{"_acf_changed":false,"ngg_post_thumbnail":0,"jetpack_post_was_ever_published":false,"_jetpack_newsletter_access":"","_jetpack_dont_email_post_to_subs":false,"_jetpack_newsletter_tier_id":0,"_jetpack_memberships_contains_paywalled_content":false,"_jetpack_memberships_contains_paid_content":false,"footnotes":"","jetpack_publicize_message":"","jetpack_publicize_feature_enabled":true,"jetpack_social_post_already_shared":false,"jetpack_social_options":{"image_generator_settings":{"template":"highway","default_image_id":0,"font":"","enabled":false},"version":2}},"categories":[3],"tags":[6502,2571,2615,10240,6487,10246,11022,10326,11123,11124,10340,6960,10483,6871,6970,10407,6968,10334,6967,6969],"class_list":["post-19617","post","type-post","status-publish","format-standard","has-post-thumbnail","hentry","category-dpc","tag-balkans","tag-ef-16-35-mm-f28l-ii-usm","tag-eos-5d-mark-ii","tag-chaises","tag-comitat-de-split-dalmatie-2","tag-contre-jour","tag-coucher-de-soleil","tag-crepuscule","tag-croatie","tag-dugi-rat","tag-fille","tag-mali-rat","tag-mer","tag-mer-adriatique","tag-poljicka-cesta","tag-silhouette","tag-song-to-the-siren","tag-table","tag-this-mortal-coil","tag-tim-buckley"],"acf":[],"geo":{"latitude":43.4465485,"longitude":16.6291389,"description":"Dugi Rat, Splitsko-Dalmatinska, 21315, HR"},"jetpack_publicize_connections":[],"jetpack_featured_media_url":"https:\/\/www.wallendorff.com\/belogue\/wp-content\/uploads\/2015\/04\/201211211.jpg","jetpack_shortlink":"https:\/\/wp.me\/p3b35P-56p","jetpack_sharing_enabled":true,"jetpack-related-posts":[{"id":19588,"url":"https:\/\/www.wallendorff.com\/belogue\/2012\/11\/19\/dubrovnik-mali-rat\/","url_meta":{"origin":19617,"position":0},"title":"Dubrovnik &ndash; Mali Rat","author":"dpc","date":"19 novembre 2012","format":false,"excerpt":"Kilom\u00e8tres 1\u00a0633 \u00e0 2\u00a0007, 4 ao\u00fbt. \u00c9tape 1 | \u00c9tape 2 | \u00c9tape 3 | \u00c9tape 4 | \u00c9tape 5 | \u00c9tape 6 ... And You Will Know Us by the Trail of Dead \u2013 Catatonic \u00a0","rel":"","context":"Dans &quot;DPC&quot;","block_context":{"text":"DPC","link":"https:\/\/www.wallendorff.com\/belogue\/category\/dpc\/"},"img":{"alt_text":"","src":"https:\/\/i0.wp.com\/www.wallendorff.com\/belogue\/wp-content\/uploads\/2015\/04\/201211191.jpg?resize=350%2C200&ssl=1","width":350,"height":200,"srcset":"https:\/\/i0.wp.com\/www.wallendorff.com\/belogue\/wp-content\/uploads\/2015\/04\/201211191.jpg?resize=350%2C200&ssl=1 1x, https:\/\/i0.wp.com\/www.wallendorff.com\/belogue\/wp-content\/uploads\/2015\/04\/201211191.jpg?resize=525%2C300&ssl=1 1.5x, https:\/\/i0.wp.com\/www.wallendorff.com\/belogue\/wp-content\/uploads\/2015\/04\/201211191.jpg?resize=700%2C400&ssl=1 2x"},"classes":[]},{"id":19660,"url":"https:\/\/www.wallendorff.com\/belogue\/2012\/11\/28\/195838\/","url_meta":{"origin":19617,"position":1},"title":"19:58:38.","author":"dpc","date":"28 novembre 2012","format":false,"excerpt":"Mali Rat, 5 ao\u00fbt. \u00a0Jetta \u2013 Start a Riot","rel":"","context":"Dans &quot;DPC&quot;","block_context":{"text":"DPC","link":"https:\/\/www.wallendorff.com\/belogue\/category\/dpc\/"},"img":{"alt_text":"","src":"https:\/\/i0.wp.com\/www.wallendorff.com\/belogue\/wp-content\/uploads\/2015\/04\/201211281.jpg?resize=350%2C200&ssl=1","width":350,"height":200,"srcset":"https:\/\/i0.wp.com\/www.wallendorff.com\/belogue\/wp-content\/uploads\/2015\/04\/201211281.jpg?resize=350%2C200&ssl=1 1x, https:\/\/i0.wp.com\/www.wallendorff.com\/belogue\/wp-content\/uploads\/2015\/04\/201211281.jpg?resize=525%2C300&ssl=1 1.5x, https:\/\/i0.wp.com\/www.wallendorff.com\/belogue\/wp-content\/uploads\/2015\/04\/201211281.jpg?resize=700%2C400&ssl=1 2x"},"classes":[]},{"id":20371,"url":"https:\/\/www.wallendorff.com\/belogue\/2013\/02\/01\/apres-tout-iii\/","url_meta":{"origin":19617,"position":2},"title":"Apr\u00e8s tout [III].","author":"dpc","date":"1 f\u00e9vrier 2013","format":false,"excerpt":"Rue Liancourt, Paris, 15 d\u00e9cembre 2012. I Am Free The Dandy Warhols","rel":"","context":"Dans &quot;DPC&quot;","block_context":{"text":"DPC","link":"https:\/\/www.wallendorff.com\/belogue\/category\/dpc\/"},"img":{"alt_text":"","src":"https:\/\/i0.wp.com\/www.wallendorff.com\/belogue\/wp-content\/uploads\/2015\/04\/20130201.jpg?resize=350%2C200&ssl=1","width":350,"height":200,"srcset":"https:\/\/i0.wp.com\/www.wallendorff.com\/belogue\/wp-content\/uploads\/2015\/04\/20130201.jpg?resize=350%2C200&ssl=1 1x, https:\/\/i0.wp.com\/www.wallendorff.com\/belogue\/wp-content\/uploads\/2015\/04\/20130201.jpg?resize=525%2C300&ssl=1 1.5x, https:\/\/i0.wp.com\/www.wallendorff.com\/belogue\/wp-content\/uploads\/2015\/04\/20130201.jpg?resize=700%2C400&ssl=1 2x"},"classes":[]},{"id":23832,"url":"https:\/\/www.wallendorff.com\/belogue\/2015\/02\/02\/mademoiselle-k-la-cigale-paris-26-janvier\/","url_meta":{"origin":19617,"position":3},"title":"Mademoiselle K @ la Cigale, Paris, 26 janvier.","author":"dpc","date":"2 f\u00e9vrier 2015","format":false,"excerpt":"6 ans apr\u00e8s la derni\u00e8re fois et 8 ans \u2015\u00a0presque\u00a0\u2015 jour pour jour apr\u00e8s la premi\u00e8re Cigale. On se recroise, on se reconna\u00eet, on se retrouve, on s'y remet. C'est comme le v\u00e9lo, \u00e7a revient tout de suite. \u00c7a revient de loin, mais \u00e7a revient tout de suite. R U\u2026","rel":"","context":"Dans &quot;Alive&quot;","block_context":{"text":"Alive","link":"https:\/\/www.wallendorff.com\/belogue\/category\/alive\/"},"img":{"alt_text":"","src":"https:\/\/i0.wp.com\/www.wallendorff.com\/belogue\/wp-content\/uploads\/2015\/04\/201502021.jpg?resize=350%2C200&ssl=1","width":350,"height":200,"srcset":"https:\/\/i0.wp.com\/www.wallendorff.com\/belogue\/wp-content\/uploads\/2015\/04\/201502021.jpg?resize=350%2C200&ssl=1 1x, https:\/\/i0.wp.com\/www.wallendorff.com\/belogue\/wp-content\/uploads\/2015\/04\/201502021.jpg?resize=525%2C300&ssl=1 1.5x, https:\/\/i0.wp.com\/www.wallendorff.com\/belogue\/wp-content\/uploads\/2015\/04\/201502021.jpg?resize=700%2C400&ssl=1 2x"},"classes":[]},{"id":10988,"url":"https:\/\/www.wallendorff.com\/belogue\/2010\/12\/23\/peu-ou-proue\/","url_meta":{"origin":19617,"position":4},"title":"Peu [ou proue].","author":"dpc","date":"23 d\u00e9cembre 2010","format":false,"excerpt":"Camaret-sur-Mer, 1er novembre. Apr\u00e8s ce beau bateau rouill\u00e9, le chef vous sugg\u00e8re le top 5 de nos photos pr\u00e9f\u00e9r\u00e9es de l'ann\u00e9e sur le Hiboo, en grand format et tout. Japandroids \u2013 Heavenward Grand Prix PS\u00a0: faire une note sur Camaret-sur-Mer sans m\u00eame citer ses filles ni son cur\u00e9, c'est quand\u2026","rel":"","context":"Dans &quot;DPC&quot;","block_context":{"text":"DPC","link":"https:\/\/www.wallendorff.com\/belogue\/category\/dpc\/"},"img":{"alt_text":"","src":"https:\/\/i0.wp.com\/www.wallendorff.com\/belogue\/wp-content\/uploads\/2015\/04\/201012231.jpg?resize=350%2C200&ssl=1","width":350,"height":200},"classes":[]},{"id":468,"url":"https:\/\/www.wallendorff.com\/belogue\/2005\/02\/11\/carcasse-two\/","url_meta":{"origin":19617,"position":5},"title":"Carcasse-two*.","author":"dpc","date":"11 f\u00e9vrier 2005","format":false,"excerpt":"D\u00e9troit, 5 f\u00e9vrier. * Comme quoi elle a fini par venir, hein. \u00a0Jeff Buckley \u2013 Last Goodbye","rel":"","context":"Dans &quot;DPC&quot;","block_context":{"text":"DPC","link":"https:\/\/www.wallendorff.com\/belogue\/category\/dpc\/"},"img":{"alt_text":"","src":"https:\/\/i0.wp.com\/www.wallendorff.com\/belogue\/wp-content\/uploads\/2015\/04\/20050211-011.jpg?resize=350%2C200&ssl=1","width":350,"height":200},"classes":[]}],"_links":{"self":[{"href":"https:\/\/www.wallendorff.com\/belogue\/wp-json\/wp\/v2\/posts\/19617","targetHints":{"allow":["GET"]}}],"collection":[{"href":"https:\/\/www.wallendorff.com\/belogue\/wp-json\/wp\/v2\/posts"}],"about":[{"href":"https:\/\/www.wallendorff.com\/belogue\/wp-json\/wp\/v2\/types\/post"}],"author":[{"embeddable":true,"href":"https:\/\/www.wallendorff.com\/belogue\/wp-json\/wp\/v2\/users\/1"}],"replies":[{"embeddable":true,"href":"https:\/\/www.wallendorff.com\/belogue\/wp-json\/wp\/v2\/comments?post=19617"}],"version-history":[{"count":2,"href":"https:\/\/www.wallendorff.com\/belogue\/wp-json\/wp\/v2\/posts\/19617\/revisions"}],"predecessor-version":[{"id":19619,"href":"https:\/\/www.wallendorff.com\/belogue\/wp-json\/wp\/v2\/posts\/19617\/revisions\/19619"}],"wp:featuredmedia":[{"embeddable":true,"href":"https:\/\/www.wallendorff.com\/belogue\/wp-json\/wp\/v2\/media\/26399"}],"wp:attachment":[{"href":"https:\/\/www.wallendorff.com\/belogue\/wp-json\/wp\/v2\/media?parent=19617"}],"wp:term":[{"taxonomy":"category","embeddable":true,"href":"https:\/\/www.wallendorff.com\/belogue\/wp-json\/wp\/v2\/categories?post=19617"},{"taxonomy":"post_tag","embeddable":true,"href":"https:\/\/www.wallendorff.com\/belogue\/wp-json\/wp\/v2\/tags?post=19617"}],"curies":[{"name":"wp","href":"https:\/\/api.w.org\/{rel}","templated":true}]}}