{"id":196,"date":"2006-01-05T00:01:02","date_gmt":"2006-01-05T00:01:02","guid":{"rendered":"http:\/\/www.po-l.com\/wordpress\/?p=196"},"modified":"2012-01-05T10:55:18","modified_gmt":"2012-01-05T08:55:18","slug":"vitre-ton-sac","status":"publish","type":"post","link":"https:\/\/www.wallendorff.com\/belogue\/2006\/01\/05\/vitre-ton-sac\/","title":{"rendered":"Vitre ton sac."},"content":{"rendered":"<div id=\"photo\">\n<p><img decoding=\"async\" src=\"http:\/\/www.po-L.com\/belogue\/photo\/2006\/01\/20060105.jpg\" \/><br \/>\nBoulevard Jules Ferry, Paris, 31 d&eacute;cembre 2005, 13h50.<\/p>\n<\/div>\n<p style=\"text-align:right\" >[Ne surtout pas chercher &agrave; comprendre.]<\/p>\n<p style=\"text-align:right\" >&ldquo;<em>And oh, what can you say&#8230;<br \/>\nThe colour photographs are fading away<br \/>\nOh, what can you do&#8230;<br \/>\nThey&rsquo;ve got the lenses on<br \/>\nAnd staring through you<\/em>&rdquo;<\/p>\n<div id=\"bandeson\">\n<p><img decoding=\"async\" src=\"https:\/\/www.wallendorff.com\/belogue\/photo\/pochettes\/m\/my_vitriol-finelines.jpg\" align=\"left\" \/>&nbsp;<a href=\"http:\/\/www.myvitriol.com\/\">My Vitriol<\/a> &ndash; <em>Windows &amp; Walls<\/em><\/p>\n<\/div>\n<p class=\"petit\">\/Edit&nbsp;: Minuit une&nbsp;!! DAMN IT&nbsp;!!<\/p>\n","protected":false},"excerpt":{"rendered":"<p>Boulevard Jules Ferry, Paris, 31 d&eacute;cembre 2005, 13h50. [Ne surtout pas chercher &agrave; comprendre.] &ldquo;And oh, what can you say&#8230; The colour photographs are fading away Oh, what can you do&#8230; They&rsquo;ve got the lenses on And staring through you&rdquo; &nbsp;My Vitriol &ndash; Windows &amp; Walls \/Edit&nbsp;: Minuit une&nbsp;!! DAMN IT&nbsp;!!<\/p>\n","protected":false},"author":1,"featured_media":24133,"comment_status":"open","ping_status":"open","sticky":false,"template":"","format":"standard","meta":{"_acf_changed":false,"ngg_post_thumbnail":0,"jetpack_post_was_ever_published":false,"_jetpack_newsletter_access":"","_jetpack_dont_email_post_to_subs":false,"_jetpack_newsletter_tier_id":0,"_jetpack_memberships_contains_paywalled_content":false,"_jetpack_memberships_contains_paid_content":false,"footnotes":"","jetpack_publicize_message":"","jetpack_publicize_feature_enabled":true,"jetpack_social_post_already_shared":false,"jetpack_social_options":{"image_generator_settings":{"template":"highway","default_image_id":0,"font":"","enabled":false},"version":2}},"categories":[3],"tags":[10267,3503,132,10307,10120,10121,568,143,10098,170,1414],"class_list":["post-196","post","type-post","status-publish","format-standard","has-post-thumbnail","hentry","category-dpc","tag-10267","tag-boulevard-jules-ferry","tag-eos-20d","tag-fenetre","tag-france","tag-ile-de-france","tag-my-vitriol","tag-noir-et-blanc","tag-paris","tag-sigma-70-300-mm-f4-56-dg-apo-macro","tag-windows-wall"],"acf":[],"geo":{"latitude":48.8682709,"longitude":2.3673499,"description":null},"jetpack_publicize_connections":[],"jetpack_featured_media_url":"https:\/\/www.wallendorff.com\/belogue\/wp-content\/uploads\/2015\/04\/200601051.jpg","jetpack_shortlink":"https:\/\/wp.me\/p3b35P-3a","jetpack_sharing_enabled":true,"jetpack-related-posts":[{"id":6764,"url":"https:\/\/www.wallendorff.com\/belogue\/2010\/02\/10\/doutes-orties-et-defis-nient-yves\/","url_meta":{"origin":196,"position":0},"title":"Doutes orties et d\u00e9fis nient Yves.","author":"dpc","date":"10 f\u00e9vrier 2010","format":false,"excerpt":"Th\u00e9\u00e2tre de l'Od\u00e9on, Paris, 3 janvier. C'est fou comme des fois dans la vie on peut mettre plein du temps pour revenir au m\u00eame endroit, quand m\u00eame. \u00a0My Vitriol \u2013 War of the Worlds","rel":"","context":"Dans &quot;DPC&quot;","block_context":{"text":"DPC","link":"https:\/\/www.wallendorff.com\/belogue\/category\/dpc\/"},"img":{"alt_text":"","src":"https:\/\/i0.wp.com\/www.wallendorff.com\/belogue\/wp-content\/uploads\/2015\/04\/201002101.jpg?resize=350%2C200&ssl=1","width":350,"height":200},"classes":[]},{"id":3951,"url":"https:\/\/www.wallendorff.com\/belogue\/2009\/02\/26\/my-vitriol-le-point-ephemere-paris\/","url_meta":{"origin":196,"position":1},"title":"My Vitriol @ le Point \u00c9ph\u00e9m\u00e8re, Paris.","author":"dpc","date":"26 f\u00e9vrier 2009","format":false,"excerpt":"Flashback1. L'\u00e9t\u00e9 2001 commence de la plus d\u00e9licieuse des fa\u00e7ons \u00e0 la suite d'un printemps de pr\u00e9ludes comme j'en ai rarement connus. Trois mois de bi\u00e8re, de road-trips \u00e0 travers la France, de soir\u00e9es lors desquelles j'ai pu commencer ma longue carri\u00e8re de DJ le plus r\u00e9put\u00e9 de tout l'ouest\u2026","rel":"","context":"Dans &quot;Alive&quot;","block_context":{"text":"Alive","link":"https:\/\/www.wallendorff.com\/belogue\/category\/alive\/"},"img":{"alt_text":"","src":"https:\/\/i0.wp.com\/www.wallendorff.com\/belogue\/wp-content\/uploads\/2015\/04\/200902261.jpg?resize=350%2C200&ssl=1","width":350,"height":200,"srcset":"https:\/\/i0.wp.com\/www.wallendorff.com\/belogue\/wp-content\/uploads\/2015\/04\/200902261.jpg?resize=350%2C200&ssl=1 1x, https:\/\/i0.wp.com\/www.wallendorff.com\/belogue\/wp-content\/uploads\/2015\/04\/200902261.jpg?resize=525%2C300&ssl=1 1.5x, https:\/\/i0.wp.com\/www.wallendorff.com\/belogue\/wp-content\/uploads\/2015\/04\/200902261.jpg?resize=700%2C400&ssl=1 2x"},"classes":[]},{"id":336,"url":"https:\/\/www.wallendorff.com\/belogue\/2005\/06\/23\/avec-le-tanga-tout-s-en-va\/","url_meta":{"origin":196,"position":2},"title":"Avec le tanga, tout s&rsquo;en va&sup1;.","author":"dpc","date":"23 juin 2005","format":false,"excerpt":"Rue Mandar, Paris, 6 juin. \u0152il gonfl\u00e9, caf\u00e9 qui br\u00fble et humeur qui tue, Je ne cautionne pas le matin non plus. \"And in my broken jar All the remains are watered down And I'm starting to drown I wish I could, Sometimes I wish I would Always your way\u2026","rel":"","context":"Dans &quot;DPC&quot;","block_context":{"text":"DPC","link":"https:\/\/www.wallendorff.com\/belogue\/category\/dpc\/"},"img":{"alt_text":"","src":"https:\/\/i0.wp.com\/www.wallendorff.com\/belogue\/wp-content\/uploads\/2015\/04\/200506231.jpg?resize=350%2C200&ssl=1","width":350,"height":200},"classes":[]},{"id":3640,"url":"https:\/\/www.wallendorff.com\/belogue\/2008\/12\/02\/you-call-it-a-sealed-oyster-and-all-i-see-is-a-stone\/","url_meta":{"origin":196,"position":3},"title":"You call it a sealed oyster and all I see is a stone.","author":"dpc","date":"2 d\u00e9cembre 2008","format":false,"excerpt":"Tollbugata, Oslo, 16 novembre. My Vitriol \u2013 Losing Touch (live Islington Academy 2005)","rel":"","context":"Dans &quot;DPC&quot;","block_context":{"text":"DPC","link":"https:\/\/www.wallendorff.com\/belogue\/category\/dpc\/"},"img":{"alt_text":"","src":"https:\/\/i0.wp.com\/www.wallendorff.com\/belogue\/wp-content\/uploads\/2015\/04\/200812021.jpg?resize=350%2C200&ssl=1","width":350,"height":200},"classes":[]},{"id":46656,"url":"https:\/\/www.wallendorff.com\/belogue\/2020\/07\/31\/juillet-2020\/","url_meta":{"origin":196,"position":4},"title":"Juillet 2020.","author":"dpc","date":"31 juillet 2020","format":false,"excerpt":"Un train, un pique-nique, une plage, un train, un anniversaire, un avion, un a\u00e9roport, un num\u00e9ro, un m\u00e9tro, un bateau, un parc, un tram, un ap\u00e9ro, un caf\u00e9, un a\u00e9roport, des avions, des nuages, un train, un mariage, un concert, un train, un ap\u00e9ro, une gare, un m\u00e9tro, un vide-grenier,\u2026","rel":"","context":"Dans &quot;Blog-note&quot;","block_context":{"text":"Blog-note","link":"https:\/\/www.wallendorff.com\/belogue\/category\/blog-note\/"},"img":{"alt_text":"","src":"https:\/\/i0.wp.com\/www.wallendorff.com\/belogue\/wp-content\/uploads\/2020\/09\/20200909-50.jpg?resize=350%2C200&ssl=1","width":350,"height":200,"srcset":"https:\/\/i0.wp.com\/www.wallendorff.com\/belogue\/wp-content\/uploads\/2020\/09\/20200909-50.jpg?resize=350%2C200&ssl=1 1x, https:\/\/i0.wp.com\/www.wallendorff.com\/belogue\/wp-content\/uploads\/2020\/09\/20200909-50.jpg?resize=525%2C300&ssl=1 1.5x, https:\/\/i0.wp.com\/www.wallendorff.com\/belogue\/wp-content\/uploads\/2020\/09\/20200909-50.jpg?resize=700%2C400&ssl=1 2x, https:\/\/i0.wp.com\/www.wallendorff.com\/belogue\/wp-content\/uploads\/2020\/09\/20200909-50.jpg?resize=1050%2C600&ssl=1 3x"},"classes":[]},{"id":423,"url":"https:\/\/www.wallendorff.com\/belogue\/2005\/03\/30\/jaunes-les-nonnes\/","url_meta":{"origin":196,"position":5},"title":"Jaunes, les nonnes.","author":"dpc","date":"30 mars 2005","format":false,"excerpt":"Caf\u00e9 Mathis, Metz, 20 mars. \"It's your finest day, and I'm gonna do everything to hurt you, hurt you, my love.\" \u00a0My Vitriol \u2013 Losing Touch (acoustic Radio 1)","rel":"","context":"Dans &quot;DPC&quot;","block_context":{"text":"DPC","link":"https:\/\/www.wallendorff.com\/belogue\/category\/dpc\/"},"img":{"alt_text":"","src":"https:\/\/i0.wp.com\/www.wallendorff.com\/belogue\/wp-content\/uploads\/2015\/04\/200503301.jpg?resize=350%2C200&ssl=1","width":350,"height":200},"classes":[]}],"_links":{"self":[{"href":"https:\/\/www.wallendorff.com\/belogue\/wp-json\/wp\/v2\/posts\/196","targetHints":{"allow":["GET"]}}],"collection":[{"href":"https:\/\/www.wallendorff.com\/belogue\/wp-json\/wp\/v2\/posts"}],"about":[{"href":"https:\/\/www.wallendorff.com\/belogue\/wp-json\/wp\/v2\/types\/post"}],"author":[{"embeddable":true,"href":"https:\/\/www.wallendorff.com\/belogue\/wp-json\/wp\/v2\/users\/1"}],"replies":[{"embeddable":true,"href":"https:\/\/www.wallendorff.com\/belogue\/wp-json\/wp\/v2\/comments?post=196"}],"version-history":[{"count":1,"href":"https:\/\/www.wallendorff.com\/belogue\/wp-json\/wp\/v2\/posts\/196\/revisions"}],"predecessor-version":[{"id":15189,"href":"https:\/\/www.wallendorff.com\/belogue\/wp-json\/wp\/v2\/posts\/196\/revisions\/15189"}],"wp:featuredmedia":[{"embeddable":true,"href":"https:\/\/www.wallendorff.com\/belogue\/wp-json\/wp\/v2\/media\/24133"}],"wp:attachment":[{"href":"https:\/\/www.wallendorff.com\/belogue\/wp-json\/wp\/v2\/media?parent=196"}],"wp:term":[{"taxonomy":"category","embeddable":true,"href":"https:\/\/www.wallendorff.com\/belogue\/wp-json\/wp\/v2\/categories?post=196"},{"taxonomy":"post_tag","embeddable":true,"href":"https:\/\/www.wallendorff.com\/belogue\/wp-json\/wp\/v2\/tags?post=196"}],"curies":[{"name":"wp","href":"https:\/\/api.w.org\/{rel}","templated":true}]}}