{"id":19588,"date":"2012-11-19T13:12:09","date_gmt":"2012-11-19T11:12:09","guid":{"rendered":"http:\/\/www.po-L.com\/belogue\/?p=19588"},"modified":"2013-01-10T12:26:41","modified_gmt":"2013-01-10T10:26:41","slug":"dubrovnik-mali-rat","status":"publish","type":"post","link":"https:\/\/www.wallendorff.com\/belogue\/2012\/11\/19\/dubrovnik-mali-rat\/","title":{"rendered":"Dubrovnik &ndash; Mali Rat"},"content":{"rendered":"\n<div id=\"photo\">\n<p><img decoding=\"async\" src=\"https:\/\/www.wallendorff.com\/belogue\/photo\/2012\/11\/20121119.jpg\"><br \/>\n        Kilom&egrave;tres 1&nbsp;633 &agrave; 2&nbsp;007, 4 ao&ucirc;t.<\/p>\n<\/p><\/div>\n<p style=\"text-align:right\"><a href=\"https:\/\/www.wallendorff.com\/belogue\/2012\/09\/14\/kastel-novi-sarajevo\/\">&Eacute;tape 1<\/a> | <a href=\"https:\/\/www.wallendorff.com\/belogue\/2012\/09\/27\/sarajevo-bajina-bata\/\">&Eacute;tape 2<\/a> | <a href=\"https:\/\/www.wallendorff.com\/belogue\/2012\/10\/04\/bajina-bata-belgrade\/\">&Eacute;tape 3<\/a> | <a href=\"https:\/\/www.wallendorff.com\/belogue\/2012\/10\/15\/belgrade-pristina\/\">&Eacute;tape 4<\/a> | <a href=\"http:\/\/www.po-L.com\/belogue\/2012\/10\/18\/pritina-budva\/\">&Eacute;tape 5<\/a> | &Eacute;tape 6<\/p>\n<div id=\"bandeson\">\n<p><img decoding=\"async\" src=\"https:\/\/www.wallendorff.com\/belogue\/photo\/pochettes\/a\/and_you_will_know_us_by_the_trail_of_dead-lost_songs.jpg\" align=\"left\" \/><a href=\"https:\/\/andyouwillknowusbythetrailofdead.bandpage.com\/\">&#8230; And You Will Know Us by the Trail of Dead<\/a> &ndash; <a style=\"font-weight:normal\" id=\"lienmp3\" href=\"http:\/\/www.youtube.com\/watch?v=GbeAtIoVTrc\"><em>Catatonic<\/em><\/a><\/p>\n<\/p><\/div>ngg_shortcode_0_placeholder<p>&nbsp;<\/p>\n","protected":false},"excerpt":{"rendered":"<p>Kilom&egrave;tres 1&nbsp;633 &agrave; 2&nbsp;007, 4 ao&ucirc;t. &Eacute;tape 1 | &Eacute;tape 2 | &Eacute;tape 3 | &Eacute;tape 4 | &Eacute;tape 5 | &Eacute;tape 6 &#8230; And You Will Know Us by the Trail of Dead &ndash; Catatonic &nbsp;<\/p>\n","protected":false},"author":1,"featured_media":26404,"comment_status":"open","ping_status":"open","sticky":false,"template":"","format":"standard","meta":{"_acf_changed":false,"ngg_post_thumbnail":0,"jetpack_post_was_ever_published":false,"_jetpack_newsletter_access":"","_jetpack_dont_email_post_to_subs":false,"_jetpack_newsletter_tier_id":0,"_jetpack_memberships_contains_paywalled_content":false,"_jetpack_memberships_contains_paid_content":false,"footnotes":"","jetpack_publicize_message":"","jetpack_publicize_feature_enabled":true,"jetpack_social_post_already_shared":false,"jetpack_social_options":{"image_generator_settings":{"template":"highway","default_image_id":0,"font":"","enabled":false},"version":2}},"categories":[3],"tags":[7192,10841,6502,10384,2571,2615,6962,6866,6487,10246,11022,10326,11123,11140,11124,7085,6960,11217,10483,6871,10426,11215,6952,11216,10103,10681,170,6955,6944,6949,10171],"class_list":["post-19588","post","type-post","status-publish","format-standard","has-post-thumbnail","hentry","category-dpc","tag-and-you-will-know-us-by-the-trail-of-dead","tag-autoroute","tag-balkans","tag-bateau","tag-ef-16-35-mm-f28l-ii-usm","tag-eos-5d-mark-ii","tag-catatonic","tag-comitat-de-dubrovnik-neretva","tag-comitat-de-split-dalmatie-2","tag-contre-jour","tag-coucher-de-soleil","tag-crepuscule","tag-croatie","tag-dubrovnik","tag-dugi-rat","tag-lost-songs","tag-mali-rat","tag-memorial-des-partisans","tag-mer","tag-mer-adriatique","tag-montagne","tag-orebic","tag-peljesac","tag-pijavicino","tag-route","tag-ruine","tag-sigma-70-300-mm-f4-56-dg-apo-macro","tag-spomenik-palim-borcima-ovj-i-zrtvama-fasizma","tag-telepherique","tag-trpanj","tag-voiture"],"acf":[],"geo":{"latitude":42.9652023,"longitude":17.3076077,"description":"Oskoru\u0161no, Dubrova\u010dko-Neretvanska, 20242, HR"},"jetpack_publicize_connections":[],"jetpack_featured_media_url":"https:\/\/www.wallendorff.com\/belogue\/wp-content\/uploads\/2015\/04\/201211191.jpg","jetpack_shortlink":"https:\/\/wp.me\/p3b35P-55W","jetpack_sharing_enabled":true,"jetpack-related-posts":[{"id":18965,"url":"https:\/\/www.wallendorff.com\/belogue\/2012\/09\/14\/kastel-novi-sarajevo\/","url_meta":{"origin":19588,"position":0},"title":"Ka\u0161tel Novi &ndash; Sarajevo.","author":"dpc","date":"14 septembre 2012","format":false,"excerpt":"\u00c9tape 2 | \u00c9tape 3 | \u00c9tape 4 | \u00c9tape 5 | \u00c9tape 6 | \u00c9tape 7 Je l'ai d\u00e9j\u00e0 dit1: la photo sur la route, c'est hyper-frustrant. On loupe des tonnes de choses, on amasse plus de photos d'intention que de vraies et quand on reprend le tout apr\u00e8s\u2026","rel":"","context":"Dans &quot;DPC&quot;","block_context":{"text":"DPC","link":"https:\/\/www.wallendorff.com\/belogue\/category\/dpc\/"},"img":{"alt_text":"","src":"https:\/\/i0.wp.com\/www.wallendorff.com\/belogue\/wp-content\/uploads\/2015\/04\/201209141.jpg?resize=350%2C200&ssl=1","width":350,"height":200,"srcset":"https:\/\/i0.wp.com\/www.wallendorff.com\/belogue\/wp-content\/uploads\/2015\/04\/201209141.jpg?resize=350%2C200&ssl=1 1x, https:\/\/i0.wp.com\/www.wallendorff.com\/belogue\/wp-content\/uploads\/2015\/04\/201209141.jpg?resize=525%2C300&ssl=1 1.5x, https:\/\/i0.wp.com\/www.wallendorff.com\/belogue\/wp-content\/uploads\/2015\/04\/201209141.jpg?resize=700%2C400&ssl=1 2x"},"classes":[]},{"id":19452,"url":"https:\/\/www.wallendorff.com\/belogue\/2012\/11\/02\/i-will-learn-i-will-learn-to-love-the-skies-im-under\/","url_meta":{"origin":19588,"position":1},"title":"I will learn, I will learn, to love the skies I&rsquo;m under.","author":"dpc","date":"2 novembre 2012","format":false,"excerpt":"Dubrovnik, 2 ao\u00fbt. Mumford & Sons \u2013 Hopeless Wanderer","rel":"","context":"Dans &quot;DPC&quot;","block_context":{"text":"DPC","link":"https:\/\/www.wallendorff.com\/belogue\/category\/dpc\/"},"img":{"alt_text":"","src":"https:\/\/i0.wp.com\/www.wallendorff.com\/belogue\/wp-content\/uploads\/2015\/04\/201211021.jpg?resize=350%2C200&ssl=1","width":350,"height":200,"srcset":"https:\/\/i0.wp.com\/www.wallendorff.com\/belogue\/wp-content\/uploads\/2015\/04\/201211021.jpg?resize=350%2C200&ssl=1 1x, https:\/\/i0.wp.com\/www.wallendorff.com\/belogue\/wp-content\/uploads\/2015\/04\/201211021.jpg?resize=525%2C300&ssl=1 1.5x, https:\/\/i0.wp.com\/www.wallendorff.com\/belogue\/wp-content\/uploads\/2015\/04\/201211021.jpg?resize=700%2C400&ssl=1 2x"},"classes":[]},{"id":19559,"url":"https:\/\/www.wallendorff.com\/belogue\/2012\/11\/13\/barque-to-the-future\/","url_meta":{"origin":19588,"position":2},"title":"Barque to the future.","author":"dpc","date":"13 novembre 2012","format":false,"excerpt":"Dubrovnik, 3 ao\u00fbt. \u00a0Other Lives \u2013 Dust Bowl","rel":"","context":"Dans &quot;DPC&quot;","block_context":{"text":"DPC","link":"https:\/\/www.wallendorff.com\/belogue\/category\/dpc\/"},"img":{"alt_text":"","src":"https:\/\/i0.wp.com\/www.wallendorff.com\/belogue\/wp-content\/uploads\/2015\/04\/201211131.jpg?resize=350%2C200&ssl=1","width":350,"height":200,"srcset":"https:\/\/i0.wp.com\/www.wallendorff.com\/belogue\/wp-content\/uploads\/2015\/04\/201211131.jpg?resize=350%2C200&ssl=1 1x, https:\/\/i0.wp.com\/www.wallendorff.com\/belogue\/wp-content\/uploads\/2015\/04\/201211131.jpg?resize=525%2C300&ssl=1 1.5x, https:\/\/i0.wp.com\/www.wallendorff.com\/belogue\/wp-content\/uploads\/2015\/04\/201211131.jpg?resize=700%2C400&ssl=1 2x"},"classes":[]},{"id":19548,"url":"https:\/\/www.wallendorff.com\/belogue\/2012\/11\/08\/artaban\/","url_meta":{"origin":19588,"position":3},"title":"Artaban.","author":"dpc","date":"8 novembre 2012","format":false,"excerpt":"Banje, Dubrovnik, 3 ao\u00fbt. \u00a0The Bewitched Hands \u2013 Thank You, Goodbye, It's Over","rel":"","context":"Dans &quot;DPC&quot;","block_context":{"text":"DPC","link":"https:\/\/www.wallendorff.com\/belogue\/category\/dpc\/"},"img":{"alt_text":"","src":"https:\/\/i0.wp.com\/www.wallendorff.com\/belogue\/wp-content\/uploads\/2015\/04\/201211081.jpg?resize=350%2C200&ssl=1","width":350,"height":200,"srcset":"https:\/\/i0.wp.com\/www.wallendorff.com\/belogue\/wp-content\/uploads\/2015\/04\/201211081.jpg?resize=350%2C200&ssl=1 1x, https:\/\/i0.wp.com\/www.wallendorff.com\/belogue\/wp-content\/uploads\/2015\/04\/201211081.jpg?resize=525%2C300&ssl=1 1.5x"},"classes":[]},{"id":19467,"url":"https:\/\/www.wallendorff.com\/belogue\/2012\/11\/05\/line-by-line-we-all-scrape-by\/","url_meta":{"origin":19588,"position":4},"title":"Line by line, we all scrape by.","author":"dpc","date":"5 novembre 2012","format":false,"excerpt":"Ulica uz Jezuite, Dubrovnik, 2 ao\u00fbt. \u00a0The Walkmen \u2013 Line by Line","rel":"","context":"Dans &quot;DPC&quot;","block_context":{"text":"DPC","link":"https:\/\/www.wallendorff.com\/belogue\/category\/dpc\/"},"img":{"alt_text":"","src":"https:\/\/i0.wp.com\/www.wallendorff.com\/belogue\/wp-content\/uploads\/2015\/04\/201211051.jpg?resize=350%2C200&ssl=1","width":350,"height":200,"srcset":"https:\/\/i0.wp.com\/www.wallendorff.com\/belogue\/wp-content\/uploads\/2015\/04\/201211051.jpg?resize=350%2C200&ssl=1 1x, https:\/\/i0.wp.com\/www.wallendorff.com\/belogue\/wp-content\/uploads\/2015\/04\/201211051.jpg?resize=525%2C300&ssl=1 1.5x, https:\/\/i0.wp.com\/www.wallendorff.com\/belogue\/wp-content\/uploads\/2015\/04\/201211051.jpg?resize=700%2C400&ssl=1 2x"},"classes":[]},{"id":19583,"url":"https:\/\/www.wallendorff.com\/belogue\/2012\/11\/18\/stairing\/","url_meta":{"origin":19588,"position":5},"title":"Stairing.","author":"dpc","date":"18 novembre 2012","format":false,"excerpt":"Zamanjina et Palmoti\u0107eva, Dubrovnic, 3 et 4 ao\u00fbt. Amanda Palmer feat. The Grand Theft Orchestra \u2013 The Bed Song","rel":"","context":"Dans &quot;DPC&quot;","block_context":{"text":"DPC","link":"https:\/\/www.wallendorff.com\/belogue\/category\/dpc\/"},"img":{"alt_text":"","src":"https:\/\/i0.wp.com\/www.wallendorff.com\/belogue\/wp-content\/uploads\/2015\/04\/201211171.jpg?resize=350%2C200&ssl=1","width":350,"height":200},"classes":[]}],"_links":{"self":[{"href":"https:\/\/www.wallendorff.com\/belogue\/wp-json\/wp\/v2\/posts\/19588","targetHints":{"allow":["GET"]}}],"collection":[{"href":"https:\/\/www.wallendorff.com\/belogue\/wp-json\/wp\/v2\/posts"}],"about":[{"href":"https:\/\/www.wallendorff.com\/belogue\/wp-json\/wp\/v2\/types\/post"}],"author":[{"embeddable":true,"href":"https:\/\/www.wallendorff.com\/belogue\/wp-json\/wp\/v2\/users\/1"}],"replies":[{"embeddable":true,"href":"https:\/\/www.wallendorff.com\/belogue\/wp-json\/wp\/v2\/comments?post=19588"}],"version-history":[{"count":11,"href":"https:\/\/www.wallendorff.com\/belogue\/wp-json\/wp\/v2\/posts\/19588\/revisions"}],"predecessor-version":[{"id":20092,"href":"https:\/\/www.wallendorff.com\/belogue\/wp-json\/wp\/v2\/posts\/19588\/revisions\/20092"}],"wp:featuredmedia":[{"embeddable":true,"href":"https:\/\/www.wallendorff.com\/belogue\/wp-json\/wp\/v2\/media\/26404"}],"wp:attachment":[{"href":"https:\/\/www.wallendorff.com\/belogue\/wp-json\/wp\/v2\/media?parent=19588"}],"wp:term":[{"taxonomy":"category","embeddable":true,"href":"https:\/\/www.wallendorff.com\/belogue\/wp-json\/wp\/v2\/categories?post=19588"},{"taxonomy":"post_tag","embeddable":true,"href":"https:\/\/www.wallendorff.com\/belogue\/wp-json\/wp\/v2\/tags?post=19588"}],"curies":[{"name":"wp","href":"https:\/\/api.w.org\/{rel}","templated":true}]}}