{"id":19373,"date":"2012-10-23T12:07:23","date_gmt":"2012-10-23T10:07:23","guid":{"rendered":"http:\/\/www.po-L.com\/belogue\/?p=19373"},"modified":"2012-12-25T14:27:57","modified_gmt":"2012-12-25T12:27:57","slug":"budva-by-day","status":"publish","type":"post","link":"https:\/\/www.wallendorff.com\/belogue\/2012\/10\/23\/budva-by-day\/","title":{"rendered":"Budva by day."},"content":{"rendered":"\n<div id=\"photo\">\n<p><img decoding=\"async\" src=\"https:\/\/www.wallendorff.com\/belogue\/photo\/2012\/10\/20121023-01.jpg\"><br \/>\nBudva, 2 ao&ucirc;t.<\/p>\n<\/p><\/div>\n<div id=\"bandeson\">\n<p><img decoding=\"async\" src=\"https:\/\/www.wallendorff.com\/belogue\/photo\/pochettes\/r\/raveonettes_the-observator.jpg\" align=\"left\" \/>&nbsp;<a href=\"http:\/\/www.theraveonettes.com\">The Raveonettes<\/a> &ndash; <a style=\"font-weight:normal\" id=\"lienmp3\" href=\"http:\/\/www.youtube.com\/watch?v=10oh5Knqixo\"><em>Till the End<\/em><\/a><\/p>\n<\/p><\/div>\n","protected":false},"excerpt":{"rendered":"<p>Budva, 2 ao&ucirc;t. &nbsp;The Raveonettes &ndash; Till the End<\/p>\n","protected":false},"author":1,"featured_media":26392,"comment_status":"open","ping_status":"open","sticky":false,"template":"","format":"standard","meta":{"_acf_changed":false,"ngg_post_thumbnail":0,"jetpack_post_was_ever_published":false,"_jetpack_newsletter_access":"","_jetpack_dont_email_post_to_subs":false,"_jetpack_newsletter_tier_id":0,"_jetpack_memberships_contains_paywalled_content":false,"_jetpack_memberships_contains_paid_content":false,"footnotes":"","jetpack_publicize_message":"","jetpack_publicize_feature_enabled":true,"jetpack_social_post_already_shared":false,"jetpack_social_options":{"image_generator_settings":{"template":"highway","default_image_id":0,"font":"","enabled":false},"version":2}},"categories":[3],"tags":[6502,6826,2571,2615,4411,10484,6832,10483,11121,7088,6841,10714,10231,6840],"class_list":["post-19373","post","type-post","status-publish","format-standard","has-post-thumbnail","hentry","category-dpc","tag-balkans","tag-budva","tag-ef-16-35-mm-f28l-ii-usm","tag-eos-5d-mark-ii","tag-coca-cola","tag-eau","tag-ile-de-saint-nicolas","tag-mer","tag-montenegro","tag-observator","tag-parasol","tag-plage","tag-the-raveonettes","tag-till-the-end"],"acf":[],"geo":{"latitude":42.282341,"longitude":18.8390961,"description":"\u0160etali\u0161te, Budva, Mont\u00e9n\u00e9gro"},"jetpack_publicize_connections":[],"jetpack_featured_media_url":"https:\/\/www.wallendorff.com\/belogue\/wp-content\/uploads\/2015\/04\/20121023-011.jpg","jetpack_shortlink":"https:\/\/wp.me\/p3b35P-52t","jetpack_sharing_enabled":true,"jetpack-related-posts":[{"id":19357,"url":"https:\/\/www.wallendorff.com\/belogue\/2012\/10\/22\/budva-by-night\/","url_meta":{"origin":19373,"position":0},"title":"Budva by night.","author":"dpc","date":"22 octobre 2012","format":false,"excerpt":"Budva, 1er ao\u00fbt. \u00a0The xx \u2013 Tides","rel":"","context":"Dans &quot;DPC&quot;","block_context":{"text":"DPC","link":"https:\/\/www.wallendorff.com\/belogue\/category\/dpc\/"},"img":{"alt_text":"","src":"https:\/\/i0.wp.com\/www.wallendorff.com\/belogue\/wp-content\/uploads\/2015\/04\/201210221.jpg?resize=350%2C200&ssl=1","width":350,"height":200,"srcset":"https:\/\/i0.wp.com\/www.wallendorff.com\/belogue\/wp-content\/uploads\/2015\/04\/201210221.jpg?resize=350%2C200&ssl=1 1x, https:\/\/i0.wp.com\/www.wallendorff.com\/belogue\/wp-content\/uploads\/2015\/04\/201210221.jpg?resize=525%2C300&ssl=1 1.5x, https:\/\/i0.wp.com\/www.wallendorff.com\/belogue\/wp-content\/uploads\/2015\/04\/201210221.jpg?resize=700%2C400&ssl=1 2x"},"classes":[]},{"id":19383,"url":"https:\/\/www.wallendorff.com\/belogue\/2012\/10\/24\/on-rit-mille-heures\/","url_meta":{"origin":19373,"position":1},"title":"On rit mille heures.","author":"dpc","date":"24 octobre 2012","format":false,"excerpt":"Budva, 2 ao\u00fbt. \u00a0The Bewitched Hands \u2013 Ah!Ah!Ah!Ah!","rel":"","context":"Dans &quot;DPC&quot;","block_context":{"text":"DPC","link":"https:\/\/www.wallendorff.com\/belogue\/category\/dpc\/"},"img":{"alt_text":"","src":"https:\/\/i0.wp.com\/www.wallendorff.com\/belogue\/wp-content\/uploads\/2015\/04\/201210241.jpg?resize=350%2C200&ssl=1","width":350,"height":200,"srcset":"https:\/\/i0.wp.com\/www.wallendorff.com\/belogue\/wp-content\/uploads\/2015\/04\/201210241.jpg?resize=350%2C200&ssl=1 1x, https:\/\/i0.wp.com\/www.wallendorff.com\/belogue\/wp-content\/uploads\/2015\/04\/201210241.jpg?resize=525%2C300&ssl=1 1.5x, https:\/\/i0.wp.com\/www.wallendorff.com\/belogue\/wp-content\/uploads\/2015\/04\/201210241.jpg?resize=700%2C400&ssl=1 2x"},"classes":[]},{"id":19318,"url":"https:\/\/www.wallendorff.com\/belogue\/2012\/10\/18\/pritina-budva\/","url_meta":{"origin":19373,"position":2},"title":"Pri&scaron;tina &#8211; Budva","author":"dpc","date":"18 octobre 2012","format":false,"excerpt":"Kilom\u00e8tres 1\u00a0134 \u00e0 1\u00a0526, 1er ao\u00fbt. \u00c9tape 1 | \u00c9tape 2 | \u00c9tape 3 | \u00c9tape 4 | \u00c9tape 6 | \u00c9tape 7 \u00c7a commence par la travers\u00e9e du Kosovo. Les plaines, les maisons inachev\u00e9es, les drapeaux albanais et les monuments aux morts de l'U\u00c7K, partout, puis l'arriv\u00e9e \u00e0 Pe\u0107,\u2026","rel":"","context":"Dans &quot;DPC&quot;","block_context":{"text":"DPC","link":"https:\/\/www.wallendorff.com\/belogue\/category\/dpc\/"},"img":{"alt_text":"","src":"https:\/\/i0.wp.com\/www.wallendorff.com\/belogue\/wp-content\/uploads\/2015\/04\/201210181.jpg?resize=350%2C200&ssl=1","width":350,"height":200,"srcset":"https:\/\/i0.wp.com\/www.wallendorff.com\/belogue\/wp-content\/uploads\/2015\/04\/201210181.jpg?resize=350%2C200&ssl=1 1x, https:\/\/i0.wp.com\/www.wallendorff.com\/belogue\/wp-content\/uploads\/2015\/04\/201210181.jpg?resize=525%2C300&ssl=1 1.5x, https:\/\/i0.wp.com\/www.wallendorff.com\/belogue\/wp-content\/uploads\/2015\/04\/201210181.jpg?resize=700%2C400&ssl=1 2x"},"classes":[]},{"id":20919,"url":"https:\/\/www.wallendorff.com\/belogue\/2013\/05\/14\/the-raveonettes-la-maroquinerie-paris-12-mai\/","url_meta":{"origin":19373,"position":3},"title":"The Raveonettes @ la Maroquinerie, Paris, 12 mai.","author":"dpc","date":"14 mai 2013","format":false,"excerpt":"TwilightThe Raveonettes \u00a0","rel":"","context":"Dans &quot;Alive&quot;","block_context":{"text":"Alive","link":"https:\/\/www.wallendorff.com\/belogue\/category\/alive\/"},"img":{"alt_text":"","src":"https:\/\/i0.wp.com\/www.wallendorff.com\/belogue\/wp-content\/uploads\/2015\/04\/20130514.jpg?resize=350%2C200&ssl=1","width":350,"height":200,"srcset":"https:\/\/i0.wp.com\/www.wallendorff.com\/belogue\/wp-content\/uploads\/2015\/04\/20130514.jpg?resize=350%2C200&ssl=1 1x, https:\/\/i0.wp.com\/www.wallendorff.com\/belogue\/wp-content\/uploads\/2015\/04\/20130514.jpg?resize=525%2C300&ssl=1 1.5x, https:\/\/i0.wp.com\/www.wallendorff.com\/belogue\/wp-content\/uploads\/2015\/04\/20130514.jpg?resize=700%2C400&ssl=1 2x"},"classes":[]},{"id":13185,"url":"https:\/\/www.wallendorff.com\/belogue\/2011\/08\/30\/shooting-people-89\/","url_meta":{"origin":19373,"position":4},"title":"Shooting people #89.","author":"dpc","date":"30 ao\u00fbt 2011","format":false,"excerpt":"Paris, 3 ao\u00fbt. \u00a0The Raveonettes \u2013 Twilight","rel":"","context":"Dans &quot;Portraits&quot;","block_context":{"text":"Portraits","link":"https:\/\/www.wallendorff.com\/belogue\/category\/portraits\/"},"img":{"alt_text":"","src":"https:\/\/i0.wp.com\/www.wallendorff.com\/belogue\/wp-content\/uploads\/2015\/04\/201108301.jpg?resize=350%2C200&ssl=1","width":350,"height":200,"srcset":"https:\/\/i0.wp.com\/www.wallendorff.com\/belogue\/wp-content\/uploads\/2015\/04\/201108301.jpg?resize=350%2C200&ssl=1 1x, https:\/\/i0.wp.com\/www.wallendorff.com\/belogue\/wp-content\/uploads\/2015\/04\/201108301.jpg?resize=525%2C300&ssl=1 1.5x, https:\/\/i0.wp.com\/www.wallendorff.com\/belogue\/wp-content\/uploads\/2015\/04\/201108301.jpg?resize=700%2C400&ssl=1 2x"},"classes":[]},{"id":18985,"url":"https:\/\/www.wallendorff.com\/belogue\/2012\/09\/18\/couloir-no-127\/","url_meta":{"origin":19373,"position":5},"title":"Couloir no 127.","author":"dpc","date":"18 septembre 2012","format":false,"excerpt":"H\u00f4tel Grand, Sarajevo, 28 juillet. [Pur\u00e9e c'est dingue ce qu'on se croirait \u00e0 Milwaukee ou Londres.] The Raveonettes \u2013 Curse the Night","rel":"","context":"Dans &quot;DPC&quot;","block_context":{"text":"DPC","link":"https:\/\/www.wallendorff.com\/belogue\/category\/dpc\/"},"img":{"alt_text":"","src":"https:\/\/i0.wp.com\/www.wallendorff.com\/belogue\/wp-content\/uploads\/2015\/04\/201209181.jpg?resize=350%2C200&ssl=1","width":350,"height":200},"classes":[]}],"_links":{"self":[{"href":"https:\/\/www.wallendorff.com\/belogue\/wp-json\/wp\/v2\/posts\/19373","targetHints":{"allow":["GET"]}}],"collection":[{"href":"https:\/\/www.wallendorff.com\/belogue\/wp-json\/wp\/v2\/posts"}],"about":[{"href":"https:\/\/www.wallendorff.com\/belogue\/wp-json\/wp\/v2\/types\/post"}],"author":[{"embeddable":true,"href":"https:\/\/www.wallendorff.com\/belogue\/wp-json\/wp\/v2\/users\/1"}],"replies":[{"embeddable":true,"href":"https:\/\/www.wallendorff.com\/belogue\/wp-json\/wp\/v2\/comments?post=19373"}],"version-history":[{"count":7,"href":"https:\/\/www.wallendorff.com\/belogue\/wp-json\/wp\/v2\/posts\/19373\/revisions"}],"predecessor-version":[{"id":19873,"href":"https:\/\/www.wallendorff.com\/belogue\/wp-json\/wp\/v2\/posts\/19373\/revisions\/19873"}],"wp:featuredmedia":[{"embeddable":true,"href":"https:\/\/www.wallendorff.com\/belogue\/wp-json\/wp\/v2\/media\/26392"}],"wp:attachment":[{"href":"https:\/\/www.wallendorff.com\/belogue\/wp-json\/wp\/v2\/media?parent=19373"}],"wp:term":[{"taxonomy":"category","embeddable":true,"href":"https:\/\/www.wallendorff.com\/belogue\/wp-json\/wp\/v2\/categories?post=19373"},{"taxonomy":"post_tag","embeddable":true,"href":"https:\/\/www.wallendorff.com\/belogue\/wp-json\/wp\/v2\/tags?post=19373"}],"curies":[{"name":"wp","href":"https:\/\/api.w.org\/{rel}","templated":true}]}}