{"id":19357,"date":"2012-10-22T11:10:19","date_gmt":"2012-10-22T09:10:19","guid":{"rendered":"http:\/\/www.po-L.com\/belogue\/?p=19357"},"modified":"2012-11-02T17:52:12","modified_gmt":"2012-11-02T15:52:12","slug":"budva-by-night","status":"publish","type":"post","link":"https:\/\/www.wallendorff.com\/belogue\/2012\/10\/22\/budva-by-night\/","title":{"rendered":"Budva by night."},"content":{"rendered":"\n<div id=\"photo\">\n<p><img decoding=\"async\" src=\"https:\/\/www.wallendorff.com\/belogue\/photo\/2012\/10\/20121022.jpg\"><br \/>\nBudva, 1<sup>er<\/sup> ao&ucirc;t.<\/p>\n<\/p><\/div>\n<div id=\"bandeson\">\n<p><img decoding=\"async\" src=\"https:\/\/www.wallendorff.com\/belogue\/photo\/pochettes\/x\/xx_the-coexist.jpg\" align=\"left\" \/>&nbsp;<a href=\"http:\/\/thexx.info\/\">The xx<\/a> &ndash; <a style=\"font-weight:normal\" id=\"lienmp3\" href=\"http:\/\/www.youtube.com\/watch?v=FoRAX-tggx4\"><em>Tides<\/em><\/a><\/p>\n<\/p><\/div>\n","protected":false},"excerpt":{"rendered":"<p>Budva, 1er ao&ucirc;t. &nbsp;The xx &ndash; Tides<\/p>\n","protected":false},"author":1,"featured_media":26391,"comment_status":"open","ping_status":"open","sticky":false,"template":"","format":"standard","meta":{"_acf_changed":false,"ngg_post_thumbnail":0,"jetpack_post_was_ever_published":false,"_jetpack_newsletter_access":"","_jetpack_dont_email_post_to_subs":false,"_jetpack_newsletter_tier_id":0,"_jetpack_memberships_contains_paywalled_content":false,"_jetpack_memberships_contains_paid_content":false,"footnotes":"","jetpack_publicize_message":"","jetpack_publicize_feature_enabled":true,"jetpack_social_post_already_shared":false,"jetpack_social_options":{"image_generator_settings":{"template":"highway","default_image_id":0,"font":"","enabled":false},"version":2}},"categories":[3],"tags":[6502,6826,2571,2615,10311,10484,10340,6832,10151,10483,11121,10147,10714,10615,6833],"class_list":["post-19357","post","type-post","status-publish","format-standard","has-post-thumbnail","hentry","category-dpc","tag-balkans","tag-budva","tag-ef-16-35-mm-f28l-ii-usm","tag-eos-5d-mark-ii","tag-dos","tag-eau","tag-fille","tag-ile-de-saint-nicolas","tag-lune","tag-mer","tag-montenegro","tag-nuit","tag-plage","tag-the-xx","tag-tides"],"acf":[],"geo":{"latitude":42.282341,"longitude":18.8390961,"description":"\u0160etali\u0161te, Budva, Mont\u00e9n\u00e9gro"},"jetpack_publicize_connections":[],"jetpack_featured_media_url":"https:\/\/www.wallendorff.com\/belogue\/wp-content\/uploads\/2015\/04\/201210221.jpg","jetpack_shortlink":"https:\/\/wp.me\/p3b35P-52d","jetpack_sharing_enabled":true,"jetpack-related-posts":[{"id":19373,"url":"https:\/\/www.wallendorff.com\/belogue\/2012\/10\/23\/budva-by-day\/","url_meta":{"origin":19357,"position":0},"title":"Budva by day.","author":"dpc","date":"23 octobre 2012","format":false,"excerpt":"Budva, 2 ao\u00fbt. \u00a0The Raveonettes \u2013 Till the End","rel":"","context":"Dans &quot;DPC&quot;","block_context":{"text":"DPC","link":"https:\/\/www.wallendorff.com\/belogue\/category\/dpc\/"},"img":{"alt_text":"","src":"https:\/\/i0.wp.com\/www.wallendorff.com\/belogue\/wp-content\/uploads\/2015\/04\/20121023-011.jpg?resize=350%2C200&ssl=1","width":350,"height":200,"srcset":"https:\/\/i0.wp.com\/www.wallendorff.com\/belogue\/wp-content\/uploads\/2015\/04\/20121023-011.jpg?resize=350%2C200&ssl=1 1x, https:\/\/i0.wp.com\/www.wallendorff.com\/belogue\/wp-content\/uploads\/2015\/04\/20121023-011.jpg?resize=525%2C300&ssl=1 1.5x, https:\/\/i0.wp.com\/www.wallendorff.com\/belogue\/wp-content\/uploads\/2015\/04\/20121023-011.jpg?resize=700%2C400&ssl=1 2x"},"classes":[]},{"id":19383,"url":"https:\/\/www.wallendorff.com\/belogue\/2012\/10\/24\/on-rit-mille-heures\/","url_meta":{"origin":19357,"position":1},"title":"On rit mille heures.","author":"dpc","date":"24 octobre 2012","format":false,"excerpt":"Budva, 2 ao\u00fbt. \u00a0The Bewitched Hands \u2013 Ah!Ah!Ah!Ah!","rel":"","context":"Dans &quot;DPC&quot;","block_context":{"text":"DPC","link":"https:\/\/www.wallendorff.com\/belogue\/category\/dpc\/"},"img":{"alt_text":"","src":"https:\/\/i0.wp.com\/www.wallendorff.com\/belogue\/wp-content\/uploads\/2015\/04\/201210241.jpg?resize=350%2C200&ssl=1","width":350,"height":200,"srcset":"https:\/\/i0.wp.com\/www.wallendorff.com\/belogue\/wp-content\/uploads\/2015\/04\/201210241.jpg?resize=350%2C200&ssl=1 1x, https:\/\/i0.wp.com\/www.wallendorff.com\/belogue\/wp-content\/uploads\/2015\/04\/201210241.jpg?resize=525%2C300&ssl=1 1.5x, https:\/\/i0.wp.com\/www.wallendorff.com\/belogue\/wp-content\/uploads\/2015\/04\/201210241.jpg?resize=700%2C400&ssl=1 2x"},"classes":[]},{"id":19318,"url":"https:\/\/www.wallendorff.com\/belogue\/2012\/10\/18\/pritina-budva\/","url_meta":{"origin":19357,"position":2},"title":"Pri&scaron;tina &#8211; Budva","author":"dpc","date":"18 octobre 2012","format":false,"excerpt":"Kilom\u00e8tres 1\u00a0134 \u00e0 1\u00a0526, 1er ao\u00fbt. \u00c9tape 1 | \u00c9tape 2 | \u00c9tape 3 | \u00c9tape 4 | \u00c9tape 6 | \u00c9tape 7 \u00c7a commence par la travers\u00e9e du Kosovo. Les plaines, les maisons inachev\u00e9es, les drapeaux albanais et les monuments aux morts de l'U\u00c7K, partout, puis l'arriv\u00e9e \u00e0 Pe\u0107,\u2026","rel":"","context":"Dans &quot;DPC&quot;","block_context":{"text":"DPC","link":"https:\/\/www.wallendorff.com\/belogue\/category\/dpc\/"},"img":{"alt_text":"","src":"https:\/\/i0.wp.com\/www.wallendorff.com\/belogue\/wp-content\/uploads\/2015\/04\/201210181.jpg?resize=350%2C200&ssl=1","width":350,"height":200,"srcset":"https:\/\/i0.wp.com\/www.wallendorff.com\/belogue\/wp-content\/uploads\/2015\/04\/201210181.jpg?resize=350%2C200&ssl=1 1x, https:\/\/i0.wp.com\/www.wallendorff.com\/belogue\/wp-content\/uploads\/2015\/04\/201210181.jpg?resize=525%2C300&ssl=1 1.5x, https:\/\/i0.wp.com\/www.wallendorff.com\/belogue\/wp-content\/uploads\/2015\/04\/201210181.jpg?resize=700%2C400&ssl=1 2x"},"classes":[]},{"id":12720,"url":"https:\/\/www.wallendorff.com\/belogue\/2011\/05\/09\/follow-i\/","url_meta":{"origin":19357,"position":3},"title":"Follow [I].","author":"dpc","date":"9 mai 2011","format":false,"excerpt":"Rue Pi\u00e9mont\u00e9si, Paris, 20 avril. \u00a0The xx \u2014 Fantasy","rel":"","context":"Dans &quot;DPC&quot;","block_context":{"text":"DPC","link":"https:\/\/www.wallendorff.com\/belogue\/category\/dpc\/"},"img":{"alt_text":"","src":"https:\/\/i0.wp.com\/www.wallendorff.com\/belogue\/wp-content\/uploads\/2015\/04\/201105091.jpg?resize=350%2C200&ssl=1","width":350,"height":200},"classes":[]},{"id":18954,"url":"https:\/\/www.wallendorff.com\/belogue\/2012\/09\/12\/voisins-de-panier-ii\/","url_meta":{"origin":19357,"position":4},"title":"Voisins de panier [II].","author":"dpc","date":"12 septembre 2012","format":false,"excerpt":"Passerelle Simone-de-Beauvoir, Paris, 25 juillet. The xx \u2013 Angels","rel":"","context":"Dans &quot;DPC&quot;","block_context":{"text":"DPC","link":"https:\/\/www.wallendorff.com\/belogue\/category\/dpc\/"},"img":{"alt_text":"","src":"https:\/\/i0.wp.com\/www.wallendorff.com\/belogue\/wp-content\/uploads\/2015\/04\/201209121.jpg?resize=350%2C200&ssl=1","width":350,"height":200,"srcset":"https:\/\/i0.wp.com\/www.wallendorff.com\/belogue\/wp-content\/uploads\/2015\/04\/201209121.jpg?resize=350%2C200&ssl=1 1x, https:\/\/i0.wp.com\/www.wallendorff.com\/belogue\/wp-content\/uploads\/2015\/04\/201209121.jpg?resize=525%2C300&ssl=1 1.5x, https:\/\/i0.wp.com\/www.wallendorff.com\/belogue\/wp-content\/uploads\/2015\/04\/201209121.jpg?resize=700%2C400&ssl=1 2x"},"classes":[]},{"id":18027,"url":"https:\/\/www.wallendorff.com\/belogue\/2012\/07\/03\/main-square-festival-2012-jour-1\/","url_meta":{"origin":19357,"position":5},"title":"Main Square Festival 2012, jour 1.","author":"dpc","date":"3 juillet 2012","format":false,"excerpt":"Retrouver son parking magique. Choper du Ricard\u00ae. Choper des petits fours. Tenter les frites bio. Croiser un guitariste. Vexer les Brigitte. Chanter joyeux anniversaire \u00e0 un roadie de 65 ans. Trouver des airs de Dracula \u00e0 Tom Smith. Manquer de se retrouver derri\u00e8re le bar de la Green Room. Boire\u2026","rel":"","context":"Dans &quot;Alive&quot;","block_context":{"text":"Alive","link":"https:\/\/www.wallendorff.com\/belogue\/category\/alive\/"},"img":{"alt_text":"","src":"https:\/\/i0.wp.com\/www.wallendorff.com\/belogue\/wp-content\/uploads\/2015\/04\/201207031.jpg?resize=350%2C200&ssl=1","width":350,"height":200,"srcset":"https:\/\/i0.wp.com\/www.wallendorff.com\/belogue\/wp-content\/uploads\/2015\/04\/201207031.jpg?resize=350%2C200&ssl=1 1x, https:\/\/i0.wp.com\/www.wallendorff.com\/belogue\/wp-content\/uploads\/2015\/04\/201207031.jpg?resize=525%2C300&ssl=1 1.5x, https:\/\/i0.wp.com\/www.wallendorff.com\/belogue\/wp-content\/uploads\/2015\/04\/201207031.jpg?resize=700%2C400&ssl=1 2x"},"classes":[]}],"_links":{"self":[{"href":"https:\/\/www.wallendorff.com\/belogue\/wp-json\/wp\/v2\/posts\/19357","targetHints":{"allow":["GET"]}}],"collection":[{"href":"https:\/\/www.wallendorff.com\/belogue\/wp-json\/wp\/v2\/posts"}],"about":[{"href":"https:\/\/www.wallendorff.com\/belogue\/wp-json\/wp\/v2\/types\/post"}],"author":[{"embeddable":true,"href":"https:\/\/www.wallendorff.com\/belogue\/wp-json\/wp\/v2\/users\/1"}],"replies":[{"embeddable":true,"href":"https:\/\/www.wallendorff.com\/belogue\/wp-json\/wp\/v2\/comments?post=19357"}],"version-history":[{"count":6,"href":"https:\/\/www.wallendorff.com\/belogue\/wp-json\/wp\/v2\/posts\/19357\/revisions"}],"predecessor-version":[{"id":19457,"href":"https:\/\/www.wallendorff.com\/belogue\/wp-json\/wp\/v2\/posts\/19357\/revisions\/19457"}],"wp:featuredmedia":[{"embeddable":true,"href":"https:\/\/www.wallendorff.com\/belogue\/wp-json\/wp\/v2\/media\/26391"}],"wp:attachment":[{"href":"https:\/\/www.wallendorff.com\/belogue\/wp-json\/wp\/v2\/media?parent=19357"}],"wp:term":[{"taxonomy":"category","embeddable":true,"href":"https:\/\/www.wallendorff.com\/belogue\/wp-json\/wp\/v2\/categories?post=19357"},{"taxonomy":"post_tag","embeddable":true,"href":"https:\/\/www.wallendorff.com\/belogue\/wp-json\/wp\/v2\/tags?post=19357"}],"curies":[{"name":"wp","href":"https:\/\/api.w.org\/{rel}","templated":true}]}}