{"id":19314,"date":"2012-10-17T13:08:07","date_gmt":"2012-10-17T11:08:07","guid":{"rendered":"http:\/\/www.po-L.com\/belogue\/?p=19314"},"modified":"2012-10-17T13:08:07","modified_gmt":"2012-10-17T11:08:07","slug":"train-te-scie-champ-delle","status":"publish","type":"post","link":"https:\/\/www.wallendorff.com\/belogue\/2012\/10\/17\/train-te-scie-champ-delle\/","title":{"rendered":"Train te scie champ d&rsquo;elle."},"content":{"rendered":"\n<div id=\"photo\">\n<p><img decoding=\"async\" src=\"https:\/\/www.wallendorff.com\/belogue\/photo\/2012\/10\/20121017.jpg\"><br \/>\nP&euml;rlin&euml;, 1<sup>er<\/sup> ao&ucirc;t.<\/p>\n<\/p><\/div>\n<div id=\"bandeson\">\n<p><img decoding=\"async\" src=\"https:\/\/www.wallendorff.com\/belogue\/photo\/pochettes\/v\/vedder_eddie-into_the_wild.jpg\" align=\"left\" \/>&nbsp;<a href=\"http:\/\/www.tenclub.net\">Eddie Vedder<\/a> &ndash; <a style=\"font-weight:normal\" id=\"lienmp3\" href=\"http:\/\/www.youtube.com\/watch?v=fvYLZ-aLSXE\"><em>Hard Sun<\/em> (Indio cover)<\/a><\/p>\n<\/p><\/div>\n","protected":false},"excerpt":{"rendered":"<p>P&euml;rlin&euml;, 1er ao&ucirc;t. &nbsp;Eddie Vedder &ndash; Hard Sun (Indio cover)<\/p>\n","protected":false},"author":1,"featured_media":24498,"comment_status":"open","ping_status":"open","sticky":false,"template":"","format":"standard","meta":{"_acf_changed":false,"ngg_post_thumbnail":0,"jetpack_post_was_ever_published":false,"_jetpack_newsletter_access":"","_jetpack_dont_email_post_to_subs":false,"_jetpack_newsletter_tier_id":0,"_jetpack_memberships_contains_paywalled_content":false,"_jetpack_memberships_contains_paid_content":false,"footnotes":"","jetpack_publicize_message":"","jetpack_publicize_feature_enabled":true,"jetpack_social_post_already_shared":false,"jetpack_social_options":{"image_generator_settings":{"template":"highway","default_image_id":0,"font":"","enabled":false},"version":2}},"categories":[3],"tags":[6502,2571,2615,10473,10144,10330,3322,10875,11196,10599,10165,6798,10779,10150],"class_list":["post-19314","post","type-post","status-publish","format-standard","has-post-thumbnail","hentry","category-dpc","tag-balkans","tag-ef-16-35-mm-f28l-ii-usm","tag-eos-5d-mark-ii","tag-champ","tag-ciel","tag-eddie-vedder","tag-indio","tag-into-the-wild","tag-kosovo","tag-nuage","tag-pearl-jam","tag-perline","tag-rail","tag-train"],"acf":[],"geo":{"latitude":42.5921745,"longitude":20.5779514,"description":null},"jetpack_publicize_connections":[],"jetpack_featured_media_url":"https:\/\/www.wallendorff.com\/belogue\/wp-content\/uploads\/2015\/04\/201210171.jpg","jetpack_shortlink":"https:\/\/wp.me\/p3b35P-51w","jetpack_sharing_enabled":true,"jetpack-related-posts":[{"id":3735,"url":"https:\/\/www.wallendorff.com\/belogue\/2008\/12\/30\/2008en-5\/","url_meta":{"origin":19314,"position":0},"title":"2008 en&#8230; #5.","author":"dpc","date":"30 d\u00e9cembre 2008","format":false,"excerpt":"Sautons du coq \u00e0 l'\u00e2ne en profitant de l'espace vide laiss\u00e9 par l'absence de photos r\u00e9centes des Kills dans mon stock pour y placer un test de Shooting Doggies, s\u00e9rie appel\u00e9e \u00e0 remplacer les Shooting People en 2009 si elle re\u00e7oit l'aval de tous et qu'on me fournit assez de\u2026","rel":"","context":"Dans &quot;DPC&quot;","block_context":{"text":"DPC","link":"https:\/\/www.wallendorff.com\/belogue\/category\/dpc\/"},"img":{"alt_text":"","src":"https:\/\/i0.wp.com\/www.wallendorff.com\/belogue\/wp-content\/uploads\/2015\/04\/200812301.jpg?resize=350%2C200&ssl=1","width":350,"height":200,"srcset":"https:\/\/i0.wp.com\/www.wallendorff.com\/belogue\/wp-content\/uploads\/2015\/04\/200812301.jpg?resize=350%2C200&ssl=1 1x, https:\/\/i0.wp.com\/www.wallendorff.com\/belogue\/wp-content\/uploads\/2015\/04\/200812301.jpg?resize=525%2C300&ssl=1 1.5x, https:\/\/i0.wp.com\/www.wallendorff.com\/belogue\/wp-content\/uploads\/2015\/04\/200812301.jpg?resize=700%2C400&ssl=1 2x"},"classes":[]},{"id":5682,"url":"https:\/\/www.wallendorff.com\/belogue\/2009\/12\/30\/2009en-5\/","url_meta":{"origin":19314,"position":1},"title":"2009 en&#8230; #5.","author":"dpc","date":"30 d\u00e9cembre 2009","format":false,"excerpt":"Parce qu'apr\u00e8s tout et puisque \u00e7a a tellement plu l'ann\u00e9e derni\u00e8re autant refaire un Shooting Doggies pour f\u00eater la bande d'originales de cette ann\u00e9e, va. et pr\u00e9sentent 2009 en 10 titres poney poney. \u00a0The Pains of Being Pure at Heart \u2014 Come Saturday \u00a0 \u00a0Yeah Yeah Yeahs \u2014 Dull Life\u2026","rel":"","context":"Dans &quot;DPC&quot;","block_context":{"text":"DPC","link":"https:\/\/www.wallendorff.com\/belogue\/category\/dpc\/"},"img":{"alt_text":"","src":"https:\/\/i0.wp.com\/www.wallendorff.com\/belogue\/wp-content\/uploads\/2015\/04\/200912301.jpg?resize=350%2C200&ssl=1","width":350,"height":200,"srcset":"https:\/\/i0.wp.com\/www.wallendorff.com\/belogue\/wp-content\/uploads\/2015\/04\/200912301.jpg?resize=350%2C200&ssl=1 1x, https:\/\/i0.wp.com\/www.wallendorff.com\/belogue\/wp-content\/uploads\/2015\/04\/200912301.jpg?resize=525%2C300&ssl=1 1.5x"},"classes":[]},{"id":13091,"url":"https:\/\/www.wallendorff.com\/belogue\/2011\/08\/11\/man-on-the-mourn-ii\/","url_meta":{"origin":19314,"position":2},"title":"Man on the mourn [II].","author":"dpc","date":"11 ao\u00fbt 2011","format":false,"excerpt":"Rue Oberkampf, Paris, 6 juillet. \u00a0Eddie Vedder \u2013 Girl from the North Country (Bob Dylan cover) (live)","rel":"","context":"Dans &quot;DPC&quot;","block_context":{"text":"DPC","link":"https:\/\/www.wallendorff.com\/belogue\/category\/dpc\/"},"img":{"alt_text":"","src":"https:\/\/i0.wp.com\/www.wallendorff.com\/belogue\/wp-content\/uploads\/2015\/04\/201108111.jpg?resize=350%2C200&ssl=1","width":350,"height":200,"srcset":"https:\/\/i0.wp.com\/www.wallendorff.com\/belogue\/wp-content\/uploads\/2015\/04\/201108111.jpg?resize=350%2C200&ssl=1 1x, https:\/\/i0.wp.com\/www.wallendorff.com\/belogue\/wp-content\/uploads\/2015\/04\/201108111.jpg?resize=525%2C300&ssl=1 1.5x, https:\/\/i0.wp.com\/www.wallendorff.com\/belogue\/wp-content\/uploads\/2015\/04\/201108111.jpg?resize=700%2C400&ssl=1 2x"},"classes":[]},{"id":12649,"url":"https:\/\/www.wallendorff.com\/belogue\/2011\/04\/18\/tes-leffes-eric\/","url_meta":{"origin":19314,"position":3},"title":"Tes Leffes, \u00c9ric.","author":"dpc","date":"18 avril 2011","format":false,"excerpt":"Morzine, 30 mars. \u00a0Eddie Vedder \u2014 Tuolumne","rel":"","context":"Dans &quot;DPC&quot;","block_context":{"text":"DPC","link":"https:\/\/www.wallendorff.com\/belogue\/category\/dpc\/"},"img":{"alt_text":"","src":"https:\/\/i0.wp.com\/www.wallendorff.com\/belogue\/wp-content\/uploads\/2015\/04\/201104181.jpg?resize=350%2C200&ssl=1","width":350,"height":200},"classes":[]},{"id":1167,"url":"https:\/\/www.wallendorff.com\/belogue\/2008\/02\/21\/10958jours-30-mois\/","url_meta":{"origin":19314,"position":4},"title":"10 958 jours, 30 mois.","author":"dpc","date":"21 f\u00e9vrier 2008","format":false,"excerpt":"Reims, 2e jour. Loctudy, 2\u00a0334e jour. Givet, 5\u00a0627e jour. Paris, 6\u00a0478e jour. Bruxelles, 6\u00a0662e jour. Charleville-M\u00e9zi\u00e8res, 7\u00a0012e jour. Metz, 7\u00a0509e jour. Metz, 7\u00a0637e jour. RTL, 8\u00a0217e jour. Metz, 8\u00a0521e jour. Ann Arbor, 8\u00a0676e jour. Chicago, 8\u00a0700e jour. Com'Info, 8\u00a0757e jour. Metz, 8\u00a0870e jour. Com'Info, 9\u00a0097e jour. Metz, 9\u00a0138e jour. Metz,\u2026","rel":"","context":"Dans &quot;DPC&quot;","block_context":{"text":"DPC","link":"https:\/\/www.wallendorff.com\/belogue\/category\/dpc\/"},"img":{"alt_text":"","src":"https:\/\/i0.wp.com\/www.wallendorff.com\/belogue\/wp-content\/uploads\/2015\/04\/210.jpg?resize=350%2C200&ssl=1","width":350,"height":200},"classes":[]},{"id":3880,"url":"https:\/\/www.wallendorff.com\/belogue\/2009\/02\/04\/luxe-caille-water\/","url_meta":{"origin":19314,"position":5},"title":"Luxe caille water.","author":"dpc","date":"4 f\u00e9vrier 2009","format":false,"excerpt":"Place Joachim du Bellay, Paris, 10 janvier. Eddie Vedder \u2013 Tuolumne","rel":"","context":"Dans &quot;DPC&quot;","block_context":{"text":"DPC","link":"https:\/\/www.wallendorff.com\/belogue\/category\/dpc\/"},"img":{"alt_text":"","src":"https:\/\/i0.wp.com\/www.wallendorff.com\/belogue\/wp-content\/uploads\/2015\/04\/200902041.jpg?resize=350%2C200&ssl=1","width":350,"height":200},"classes":[]}],"_links":{"self":[{"href":"https:\/\/www.wallendorff.com\/belogue\/wp-json\/wp\/v2\/posts\/19314","targetHints":{"allow":["GET"]}}],"collection":[{"href":"https:\/\/www.wallendorff.com\/belogue\/wp-json\/wp\/v2\/posts"}],"about":[{"href":"https:\/\/www.wallendorff.com\/belogue\/wp-json\/wp\/v2\/types\/post"}],"author":[{"embeddable":true,"href":"https:\/\/www.wallendorff.com\/belogue\/wp-json\/wp\/v2\/users\/1"}],"replies":[{"embeddable":true,"href":"https:\/\/www.wallendorff.com\/belogue\/wp-json\/wp\/v2\/comments?post=19314"}],"version-history":[{"count":3,"href":"https:\/\/www.wallendorff.com\/belogue\/wp-json\/wp\/v2\/posts\/19314\/revisions"}],"predecessor-version":[{"id":19317,"href":"https:\/\/www.wallendorff.com\/belogue\/wp-json\/wp\/v2\/posts\/19314\/revisions\/19317"}],"wp:featuredmedia":[{"embeddable":true,"href":"https:\/\/www.wallendorff.com\/belogue\/wp-json\/wp\/v2\/media\/24498"}],"wp:attachment":[{"href":"https:\/\/www.wallendorff.com\/belogue\/wp-json\/wp\/v2\/media?parent=19314"}],"wp:term":[{"taxonomy":"category","embeddable":true,"href":"https:\/\/www.wallendorff.com\/belogue\/wp-json\/wp\/v2\/categories?post=19314"},{"taxonomy":"post_tag","embeddable":true,"href":"https:\/\/www.wallendorff.com\/belogue\/wp-json\/wp\/v2\/tags?post=19314"}],"curies":[{"name":"wp","href":"https:\/\/api.w.org\/{rel}","templated":true}]}}