{"id":19307,"date":"2012-10-16T10:38:50","date_gmt":"2012-10-16T08:38:50","guid":{"rendered":"http:\/\/www.po-L.com\/belogue\/?p=19307"},"modified":"2012-10-16T10:38:50","modified_gmt":"2012-10-16T08:38:50","slug":"eyes-out-on-the-road-but-no-one-comes-along","status":"publish","type":"post","link":"https:\/\/www.wallendorff.com\/belogue\/2012\/10\/16\/eyes-out-on-the-road-but-no-one-comes-along\/","title":{"rendered":"Eyes out on the road but no one comes along."},"content":{"rendered":"\n<div id=\"photo\">\n<p><img decoding=\"async\" src=\"https:\/\/www.wallendorff.com\/belogue\/photo\/2012\/10\/20121016.jpg\"><br \/>\nPristina, 31 juillet.<\/p>\n<\/p><\/div>\n<div id=\"bandeson\">\n<p><img decoding=\"async\" src=\"https:\/\/www.wallendorff.com\/belogue\/photo\/pochettes\/h\/halstead_neil-palindrome_hunches.jpg\" align=\"left\" \/>&nbsp;<a href=\"http:\/\/www.neilhalstead.com\">Neil Halstead<\/a> &ndash; <a style=\"font-weight:normal\" id=\"lienmp3\" href=\"http:\/\/www.youtube.com\/watch?v=da7gMOY8bTA\"><em>Digging Shelters<\/em><\/a><\/p>\n<\/p><\/div>\n","protected":false},"excerpt":{"rendered":"<p>Pristina, 31 juillet. &nbsp;Neil Halstead &ndash; Digging Shelters<\/p>\n","protected":false},"author":1,"featured_media":26382,"comment_status":"open","ping_status":"open","sticky":false,"template":"","format":"standard","meta":{"_acf_changed":false,"ngg_post_thumbnail":0,"jetpack_post_was_ever_published":false,"_jetpack_newsletter_access":"","_jetpack_dont_email_post_to_subs":false,"_jetpack_newsletter_tier_id":0,"_jetpack_memberships_contains_paywalled_content":false,"_jetpack_memberships_contains_paid_content":false,"footnotes":"","jetpack_publicize_message":"","jetpack_publicize_feature_enabled":true,"jetpack_social_post_already_shared":false,"jetpack_social_options":{"image_generator_settings":{"template":"highway","default_image_id":0,"font":"","enabled":false},"version":2}},"categories":[3],"tags":[6502,2571,2615,10144,11022,6796,6797,10257,11196,6795,10599,10564,11195],"class_list":["post-19307","post","type-post","status-publish","format-standard","has-post-thumbnail","hentry","category-dpc","tag-balkans","tag-ef-16-35-mm-f28l-ii-usm","tag-eos-5d-mark-ii","tag-ciel","tag-coucher-de-soleil","tag-digging-shelters","tag-emerald-hotel","tag-hotel","tag-kosovo","tag-neil-halstead","tag-nuage","tag-poteau","tag-pristina"],"acf":[],"geo":{"latitude":42.6036949,"longitude":21.130003,"description":null},"jetpack_publicize_connections":[],"jetpack_featured_media_url":"https:\/\/www.wallendorff.com\/belogue\/wp-content\/uploads\/2015\/04\/201210161.jpg","jetpack_shortlink":"https:\/\/wp.me\/p3b35P-51p","jetpack_sharing_enabled":true,"jetpack-related-posts":[{"id":19278,"url":"https:\/\/www.wallendorff.com\/belogue\/2012\/10\/15\/belgrade-pristina\/","url_meta":{"origin":19307,"position":0},"title":"Belgrade &#8211; Pri&scaron;tina.","author":"dpc","date":"15 octobre 2012","format":false,"excerpt":"Kilom\u00e8tres 832 \u00e0 1\u00a0134, 31 juillet. \u00c9tape 1 | \u00c9tape 2 | \u00c9tape 3 | \u00c9tape 5 | \u00c9tape 6 | \u00c9tape 7 Belgrade m'a tout de suite fait cet \u00e9trange effet de se sentir comme \u00e0 la maison dans un endroit o\u00f9 l'on n'avait pourtant jamais mis les pieds.\u2026","rel":"","context":"Dans &quot;DPC&quot;","block_context":{"text":"DPC","link":"https:\/\/www.wallendorff.com\/belogue\/category\/dpc\/"},"img":{"alt_text":"","src":"https:\/\/i0.wp.com\/www.wallendorff.com\/belogue\/wp-content\/uploads\/2015\/04\/201210151.jpg?resize=350%2C200&ssl=1","width":350,"height":200,"srcset":"https:\/\/i0.wp.com\/www.wallendorff.com\/belogue\/wp-content\/uploads\/2015\/04\/201210151.jpg?resize=350%2C200&ssl=1 1x, https:\/\/i0.wp.com\/www.wallendorff.com\/belogue\/wp-content\/uploads\/2015\/04\/201210151.jpg?resize=525%2C300&ssl=1 1.5x, https:\/\/i0.wp.com\/www.wallendorff.com\/belogue\/wp-content\/uploads\/2015\/04\/201210151.jpg?resize=700%2C400&ssl=1 2x"},"classes":[]},{"id":19318,"url":"https:\/\/www.wallendorff.com\/belogue\/2012\/10\/18\/pritina-budva\/","url_meta":{"origin":19307,"position":1},"title":"Pri&scaron;tina &#8211; Budva","author":"dpc","date":"18 octobre 2012","format":false,"excerpt":"Kilom\u00e8tres 1\u00a0134 \u00e0 1\u00a0526, 1er ao\u00fbt. \u00c9tape 1 | \u00c9tape 2 | \u00c9tape 3 | \u00c9tape 4 | \u00c9tape 6 | \u00c9tape 7 \u00c7a commence par la travers\u00e9e du Kosovo. Les plaines, les maisons inachev\u00e9es, les drapeaux albanais et les monuments aux morts de l'U\u00c7K, partout, puis l'arriv\u00e9e \u00e0 Pe\u0107,\u2026","rel":"","context":"Dans &quot;DPC&quot;","block_context":{"text":"DPC","link":"https:\/\/www.wallendorff.com\/belogue\/category\/dpc\/"},"img":{"alt_text":"","src":"https:\/\/i0.wp.com\/www.wallendorff.com\/belogue\/wp-content\/uploads\/2015\/04\/201210181.jpg?resize=350%2C200&ssl=1","width":350,"height":200,"srcset":"https:\/\/i0.wp.com\/www.wallendorff.com\/belogue\/wp-content\/uploads\/2015\/04\/201210181.jpg?resize=350%2C200&ssl=1 1x, https:\/\/i0.wp.com\/www.wallendorff.com\/belogue\/wp-content\/uploads\/2015\/04\/201210181.jpg?resize=525%2C300&ssl=1 1.5x, https:\/\/i0.wp.com\/www.wallendorff.com\/belogue\/wp-content\/uploads\/2015\/04\/201210181.jpg?resize=700%2C400&ssl=1 2x"},"classes":[]},{"id":588,"url":"https:\/\/www.wallendorff.com\/belogue\/2004\/11\/10\/boston-to-new-york\/","url_meta":{"origin":19307,"position":2},"title":"Boston to New York.","author":"dpc","date":"10 novembre 2004","format":false,"excerpt":"\u00a0Pearl Jam \/ Neil Young \u2013 I Got ID","rel":"","context":"Dans &quot;DPC&quot;","block_context":{"text":"DPC","link":"https:\/\/www.wallendorff.com\/belogue\/category\/dpc\/"},"img":{"alt_text":"","src":"https:\/\/i0.wp.com\/www.wallendorff.com\/belogue\/wp-content\/uploads\/2015\/04\/177.jpg?resize=350%2C200&ssl=1","width":350,"height":200},"classes":[]},{"id":378,"url":"https:\/\/www.wallendorff.com\/belogue\/2005\/01\/15\/arbore-les-sens\/","url_meta":{"origin":19307,"position":3},"title":"Arbore les sens.","author":"dpc","date":"15 janvier 2005","format":false,"excerpt":"Lac Sainte-Claire, 8 janvier. \u201cWill I walk the long road? I cannot stay There's no need to say goodbye Oh, the friends and family... All the memories going round Round, round round... I have wished for so long... How I wished for you today And the wind keeps rollin' And\u2026","rel":"","context":"Dans &quot;DPC&quot;","block_context":{"text":"DPC","link":"https:\/\/www.wallendorff.com\/belogue\/category\/dpc\/"},"img":{"alt_text":"","src":"https:\/\/i0.wp.com\/www.wallendorff.com\/belogue\/wp-content\/uploads\/2015\/04\/20040115-arbre1.jpg?resize=350%2C200&ssl=1","width":350,"height":200,"srcset":"https:\/\/i0.wp.com\/www.wallendorff.com\/belogue\/wp-content\/uploads\/2015\/04\/20040115-arbre1.jpg?resize=350%2C200&ssl=1 1x, https:\/\/i0.wp.com\/www.wallendorff.com\/belogue\/wp-content\/uploads\/2015\/04\/20040115-arbre1.jpg?resize=525%2C300&ssl=1 1.5x, https:\/\/i0.wp.com\/www.wallendorff.com\/belogue\/wp-content\/uploads\/2015\/04\/20040115-arbre1.jpg?resize=700%2C400&ssl=1 2x"},"classes":[]},{"id":15889,"url":"https:\/\/www.wallendorff.com\/belogue\/2012\/02\/15\/que-fees-lapent-eau-lisse\/","url_meta":{"origin":19307,"position":4},"title":"Que f\u00e9es lapent eau lisse.","author":"dpc","date":"15 f\u00e9vrier 2012","format":false,"excerpt":"Quai F\u00e9lix-Mar\u00e9chal, Metz, 27 d\u00e9cembre 2011. J'ai \u00e9t\u00e9 interview\u00e9 par Rock'n'Rolla \u00e0 propos de l'expo \u00e0 Montgallet [qui ne dure que jusqu'au 28, d\u00e9p\u00eachez-vous]. Premi\u00e8re fois que je me retrouve de ce c\u00f4t\u00e9-l\u00e0 de l'interview. Dr\u00f4le d'impression. L'article est l\u00e0. Merci \u00e0 elles. Chromatics \u2013 Into the Black (Neil Young\u2026","rel":"","context":"Dans &quot;DPC&quot;","block_context":{"text":"DPC","link":"https:\/\/www.wallendorff.com\/belogue\/category\/dpc\/"},"img":{"alt_text":"","src":"https:\/\/i0.wp.com\/www.wallendorff.com\/belogue\/wp-content\/uploads\/2015\/04\/201202151.jpg?resize=350%2C200&ssl=1","width":350,"height":200},"classes":[]},{"id":22048,"url":"https:\/\/www.wallendorff.com\/belogue\/2013\/11\/22\/jake-bugg-honey-honey-lolympia-paris\/","url_meta":{"origin":19307,"position":5},"title":"Jake Bugg + Honey Honey @ l&rsquo;Olympia, Paris.","author":"dpc","date":"22 novembre 2013","format":false,"excerpt":"There's a Beast and We All Feed It | Trouble Town | Seen It All | Simple as This | Storm Passes Away | Two Fingers | Messed-Up Kids | Ballad of Mr. Jones | Country Song | Pine Trees | A Song About Love | Slide | Green Man\u2026","rel":"","context":"Dans &quot;Alive&quot;","block_context":{"text":"Alive","link":"https:\/\/www.wallendorff.com\/belogue\/category\/alive\/"},"img":{"alt_text":"","src":"https:\/\/i0.wp.com\/www.wallendorff.com\/belogue\/wp-content\/uploads\/2015\/04\/201311221.jpg?resize=350%2C200&ssl=1","width":350,"height":200,"srcset":"https:\/\/i0.wp.com\/www.wallendorff.com\/belogue\/wp-content\/uploads\/2015\/04\/201311221.jpg?resize=350%2C200&ssl=1 1x, https:\/\/i0.wp.com\/www.wallendorff.com\/belogue\/wp-content\/uploads\/2015\/04\/201311221.jpg?resize=525%2C300&ssl=1 1.5x, https:\/\/i0.wp.com\/www.wallendorff.com\/belogue\/wp-content\/uploads\/2015\/04\/201311221.jpg?resize=700%2C400&ssl=1 2x"},"classes":[]}],"_links":{"self":[{"href":"https:\/\/www.wallendorff.com\/belogue\/wp-json\/wp\/v2\/posts\/19307","targetHints":{"allow":["GET"]}}],"collection":[{"href":"https:\/\/www.wallendorff.com\/belogue\/wp-json\/wp\/v2\/posts"}],"about":[{"href":"https:\/\/www.wallendorff.com\/belogue\/wp-json\/wp\/v2\/types\/post"}],"author":[{"embeddable":true,"href":"https:\/\/www.wallendorff.com\/belogue\/wp-json\/wp\/v2\/users\/1"}],"replies":[{"embeddable":true,"href":"https:\/\/www.wallendorff.com\/belogue\/wp-json\/wp\/v2\/comments?post=19307"}],"version-history":[{"count":3,"href":"https:\/\/www.wallendorff.com\/belogue\/wp-json\/wp\/v2\/posts\/19307\/revisions"}],"predecessor-version":[{"id":19310,"href":"https:\/\/www.wallendorff.com\/belogue\/wp-json\/wp\/v2\/posts\/19307\/revisions\/19310"}],"wp:featuredmedia":[{"embeddable":true,"href":"https:\/\/www.wallendorff.com\/belogue\/wp-json\/wp\/v2\/media\/26382"}],"wp:attachment":[{"href":"https:\/\/www.wallendorff.com\/belogue\/wp-json\/wp\/v2\/media?parent=19307"}],"wp:term":[{"taxonomy":"category","embeddable":true,"href":"https:\/\/www.wallendorff.com\/belogue\/wp-json\/wp\/v2\/categories?post=19307"},{"taxonomy":"post_tag","embeddable":true,"href":"https:\/\/www.wallendorff.com\/belogue\/wp-json\/wp\/v2\/tags?post=19307"}],"curies":[{"name":"wp","href":"https:\/\/api.w.org\/{rel}","templated":true}]}}