{"id":19278,"date":"2012-10-15T14:31:50","date_gmt":"2012-10-15T12:31:50","guid":{"rendered":"http:\/\/www.po-L.com\/belogue\/?p=19278"},"modified":"2012-11-19T13:18:09","modified_gmt":"2012-11-19T11:18:09","slug":"belgrade-pristina","status":"publish","type":"post","link":"https:\/\/www.wallendorff.com\/belogue\/2012\/10\/15\/belgrade-pristina\/","title":{"rendered":"Belgrade &#8211; Pri&scaron;tina."},"content":{"rendered":"\n<div id=\"photo\">\n<p><img decoding=\"async\" src=\"https:\/\/www.wallendorff.com\/belogue\/photo\/2012\/10\/20121015.jpg\"><br \/>\nKilom&egrave;tres 832 &agrave; 1&nbsp;134, 31 juillet.<\/p>\n<\/p><\/div>\n<p style=\"text-align:right\"><a href=\"https:\/\/www.wallendorff.com\/belogue\/2012\/09\/14\/kastel-novi-sarajevo\/\">&Eacute;tape 1<\/a> | <a href=\"https:\/\/www.wallendorff.com\/belogue\/2012\/09\/27\/sarajevo-bajina-bata\/\">&Eacute;tape 2<\/a> | <a href=\"https:\/\/www.wallendorff.com\/belogue\/2012\/10\/04\/bajina-bata-belgrade\/\">&Eacute;tape 3<\/a> | <a href=\"http:\/\/www.po-L.com\/belogue\/2012\/10\/18\/pritina-budva\/\">&Eacute;tape 5<\/a> | &Eacute;tape 6 | <a href=\"https:\/\/www.wallendorff.com\/belogue\/2012\/11\/19\/dubrovnik-mali-rat\/\">&Eacute;tape 7<\/a><\/p>\n<p>Belgrade m&rsquo;a tout de suite fait cet &eacute;trange effet de se sentir comme &agrave; la maison dans un endroit o&ugrave; l&rsquo;on n&rsquo;avait pourtant jamais mis les pieds. Je la quitte avec un sentiment d&rsquo;inachev&eacute;, une inexplicable inclination et l&rsquo;envie d&rsquo;y revenir vite. Les 240 bornes d&rsquo;autoroute qui suivent nous m&egrave;nent dans la campagne, les routes &agrave; gravier de 20&nbsp;kg et les grands-m&egrave;res serbophones &agrave; ch&egrave;vres. Les gamins nous font des signes, nous nous trompons dans la d&eacute;viation, il faut gratter le fond du vide-poche pour payer le pompiste de Rudare en liquide car il ne prend pas les cartes et au d&eacute;tour d&rsquo;un virage pr&egrave;s de Merdare &ndash;&nbsp;<em>merde d&rsquo;arr&ecirc;t<\/em>&nbsp;&ndash; surgit la file. 2&nbsp;km de camions coll&eacute;s en t&ecirc;te-&agrave;-cul qui attendent &agrave; la fronti&egrave;re que les Serbes daignent les laisser passer et qu&rsquo;il faut longer par la bande de gauche. La douane nous prend 1&nbsp;h 30&nbsp;min pour 12 voitures, dans 32&nbsp;&deg;C de temp&eacute;rature ambiante. Puis le Kosovo en lumi&egrave;re rasante, puis Pristina qui surgit tout autour de nous sans pr&eacute;venir, Pristina qui, &eacute;trangement, ressemble &agrave; l&rsquo;image que je me faisais de Kaboul. On a vraiment l&rsquo;esprit tordu, parfois.<\/p>\n<div id=\"bandeson\">\n<p><img decoding=\"async\" src=\"https:\/\/www.wallendorff.com\/belogue\/photo\/pochettes\/m\/my_heart_belongs_to_cecilia_winter-midnight_midnight.jpg\" align=\"left\" \/>&nbsp;<a href=\"http:\/\/www.myheartbelongstoceciliawinter.com\">My Heart Belongs to Cecilia Winter<\/a> &ndash; <a style=\"font-weight:normal\" id=\"lienmp3\" href=\"http:\/\/www.youtube.com\/watch?v=5gMnjnZS-yk\"><em>Departure and Arrival<\/em><\/a><\/p>\n<\/p><\/div>ngg_shortcode_0_placeholder<p>&nbsp;<\/p>\n","protected":false},"excerpt":{"rendered":"<p>Kilom&egrave;tres 832 &agrave; 1&nbsp;134, 31 juillet. &Eacute;tape 1 | &Eacute;tape 2 | &Eacute;tape 3 | &Eacute;tape 5 | &Eacute;tape 6 | &Eacute;tape 7 Belgrade m&rsquo;a tout de suite fait cet &eacute;trange effet de se sentir comme &agrave; la maison dans un endroit o&ugrave; l&rsquo;on n&rsquo;avait pourtant jamais mis les pieds. Je la quitte avec un&hellip;<\/p>\n","protected":false},"author":1,"featured_media":26387,"comment_status":"open","ping_status":"open","sticky":false,"template":"","format":"standard","meta":{"_acf_changed":false,"ngg_post_thumbnail":0,"jetpack_post_was_ever_published":false,"_jetpack_newsletter_access":"","_jetpack_dont_email_post_to_subs":false,"_jetpack_newsletter_tier_id":0,"_jetpack_memberships_contains_paywalled_content":false,"_jetpack_memberships_contains_paid_content":false,"footnotes":"","jetpack_publicize_message":"","jetpack_publicize_feature_enabled":true,"jetpack_social_post_already_shared":false,"jetpack_social_options":{"image_generator_settings":{"template":"highway","default_image_id":0,"font":"","enabled":false},"version":2}},"categories":[3],"tags":[6502,11187,10587,2571,2615,10144,6789,11188,6785,6784,10668,11196,10485,6783,6788,10599,10104,11195,10103,6781,11185,170,6681,6539,10778,10171],"class_list":["post-19278","post","type-post","status-publish","format-standard","has-post-thumbnail","hentry","category-dpc","tag-balkans","tag-belgrade","tag-camion","tag-ef-16-35-mm-f28l-ii-usm","tag-eos-5d-mark-ii","tag-ciel","tag-departure-and-arrival","tag-district-de-belgrade","tag-douane","tag-frontiere","tag-graffiti","tag-kosovo","tag-maison","tag-merdare","tag-my-heart-belongs-to-cecilia-winter","tag-nuage","tag-panneau","tag-pristina","tag-route","tag-rudare","tag-serbie","tag-sigma-70-300-mm-f4-56-dg-apo-macro","tag-srbija","tag-tram","tag-tramway","tag-voiture"],"acf":[],"geo":{"latitude":42.9368134,"longitude":21.247797,"description":"E-80, Serbie"},"jetpack_publicize_connections":[],"jetpack_featured_media_url":"https:\/\/www.wallendorff.com\/belogue\/wp-content\/uploads\/2015\/04\/201210151.jpg","jetpack_shortlink":"https:\/\/wp.me\/p3b35P-50W","jetpack_sharing_enabled":true,"jetpack-related-posts":[{"id":19178,"url":"https:\/\/www.wallendorff.com\/belogue\/2012\/10\/04\/bajina-bata-belgrade\/","url_meta":{"origin":19278,"position":0},"title":"Bajina Ba&scaron;ta &#8211; Belgrade.","author":"dpc","date":"4 octobre 2012","format":false,"excerpt":"Kilom\u00e8tres 521 \u00e0 832, 30 juillet. \u00c9tape 1 | \u00c9tape 2 | \u00c9tape 4 | \u00c9tape 5 | \u00c9tape 6 | \u00c9tape 7 Dana Buoy \u2013 Call to Be \u00a0","rel":"","context":"Dans &quot;DPC&quot;","block_context":{"text":"DPC","link":"https:\/\/www.wallendorff.com\/belogue\/category\/dpc\/"},"img":{"alt_text":"","src":"https:\/\/i0.wp.com\/www.wallendorff.com\/belogue\/wp-content\/uploads\/2015\/04\/201210041.jpg?resize=350%2C200&ssl=1","width":350,"height":200,"srcset":"https:\/\/i0.wp.com\/www.wallendorff.com\/belogue\/wp-content\/uploads\/2015\/04\/201210041.jpg?resize=350%2C200&ssl=1 1x, https:\/\/i0.wp.com\/www.wallendorff.com\/belogue\/wp-content\/uploads\/2015\/04\/201210041.jpg?resize=525%2C300&ssl=1 1.5x, https:\/\/i0.wp.com\/www.wallendorff.com\/belogue\/wp-content\/uploads\/2015\/04\/201210041.jpg?resize=700%2C400&ssl=1 2x"},"classes":[]},{"id":19318,"url":"https:\/\/www.wallendorff.com\/belogue\/2012\/10\/18\/pritina-budva\/","url_meta":{"origin":19278,"position":1},"title":"Pri&scaron;tina &#8211; Budva","author":"dpc","date":"18 octobre 2012","format":false,"excerpt":"Kilom\u00e8tres 1\u00a0134 \u00e0 1\u00a0526, 1er ao\u00fbt. \u00c9tape 1 | \u00c9tape 2 | \u00c9tape 3 | \u00c9tape 4 | \u00c9tape 6 | \u00c9tape 7 \u00c7a commence par la travers\u00e9e du Kosovo. Les plaines, les maisons inachev\u00e9es, les drapeaux albanais et les monuments aux morts de l'U\u00c7K, partout, puis l'arriv\u00e9e \u00e0 Pe\u0107,\u2026","rel":"","context":"Dans &quot;DPC&quot;","block_context":{"text":"DPC","link":"https:\/\/www.wallendorff.com\/belogue\/category\/dpc\/"},"img":{"alt_text":"","src":"https:\/\/i0.wp.com\/www.wallendorff.com\/belogue\/wp-content\/uploads\/2015\/04\/201210181.jpg?resize=350%2C200&ssl=1","width":350,"height":200,"srcset":"https:\/\/i0.wp.com\/www.wallendorff.com\/belogue\/wp-content\/uploads\/2015\/04\/201210181.jpg?resize=350%2C200&ssl=1 1x, https:\/\/i0.wp.com\/www.wallendorff.com\/belogue\/wp-content\/uploads\/2015\/04\/201210181.jpg?resize=525%2C300&ssl=1 1.5x, https:\/\/i0.wp.com\/www.wallendorff.com\/belogue\/wp-content\/uploads\/2015\/04\/201210181.jpg?resize=700%2C400&ssl=1 2x"},"classes":[]},{"id":19096,"url":"https:\/\/www.wallendorff.com\/belogue\/2012\/09\/27\/sarajevo-bajina-bata\/","url_meta":{"origin":19278,"position":2},"title":"Sarajevo &ndash; Bajina Ba&scaron;ta.","author":"dpc","date":"27 septembre 2012","format":false,"excerpt":"Kilom\u00e8tres 304 \u00e0 521, 29 juillet. \u00c9tape 1 | \u00c9tape 3 | \u00c9tape 4 | \u00c9tape 5 | \u00c9tape 6 | \u00c9tape 7 Top 6 des cools trucs que j'ai appris le 29 juillet dernier et qui me serviront plus tard dans ma vie future\u00a0: Lire le croate. D\u00e9chiffrer le\u2026","rel":"","context":"Dans &quot;DPC&quot;","block_context":{"text":"DPC","link":"https:\/\/www.wallendorff.com\/belogue\/category\/dpc\/"},"img":{"alt_text":"","src":"https:\/\/i0.wp.com\/www.wallendorff.com\/belogue\/wp-content\/uploads\/2015\/04\/201209271.jpg?resize=350%2C200&ssl=1","width":350,"height":200,"srcset":"https:\/\/i0.wp.com\/www.wallendorff.com\/belogue\/wp-content\/uploads\/2015\/04\/201209271.jpg?resize=350%2C200&ssl=1 1x, https:\/\/i0.wp.com\/www.wallendorff.com\/belogue\/wp-content\/uploads\/2015\/04\/201209271.jpg?resize=525%2C300&ssl=1 1.5x, https:\/\/i0.wp.com\/www.wallendorff.com\/belogue\/wp-content\/uploads\/2015\/04\/201209271.jpg?resize=700%2C400&ssl=1 2x"},"classes":[]},{"id":19588,"url":"https:\/\/www.wallendorff.com\/belogue\/2012\/11\/19\/dubrovnik-mali-rat\/","url_meta":{"origin":19278,"position":3},"title":"Dubrovnik &ndash; Mali Rat","author":"dpc","date":"19 novembre 2012","format":false,"excerpt":"Kilom\u00e8tres 1\u00a0633 \u00e0 2\u00a0007, 4 ao\u00fbt. \u00c9tape 1 | \u00c9tape 2 | \u00c9tape 3 | \u00c9tape 4 | \u00c9tape 5 | \u00c9tape 6 ... And You Will Know Us by the Trail of Dead \u2013 Catatonic \u00a0","rel":"","context":"Dans &quot;DPC&quot;","block_context":{"text":"DPC","link":"https:\/\/www.wallendorff.com\/belogue\/category\/dpc\/"},"img":{"alt_text":"","src":"https:\/\/i0.wp.com\/www.wallendorff.com\/belogue\/wp-content\/uploads\/2015\/04\/201211191.jpg?resize=350%2C200&ssl=1","width":350,"height":200,"srcset":"https:\/\/i0.wp.com\/www.wallendorff.com\/belogue\/wp-content\/uploads\/2015\/04\/201211191.jpg?resize=350%2C200&ssl=1 1x, https:\/\/i0.wp.com\/www.wallendorff.com\/belogue\/wp-content\/uploads\/2015\/04\/201211191.jpg?resize=525%2C300&ssl=1 1.5x, https:\/\/i0.wp.com\/www.wallendorff.com\/belogue\/wp-content\/uploads\/2015\/04\/201211191.jpg?resize=700%2C400&ssl=1 2x"},"classes":[]},{"id":18965,"url":"https:\/\/www.wallendorff.com\/belogue\/2012\/09\/14\/kastel-novi-sarajevo\/","url_meta":{"origin":19278,"position":4},"title":"Ka\u0161tel Novi &ndash; Sarajevo.","author":"dpc","date":"14 septembre 2012","format":false,"excerpt":"\u00c9tape 2 | \u00c9tape 3 | \u00c9tape 4 | \u00c9tape 5 | \u00c9tape 6 | \u00c9tape 7 Je l'ai d\u00e9j\u00e0 dit1: la photo sur la route, c'est hyper-frustrant. On loupe des tonnes de choses, on amasse plus de photos d'intention que de vraies et quand on reprend le tout apr\u00e8s\u2026","rel":"","context":"Dans &quot;DPC&quot;","block_context":{"text":"DPC","link":"https:\/\/www.wallendorff.com\/belogue\/category\/dpc\/"},"img":{"alt_text":"","src":"https:\/\/i0.wp.com\/www.wallendorff.com\/belogue\/wp-content\/uploads\/2015\/04\/201209141.jpg?resize=350%2C200&ssl=1","width":350,"height":200,"srcset":"https:\/\/i0.wp.com\/www.wallendorff.com\/belogue\/wp-content\/uploads\/2015\/04\/201209141.jpg?resize=350%2C200&ssl=1 1x, https:\/\/i0.wp.com\/www.wallendorff.com\/belogue\/wp-content\/uploads\/2015\/04\/201209141.jpg?resize=525%2C300&ssl=1 1.5x, https:\/\/i0.wp.com\/www.wallendorff.com\/belogue\/wp-content\/uploads\/2015\/04\/201209141.jpg?resize=700%2C400&ssl=1 2x"},"classes":[]},{"id":19207,"url":"https:\/\/www.wallendorff.com\/belogue\/2012\/10\/08\/sunset\/","url_meta":{"origin":19278,"position":5},"title":"Sunset.","author":"dpc","date":"8 octobre 2012","format":false,"excerpt":"Parc de Kalemegdan, Belgrade, 30 juillet. Field Report \u2013 I Am Not Waiting Anymore \u00a0","rel":"","context":"Dans &quot;DPC&quot;","block_context":{"text":"DPC","link":"https:\/\/www.wallendorff.com\/belogue\/category\/dpc\/"},"img":{"alt_text":"","src":"https:\/\/i0.wp.com\/www.wallendorff.com\/belogue\/wp-content\/uploads\/2015\/04\/201210081.jpg?resize=350%2C200&ssl=1","width":350,"height":200},"classes":[]}],"_links":{"self":[{"href":"https:\/\/www.wallendorff.com\/belogue\/wp-json\/wp\/v2\/posts\/19278","targetHints":{"allow":["GET"]}}],"collection":[{"href":"https:\/\/www.wallendorff.com\/belogue\/wp-json\/wp\/v2\/posts"}],"about":[{"href":"https:\/\/www.wallendorff.com\/belogue\/wp-json\/wp\/v2\/types\/post"}],"author":[{"embeddable":true,"href":"https:\/\/www.wallendorff.com\/belogue\/wp-json\/wp\/v2\/users\/1"}],"replies":[{"embeddable":true,"href":"https:\/\/www.wallendorff.com\/belogue\/wp-json\/wp\/v2\/comments?post=19278"}],"version-history":[{"count":19,"href":"https:\/\/www.wallendorff.com\/belogue\/wp-json\/wp\/v2\/posts\/19278\/revisions"}],"predecessor-version":[{"id":19608,"href":"https:\/\/www.wallendorff.com\/belogue\/wp-json\/wp\/v2\/posts\/19278\/revisions\/19608"}],"wp:featuredmedia":[{"embeddable":true,"href":"https:\/\/www.wallendorff.com\/belogue\/wp-json\/wp\/v2\/media\/26387"}],"wp:attachment":[{"href":"https:\/\/www.wallendorff.com\/belogue\/wp-json\/wp\/v2\/media?parent=19278"}],"wp:term":[{"taxonomy":"category","embeddable":true,"href":"https:\/\/www.wallendorff.com\/belogue\/wp-json\/wp\/v2\/categories?post=19278"},{"taxonomy":"post_tag","embeddable":true,"href":"https:\/\/www.wallendorff.com\/belogue\/wp-json\/wp\/v2\/tags?post=19278"}],"curies":[{"name":"wp","href":"https:\/\/api.w.org\/{rel}","templated":true}]}}