{"id":19263,"date":"2012-10-12T17:38:41","date_gmt":"2012-10-12T15:38:41","guid":{"rendered":"http:\/\/www.po-L.com\/belogue\/?p=19263"},"modified":"2012-10-15T12:13:24","modified_gmt":"2012-10-15T10:13:24","slug":"guichet-le-soir-doux","status":"publish","type":"post","link":"https:\/\/www.wallendorff.com\/belogue\/2012\/10\/12\/guichet-le-soir-doux\/","title":{"rendered":"Guichet, le soir doux."},"content":{"rendered":"\n<div id=\"photo\">\n<p><img decoding=\"async\" src=\"https:\/\/www.wallendorff.com\/belogue\/photo\/2012\/10\/20121012.jpg\"><br \/>\nBeogradska, Belgrade, 30 juillet.<\/p>\n<\/p><\/div>\n<div id=\"bandeson\">\n<p><img decoding=\"async\" src=\"https:\/\/www.wallendorff.com\/belogue\/photo\/pochettes\/c\/crystal_fighters-star_of_love.jpg\" align=\"left\" \/>&nbsp;<a href=\"http:\/\/www.crystalfighters.com\/\">Crystal Fighters<\/a> &ndash; <a style=\"font-weight:normal\" id=\"lienmp3\" href=\"http:\/\/www.youtube.com\/watch?v=fGZbIZRAUM4\"><em>I Love London<\/em><\/a><\/p>\n<\/p><\/div>\n","protected":false},"excerpt":{"rendered":"<p>Beogradska, Belgrade, 30 juillet. &nbsp;Crystal Fighters &ndash; I Love London<\/p>\n","protected":false},"author":1,"featured_media":24508,"comment_status":"open","ping_status":"open","sticky":false,"template":"","format":"standard","meta":{"_acf_changed":false,"ngg_post_thumbnail":0,"jetpack_post_was_ever_published":false,"_jetpack_newsletter_access":"","_jetpack_dont_email_post_to_subs":false,"_jetpack_newsletter_tier_id":0,"_jetpack_memberships_contains_paywalled_content":false,"_jetpack_memberships_contains_paid_content":false,"footnotes":"","jetpack_publicize_message":"","jetpack_publicize_feature_enabled":true,"jetpack_social_post_already_shared":false,"jetpack_social_options":{"image_generator_settings":{"template":"highway","default_image_id":0,"font":"","enabled":false},"version":2}},"categories":[3],"tags":[6502,11187,6762,2571,2615,10359,10762,10311,6765,6763,10696,5697,10147,10351,11185],"class_list":["post-19263","post","type-post","status-publish","format-standard","has-post-thumbnail","hentry","category-dpc","tag-balkans","tag-belgrade","tag-beogradska","tag-ef-16-35-mm-f28l-ii-usm","tag-eos-5d-mark-ii","tag-couple","tag-crystal-fighters","tag-dos","tag-i-love-london","tag-kiosque","tag-magasin","tag-night","tag-nuit","tag-rue","tag-serbie"],"acf":[],"geo":{"latitude":44.8056412,"longitude":20.4698982,"description":"57 Beogradska, Belgrade 11000, Serbie"},"jetpack_publicize_connections":[],"jetpack_featured_media_url":"https:\/\/www.wallendorff.com\/belogue\/wp-content\/uploads\/2015\/04\/201210121.jpg","jetpack_shortlink":"https:\/\/wp.me\/p3b35P-50H","jetpack_sharing_enabled":true,"jetpack-related-posts":[{"id":19178,"url":"https:\/\/www.wallendorff.com\/belogue\/2012\/10\/04\/bajina-bata-belgrade\/","url_meta":{"origin":19263,"position":0},"title":"Bajina Ba&scaron;ta &#8211; Belgrade.","author":"dpc","date":"4 octobre 2012","format":false,"excerpt":"Kilom\u00e8tres 521 \u00e0 832, 30 juillet. \u00c9tape 1 | \u00c9tape 2 | \u00c9tape 4 | \u00c9tape 5 | \u00c9tape 6 | \u00c9tape 7 Dana Buoy \u2013 Call to Be \u00a0","rel":"","context":"Dans &quot;DPC&quot;","block_context":{"text":"DPC","link":"https:\/\/www.wallendorff.com\/belogue\/category\/dpc\/"},"img":{"alt_text":"","src":"https:\/\/i0.wp.com\/www.wallendorff.com\/belogue\/wp-content\/uploads\/2015\/04\/201210041.jpg?resize=350%2C200&ssl=1","width":350,"height":200,"srcset":"https:\/\/i0.wp.com\/www.wallendorff.com\/belogue\/wp-content\/uploads\/2015\/04\/201210041.jpg?resize=350%2C200&ssl=1 1x, https:\/\/i0.wp.com\/www.wallendorff.com\/belogue\/wp-content\/uploads\/2015\/04\/201210041.jpg?resize=525%2C300&ssl=1 1.5x, https:\/\/i0.wp.com\/www.wallendorff.com\/belogue\/wp-content\/uploads\/2015\/04\/201210041.jpg?resize=700%2C400&ssl=1 2x"},"classes":[]},{"id":21955,"url":"https:\/\/www.wallendorff.com\/belogue\/2013\/11\/05\/crystal-fighters-le-bataclan-paris-29-octobre\/","url_meta":{"origin":19263,"position":1},"title":"Crystal Fighters @ le Bataclan, Paris, 29 octobre.","author":"dpc","date":"5 novembre 2013","format":false,"excerpt":"Solar System | Follow | L.A. Calling | Champion Sound | Separator | I Do This Everyday | Love Is All I Got | You & I | Plage | Are We One | Love Natural | In the Summer | At Home || I Love London | Xtatic Truth\u2026","rel":"","context":"Dans &quot;Alive&quot;","block_context":{"text":"Alive","link":"https:\/\/www.wallendorff.com\/belogue\/category\/alive\/"},"img":{"alt_text":"","src":"https:\/\/i0.wp.com\/www.wallendorff.com\/belogue\/wp-content\/uploads\/2015\/04\/201311051.jpg?resize=350%2C200&ssl=1","width":350,"height":200,"srcset":"https:\/\/i0.wp.com\/www.wallendorff.com\/belogue\/wp-content\/uploads\/2015\/04\/201311051.jpg?resize=350%2C200&ssl=1 1x, https:\/\/i0.wp.com\/www.wallendorff.com\/belogue\/wp-content\/uploads\/2015\/04\/201311051.jpg?resize=525%2C300&ssl=1 1.5x, https:\/\/i0.wp.com\/www.wallendorff.com\/belogue\/wp-content\/uploads\/2015\/04\/201311051.jpg?resize=700%2C400&ssl=1 2x"},"classes":[]},{"id":19207,"url":"https:\/\/www.wallendorff.com\/belogue\/2012\/10\/08\/sunset\/","url_meta":{"origin":19263,"position":2},"title":"Sunset.","author":"dpc","date":"8 octobre 2012","format":false,"excerpt":"Parc de Kalemegdan, Belgrade, 30 juillet. Field Report \u2013 I Am Not Waiting Anymore \u00a0","rel":"","context":"Dans &quot;DPC&quot;","block_context":{"text":"DPC","link":"https:\/\/www.wallendorff.com\/belogue\/category\/dpc\/"},"img":{"alt_text":"","src":"https:\/\/i0.wp.com\/www.wallendorff.com\/belogue\/wp-content\/uploads\/2015\/04\/201210081.jpg?resize=350%2C200&ssl=1","width":350,"height":200},"classes":[]},{"id":19278,"url":"https:\/\/www.wallendorff.com\/belogue\/2012\/10\/15\/belgrade-pristina\/","url_meta":{"origin":19263,"position":3},"title":"Belgrade &#8211; Pri&scaron;tina.","author":"dpc","date":"15 octobre 2012","format":false,"excerpt":"Kilom\u00e8tres 832 \u00e0 1\u00a0134, 31 juillet. \u00c9tape 1 | \u00c9tape 2 | \u00c9tape 3 | \u00c9tape 5 | \u00c9tape 6 | \u00c9tape 7 Belgrade m'a tout de suite fait cet \u00e9trange effet de se sentir comme \u00e0 la maison dans un endroit o\u00f9 l'on n'avait pourtant jamais mis les pieds.\u2026","rel":"","context":"Dans &quot;DPC&quot;","block_context":{"text":"DPC","link":"https:\/\/www.wallendorff.com\/belogue\/category\/dpc\/"},"img":{"alt_text":"","src":"https:\/\/i0.wp.com\/www.wallendorff.com\/belogue\/wp-content\/uploads\/2015\/04\/201210151.jpg?resize=350%2C200&ssl=1","width":350,"height":200,"srcset":"https:\/\/i0.wp.com\/www.wallendorff.com\/belogue\/wp-content\/uploads\/2015\/04\/201210151.jpg?resize=350%2C200&ssl=1 1x, https:\/\/i0.wp.com\/www.wallendorff.com\/belogue\/wp-content\/uploads\/2015\/04\/201210151.jpg?resize=525%2C300&ssl=1 1.5x, https:\/\/i0.wp.com\/www.wallendorff.com\/belogue\/wp-content\/uploads\/2015\/04\/201210151.jpg?resize=700%2C400&ssl=1 2x"},"classes":[]},{"id":19244,"url":"https:\/\/www.wallendorff.com\/belogue\/2012\/10\/10\/at-the-bottom-of-the-ocean-she-dwells\/","url_meta":{"origin":19263,"position":4},"title":"At the bottom of the ocean she dwells.","author":"dpc","date":"10 octobre 2012","format":false,"excerpt":"Quais de Save, Belgrade, 30 juillet. On a pas mal caus\u00e9 de Turn on the Bright Lights, ces derniers temps. Le disque a fourni 25 fois des bandes-sons \u00e0 ce site mais Stella n'\u00e9tait pas pass\u00e9e une seule fois. C'est r\u00e9par\u00e9. \u00a0Interpol \u2013 Stella Was a Diver and She Was\u2026","rel":"","context":"Dans &quot;DPC&quot;","block_context":{"text":"DPC","link":"https:\/\/www.wallendorff.com\/belogue\/category\/dpc\/"},"img":{"alt_text":"","src":"https:\/\/i0.wp.com\/www.wallendorff.com\/belogue\/wp-content\/uploads\/2015\/04\/201210101.jpg?resize=350%2C200&ssl=1","width":350,"height":200,"srcset":"https:\/\/i0.wp.com\/www.wallendorff.com\/belogue\/wp-content\/uploads\/2015\/04\/201210101.jpg?resize=350%2C200&ssl=1 1x, https:\/\/i0.wp.com\/www.wallendorff.com\/belogue\/wp-content\/uploads\/2015\/04\/201210101.jpg?resize=525%2C300&ssl=1 1.5x, https:\/\/i0.wp.com\/www.wallendorff.com\/belogue\/wp-content\/uploads\/2015\/04\/201210101.jpg?resize=700%2C400&ssl=1 2x"},"classes":[]},{"id":32763,"url":"https:\/\/www.wallendorff.com\/belogue\/2016\/10\/28\/crystal-fighters-le-trabendo-paris-24-octobre\/","url_meta":{"origin":19263,"position":5},"title":"Crystal Fighters @ le Trabendo, Paris, 24 octobre.","author":"dpc","date":"28 octobre 2016","format":false,"excerpt":"Lay Low Crystal Fighters","rel":"","context":"Dans &quot;Alive&quot;","block_context":{"text":"Alive","link":"https:\/\/www.wallendorff.com\/belogue\/category\/alive\/"},"img":{"alt_text":"","src":"https:\/\/i0.wp.com\/www.wallendorff.com\/belogue\/wp-content\/uploads\/2016\/10\/20161027-08-1.jpg?resize=350%2C200&ssl=1","width":350,"height":200,"srcset":"https:\/\/i0.wp.com\/www.wallendorff.com\/belogue\/wp-content\/uploads\/2016\/10\/20161027-08-1.jpg?resize=350%2C200&ssl=1 1x, https:\/\/i0.wp.com\/www.wallendorff.com\/belogue\/wp-content\/uploads\/2016\/10\/20161027-08-1.jpg?resize=525%2C300&ssl=1 1.5x, https:\/\/i0.wp.com\/www.wallendorff.com\/belogue\/wp-content\/uploads\/2016\/10\/20161027-08-1.jpg?resize=700%2C400&ssl=1 2x"},"classes":[]}],"_links":{"self":[{"href":"https:\/\/www.wallendorff.com\/belogue\/wp-json\/wp\/v2\/posts\/19263","targetHints":{"allow":["GET"]}}],"collection":[{"href":"https:\/\/www.wallendorff.com\/belogue\/wp-json\/wp\/v2\/posts"}],"about":[{"href":"https:\/\/www.wallendorff.com\/belogue\/wp-json\/wp\/v2\/types\/post"}],"author":[{"embeddable":true,"href":"https:\/\/www.wallendorff.com\/belogue\/wp-json\/wp\/v2\/users\/1"}],"replies":[{"embeddable":true,"href":"https:\/\/www.wallendorff.com\/belogue\/wp-json\/wp\/v2\/comments?post=19263"}],"version-history":[{"count":3,"href":"https:\/\/www.wallendorff.com\/belogue\/wp-json\/wp\/v2\/posts\/19263\/revisions"}],"predecessor-version":[{"id":19284,"href":"https:\/\/www.wallendorff.com\/belogue\/wp-json\/wp\/v2\/posts\/19263\/revisions\/19284"}],"wp:featuredmedia":[{"embeddable":true,"href":"https:\/\/www.wallendorff.com\/belogue\/wp-json\/wp\/v2\/media\/24508"}],"wp:attachment":[{"href":"https:\/\/www.wallendorff.com\/belogue\/wp-json\/wp\/v2\/media?parent=19263"}],"wp:term":[{"taxonomy":"category","embeddable":true,"href":"https:\/\/www.wallendorff.com\/belogue\/wp-json\/wp\/v2\/categories?post=19263"},{"taxonomy":"post_tag","embeddable":true,"href":"https:\/\/www.wallendorff.com\/belogue\/wp-json\/wp\/v2\/tags?post=19263"}],"curies":[{"name":"wp","href":"https:\/\/api.w.org\/{rel}","templated":true}]}}