{"id":19207,"date":"2012-10-08T12:27:52","date_gmt":"2012-10-08T10:27:52","guid":{"rendered":"http:\/\/www.po-L.com\/belogue\/?p=19207"},"modified":"2012-10-15T12:10:35","modified_gmt":"2012-10-15T10:10:35","slug":"sunset","status":"publish","type":"post","link":"https:\/\/www.wallendorff.com\/belogue\/2012\/10\/08\/sunset\/","title":{"rendered":"Sunset."},"content":{"rendered":"\n<div id=\"photo\">\n<p><img decoding=\"async\" src=\"https:\/\/www.wallendorff.com\/belogue\/photo\/2012\/10\/20121008.jpg\"><br \/>\nParc de Kalemegdan, Belgrade, 30 juillet.<\/p>\n<\/p><\/div>\n<div id=\"bandeson\">\n<p><img decoding=\"async\" src=\"https:\/\/www.wallendorff.com\/belogue\/photo\/pochettes\/f\/field_report-field_report.jpg\" align=\"left\" \/><a href=\"http:\/\/www.field-report.org\/\">Field Report<\/a> &ndash; <a style=\"font-weight:normal\" id=\"lienmp3\" href=\"http:\/\/www.youtube.com\/watch?v=GBHON_a25Ao\"><em>I Am Not Waiting Anymore<\/em><\/a><\/p>\n<\/p><\/div>ngg_shortcode_0_placeholder<p>&nbsp;<\/p>\n","protected":false},"excerpt":{"rendered":"<p>Parc de Kalemegdan, Belgrade, 30 juillet. Field Report &ndash; I Am Not Waiting Anymore &nbsp;<\/p>\n","protected":false},"author":1,"featured_media":26379,"comment_status":"open","ping_status":"open","sticky":false,"template":"","format":"standard","meta":{"_acf_changed":false,"ngg_post_thumbnail":0,"jetpack_post_was_ever_published":false,"_jetpack_newsletter_access":"","_jetpack_dont_email_post_to_subs":false,"_jetpack_newsletter_tier_id":0,"_jetpack_memberships_contains_paywalled_content":false,"_jetpack_memberships_contains_paid_content":false,"footnotes":"","jetpack_publicize_message":"","jetpack_publicize_feature_enabled":true,"jetpack_social_post_already_shared":false,"jetpack_social_options":{"image_generator_settings":{"template":"highway","default_image_id":0,"font":"","enabled":false},"version":2}},"categories":[3],"tags":[6502,11187,2571,2615,10506,10246,11022,6748,10340,6751,793,10504,6745,11185,170,10407],"class_list":["post-19207","post","type-post","status-publish","format-standard","has-post-thumbnail","hentry","category-dpc","tag-balkans","tag-belgrade","tag-ef-16-35-mm-f28l-ii-usm","tag-eos-5d-mark-ii","tag-chien","tag-contre-jour","tag-coucher-de-soleil","tag-field-report","tag-fille","tag-i-am-not-waiting-anymore","tag-orange","tag-parc","tag-parc-de-kalemegdan","tag-serbie","tag-sigma-70-300-mm-f4-56-dg-apo-macro","tag-silhouette"],"acf":[],"geo":{"latitude":44.825592,"longitude":20.4491177,"description":"Bulevar vojvode Bojovi\u0107a, Belgrade, Serbie"},"jetpack_publicize_connections":[],"jetpack_featured_media_url":"https:\/\/www.wallendorff.com\/belogue\/wp-content\/uploads\/2015\/04\/201210081.jpg","jetpack_shortlink":"https:\/\/wp.me\/s3b35P-sunset","jetpack_sharing_enabled":true,"jetpack-related-posts":[{"id":19213,"url":"https:\/\/www.wallendorff.com\/belogue\/2012\/10\/09\/colonne-elle-va-bien\/","url_meta":{"origin":19207,"position":0},"title":"Colonne, elle va bien.","author":"dpc","date":"9 octobre 2012","format":false,"excerpt":"Parc de Kalemegdan, Belgrade, 30 juillet. Mumford & Sons \u2013 Not with Haste","rel":"","context":"Dans &quot;DPC&quot;","block_context":{"text":"DPC","link":"https:\/\/www.wallendorff.com\/belogue\/category\/dpc\/"},"img":{"alt_text":"","src":"https:\/\/i0.wp.com\/www.wallendorff.com\/belogue\/wp-content\/uploads\/2015\/04\/201210091.jpg?resize=350%2C200&ssl=1","width":350,"height":200,"srcset":"https:\/\/i0.wp.com\/www.wallendorff.com\/belogue\/wp-content\/uploads\/2015\/04\/201210091.jpg?resize=350%2C200&ssl=1 1x, https:\/\/i0.wp.com\/www.wallendorff.com\/belogue\/wp-content\/uploads\/2015\/04\/201210091.jpg?resize=525%2C300&ssl=1 1.5x, https:\/\/i0.wp.com\/www.wallendorff.com\/belogue\/wp-content\/uploads\/2015\/04\/201210091.jpg?resize=700%2C400&ssl=1 2x"},"classes":[]},{"id":19178,"url":"https:\/\/www.wallendorff.com\/belogue\/2012\/10\/04\/bajina-bata-belgrade\/","url_meta":{"origin":19207,"position":1},"title":"Bajina Ba&scaron;ta &#8211; Belgrade.","author":"dpc","date":"4 octobre 2012","format":false,"excerpt":"Kilom\u00e8tres 521 \u00e0 832, 30 juillet. \u00c9tape 1 | \u00c9tape 2 | \u00c9tape 4 | \u00c9tape 5 | \u00c9tape 6 | \u00c9tape 7 Dana Buoy \u2013 Call to Be \u00a0","rel":"","context":"Dans &quot;DPC&quot;","block_context":{"text":"DPC","link":"https:\/\/www.wallendorff.com\/belogue\/category\/dpc\/"},"img":{"alt_text":"","src":"https:\/\/i0.wp.com\/www.wallendorff.com\/belogue\/wp-content\/uploads\/2015\/04\/201210041.jpg?resize=350%2C200&ssl=1","width":350,"height":200,"srcset":"https:\/\/i0.wp.com\/www.wallendorff.com\/belogue\/wp-content\/uploads\/2015\/04\/201210041.jpg?resize=350%2C200&ssl=1 1x, https:\/\/i0.wp.com\/www.wallendorff.com\/belogue\/wp-content\/uploads\/2015\/04\/201210041.jpg?resize=525%2C300&ssl=1 1.5x, https:\/\/i0.wp.com\/www.wallendorff.com\/belogue\/wp-content\/uploads\/2015\/04\/201210041.jpg?resize=700%2C400&ssl=1 2x"},"classes":[]},{"id":19263,"url":"https:\/\/www.wallendorff.com\/belogue\/2012\/10\/12\/guichet-le-soir-doux\/","url_meta":{"origin":19207,"position":2},"title":"Guichet, le soir doux.","author":"dpc","date":"12 octobre 2012","format":false,"excerpt":"Beogradska, Belgrade, 30 juillet. \u00a0Crystal Fighters \u2013 I Love London","rel":"","context":"Dans &quot;DPC&quot;","block_context":{"text":"DPC","link":"https:\/\/www.wallendorff.com\/belogue\/category\/dpc\/"},"img":{"alt_text":"","src":"https:\/\/i0.wp.com\/www.wallendorff.com\/belogue\/wp-content\/uploads\/2015\/04\/201210121.jpg?resize=350%2C200&ssl=1","width":350,"height":200,"srcset":"https:\/\/i0.wp.com\/www.wallendorff.com\/belogue\/wp-content\/uploads\/2015\/04\/201210121.jpg?resize=350%2C200&ssl=1 1x, https:\/\/i0.wp.com\/www.wallendorff.com\/belogue\/wp-content\/uploads\/2015\/04\/201210121.jpg?resize=525%2C300&ssl=1 1.5x, https:\/\/i0.wp.com\/www.wallendorff.com\/belogue\/wp-content\/uploads\/2015\/04\/201210121.jpg?resize=700%2C400&ssl=1 2x"},"classes":[]},{"id":19278,"url":"https:\/\/www.wallendorff.com\/belogue\/2012\/10\/15\/belgrade-pristina\/","url_meta":{"origin":19207,"position":3},"title":"Belgrade &#8211; Pri&scaron;tina.","author":"dpc","date":"15 octobre 2012","format":false,"excerpt":"Kilom\u00e8tres 832 \u00e0 1\u00a0134, 31 juillet. \u00c9tape 1 | \u00c9tape 2 | \u00c9tape 3 | \u00c9tape 5 | \u00c9tape 6 | \u00c9tape 7 Belgrade m'a tout de suite fait cet \u00e9trange effet de se sentir comme \u00e0 la maison dans un endroit o\u00f9 l'on n'avait pourtant jamais mis les pieds.\u2026","rel":"","context":"Dans &quot;DPC&quot;","block_context":{"text":"DPC","link":"https:\/\/www.wallendorff.com\/belogue\/category\/dpc\/"},"img":{"alt_text":"","src":"https:\/\/i0.wp.com\/www.wallendorff.com\/belogue\/wp-content\/uploads\/2015\/04\/201210151.jpg?resize=350%2C200&ssl=1","width":350,"height":200,"srcset":"https:\/\/i0.wp.com\/www.wallendorff.com\/belogue\/wp-content\/uploads\/2015\/04\/201210151.jpg?resize=350%2C200&ssl=1 1x, https:\/\/i0.wp.com\/www.wallendorff.com\/belogue\/wp-content\/uploads\/2015\/04\/201210151.jpg?resize=525%2C300&ssl=1 1.5x, https:\/\/i0.wp.com\/www.wallendorff.com\/belogue\/wp-content\/uploads\/2015\/04\/201210151.jpg?resize=700%2C400&ssl=1 2x"},"classes":[]},{"id":19244,"url":"https:\/\/www.wallendorff.com\/belogue\/2012\/10\/10\/at-the-bottom-of-the-ocean-she-dwells\/","url_meta":{"origin":19207,"position":4},"title":"At the bottom of the ocean she dwells.","author":"dpc","date":"10 octobre 2012","format":false,"excerpt":"Quais de Save, Belgrade, 30 juillet. On a pas mal caus\u00e9 de Turn on the Bright Lights, ces derniers temps. Le disque a fourni 25 fois des bandes-sons \u00e0 ce site mais Stella n'\u00e9tait pas pass\u00e9e une seule fois. C'est r\u00e9par\u00e9. \u00a0Interpol \u2013 Stella Was a Diver and She Was\u2026","rel":"","context":"Dans &quot;DPC&quot;","block_context":{"text":"DPC","link":"https:\/\/www.wallendorff.com\/belogue\/category\/dpc\/"},"img":{"alt_text":"","src":"https:\/\/i0.wp.com\/www.wallendorff.com\/belogue\/wp-content\/uploads\/2015\/04\/201210101.jpg?resize=350%2C200&ssl=1","width":350,"height":200,"srcset":"https:\/\/i0.wp.com\/www.wallendorff.com\/belogue\/wp-content\/uploads\/2015\/04\/201210101.jpg?resize=350%2C200&ssl=1 1x, https:\/\/i0.wp.com\/www.wallendorff.com\/belogue\/wp-content\/uploads\/2015\/04\/201210101.jpg?resize=525%2C300&ssl=1 1.5x, https:\/\/i0.wp.com\/www.wallendorff.com\/belogue\/wp-content\/uploads\/2015\/04\/201210101.jpg?resize=700%2C400&ssl=1 2x"},"classes":[]},{"id":4671,"url":"https:\/\/www.wallendorff.com\/belogue\/2009\/09\/08\/coldplay-parc-des-princes-paris\/","url_meta":{"origin":19207,"position":5},"title":"Coldplay @ Parc des Princes, Paris.","author":"dpc","date":"8 septembre 2009","format":false,"excerpt":"\u00a0 Coldplay \u2013 Life in Technicolor II (histoire de vous mettre dans l'ambiance) Notes pour plus tard\u00a0: Quand point le pressentiment qu'y aller avec deux bo\u00eetiers, ce serait une bonne id\u00e9e\u00a0: y aller avec deux bo\u00eetiers. \u00c7a \u00e9vite les changements f\u00e9briles d'objectifs qui risquent de te faire louper l'avanc\u00e9e de\u2026","rel":"","context":"Dans &quot;Alive&quot;","block_context":{"text":"Alive","link":"https:\/\/www.wallendorff.com\/belogue\/category\/alive\/"},"img":{"alt_text":"","src":"https:\/\/i0.wp.com\/www.wallendorff.com\/belogue\/wp-content\/uploads\/2015\/04\/200909081.jpg?resize=350%2C200&ssl=1","width":350,"height":200,"srcset":"https:\/\/i0.wp.com\/www.wallendorff.com\/belogue\/wp-content\/uploads\/2015\/04\/200909081.jpg?resize=350%2C200&ssl=1 1x, https:\/\/i0.wp.com\/www.wallendorff.com\/belogue\/wp-content\/uploads\/2015\/04\/200909081.jpg?resize=525%2C300&ssl=1 1.5x, https:\/\/i0.wp.com\/www.wallendorff.com\/belogue\/wp-content\/uploads\/2015\/04\/200909081.jpg?resize=700%2C400&ssl=1 2x"},"classes":[]}],"_links":{"self":[{"href":"https:\/\/www.wallendorff.com\/belogue\/wp-json\/wp\/v2\/posts\/19207","targetHints":{"allow":["GET"]}}],"collection":[{"href":"https:\/\/www.wallendorff.com\/belogue\/wp-json\/wp\/v2\/posts"}],"about":[{"href":"https:\/\/www.wallendorff.com\/belogue\/wp-json\/wp\/v2\/types\/post"}],"author":[{"embeddable":true,"href":"https:\/\/www.wallendorff.com\/belogue\/wp-json\/wp\/v2\/users\/1"}],"replies":[{"embeddable":true,"href":"https:\/\/www.wallendorff.com\/belogue\/wp-json\/wp\/v2\/comments?post=19207"}],"version-history":[{"count":4,"href":"https:\/\/www.wallendorff.com\/belogue\/wp-json\/wp\/v2\/posts\/19207\/revisions"}],"predecessor-version":[{"id":19280,"href":"https:\/\/www.wallendorff.com\/belogue\/wp-json\/wp\/v2\/posts\/19207\/revisions\/19280"}],"wp:featuredmedia":[{"embeddable":true,"href":"https:\/\/www.wallendorff.com\/belogue\/wp-json\/wp\/v2\/media\/26379"}],"wp:attachment":[{"href":"https:\/\/www.wallendorff.com\/belogue\/wp-json\/wp\/v2\/media?parent=19207"}],"wp:term":[{"taxonomy":"category","embeddable":true,"href":"https:\/\/www.wallendorff.com\/belogue\/wp-json\/wp\/v2\/categories?post=19207"},{"taxonomy":"post_tag","embeddable":true,"href":"https:\/\/www.wallendorff.com\/belogue\/wp-json\/wp\/v2\/tags?post=19207"}],"curies":[{"name":"wp","href":"https:\/\/api.w.org\/{rel}","templated":true}]}}