{"id":19156,"date":"2012-10-02T10:10:10","date_gmt":"2012-10-02T08:10:10","guid":{"rendered":"http:\/\/www.po-L.com\/belogue\/?p=19156"},"modified":"2018-05-23T08:15:00","modified_gmt":"2018-05-23T06:15:00","slug":"sharon-van-etten-le-cafe-de-la-danse-paris","status":"publish","type":"post","link":"https:\/\/www.wallendorff.com\/belogue\/2012\/10\/02\/sharon-van-etten-le-cafe-de-la-danse-paris\/","title":{"rendered":"Sharon Van Etten @ le Caf\u00e9 de la Danse, Paris."},"content":{"rendered":"\n<div id=\"photo\">\n<p><img decoding=\"async\" src=\"https:\/\/www.wallendorff.com\/belogue\/photo\/2012\/10\/20121002.jpg\"><\/p>\n<\/p><\/div>\n<div id=\"bandeson\">\n<p><img decoding=\"async\" src=\"https:\/\/www.wallendorff.com\/belogue\/photo\/pochettes\/v\/van_etten_sharon-tramp.jpg\" align=\"left\" \/><a href=\"http:\/\/sharonvanetten.com\/\">Sharon Van Etten<\/a> &ndash; <a style=\"font-weight:normal\" id=\"lienmp3\" href=\"http:\/\/www.youtube.com\/watch?v=hYgyQ20TJAs\"><em>Serpents<\/em><\/a><\/p>\n<\/p><\/div>ngg_shortcode_0_placeholder<p>&nbsp;<\/p>\n","protected":false},"excerpt":{"rendered":"<p>Sharon Van Etten &ndash; Serpents &nbsp;<\/p>\n","protected":false},"author":1,"featured_media":24533,"comment_status":"open","ping_status":"open","sticky":false,"template":"","format":"standard","meta":{"_acf_changed":false,"ngg_post_thumbnail":0,"jetpack_post_was_ever_published":false,"_jetpack_newsletter_access":"","_jetpack_dont_email_post_to_subs":false,"_jetpack_newsletter_tier_id":0,"_jetpack_memberships_contains_paywalled_content":false,"_jetpack_memberships_contains_paid_content":false,"footnotes":"","jetpack_publicize_message":"","jetpack_publicize_feature_enabled":true,"jetpack_social_post_already_shared":false,"jetpack_social_options":{"image_generator_settings":{"template":"highway","default_image_id":0,"font":"","enabled":false},"version":2}},"categories":[7],"tags":[10951,10183,10084,2571,196,1438,2615,10120,10121,10598,10098,5580,10988],"class_list":["post-19156","post","type-post","status-publish","format-standard","has-post-thumbnail","hentry","category-alive","tag-10951","tag-10183","tag-alive","tag-ef-16-35-mm-f28l-ii-usm","tag-ef-28-70-mm-f28l-usm","tag-ef-50-mm-f14-usm","tag-eos-5d-mark-ii","tag-france","tag-ile-de-france","tag-le-cafe-de-la-danse","tag-paris","tag-serpents","tag-sharon-van-etten"],"acf":[],"geo":{"latitude":48.8540955,"longitude":2.3728526,"description":"3-13 Passage Louis Philippe, 75011 Paris, France"},"jetpack_publicize_connections":[],"jetpack_featured_media_url":"https:\/\/www.wallendorff.com\/belogue\/wp-content\/uploads\/2015\/04\/201210021.jpg","jetpack_shortlink":"https:\/\/wp.me\/p3b35P-4YY","jetpack_sharing_enabled":true,"jetpack-related-posts":[{"id":23617,"url":"https:\/\/www.wallendorff.com\/belogue\/2014\/12\/02\/sharon-van-etten-la-maroquinerie-paris\/","url_meta":{"origin":19156,"position":0},"title":"Sharon Van Etten @ la Maroquinerie, Paris.","author":"dpc","date":"2 d\u00e9cembre 2014","format":false,"excerpt":"Tarifa Sharon Van Etten \u00a0","rel":"","context":"Dans &quot;Alive&quot;","block_context":{"text":"Alive","link":"https:\/\/www.wallendorff.com\/belogue\/category\/alive\/"},"img":{"alt_text":"","src":"https:\/\/i0.wp.com\/www.wallendorff.com\/belogue\/wp-content\/uploads\/2015\/04\/201412021.jpg?resize=350%2C200&ssl=1","width":350,"height":200,"srcset":"https:\/\/i0.wp.com\/www.wallendorff.com\/belogue\/wp-content\/uploads\/2015\/04\/201412021.jpg?resize=350%2C200&ssl=1 1x, https:\/\/i0.wp.com\/www.wallendorff.com\/belogue\/wp-content\/uploads\/2015\/04\/201412021.jpg?resize=525%2C300&ssl=1 1.5x, https:\/\/i0.wp.com\/www.wallendorff.com\/belogue\/wp-content\/uploads\/2015\/04\/201412021.jpg?resize=700%2C400&ssl=1 2x"},"classes":[]},{"id":6360,"url":"https:\/\/www.wallendorff.com\/belogue\/2010\/01\/28\/i-remember-the-golden-days-when-all-this-was-a-mystery\/","url_meta":{"origin":19156,"position":1},"title":"I remember the golden days when all this was a mystery.","author":"dpc","date":"28 janvier 2010","format":false,"excerpt":"Quai Paul Vautrin, Metz, 27 d\u00e9cembre 2009. \u00a0The Dresden Dolls \u2013 Necessary Evil June 2001 has gone a loooong way.","rel":"","context":"Dans &quot;DPC&quot;","block_context":{"text":"DPC","link":"https:\/\/www.wallendorff.com\/belogue\/category\/dpc\/"},"img":{"alt_text":"","src":"https:\/\/i0.wp.com\/www.wallendorff.com\/belogue\/wp-content\/uploads\/2015\/04\/201001281.jpg?resize=350%2C200&ssl=1","width":350,"height":200},"classes":[]},{"id":15872,"url":"https:\/\/www.wallendorff.com\/belogue\/2012\/02\/14\/allons-boire-sil-arrose\/","url_meta":{"origin":19156,"position":2},"title":"Allons boire s&rsquo;il arrose.","author":"dpc","date":"14 f\u00e9vrier 2012","format":false,"excerpt":"Metz, 27 d\u00e9cembre 2011. Les photos comme \u00e7a me rappellent toujours l'\u00e9cran de Thames Television. \u00c0 chaque fois que j'en vois une, j'entends des trompettes et je m'attends \u00e0 ce qu'un \u00e9pisode de Benny Hill commence juste apr\u00e8s. Oh et n'oubliez pas qu'aujourd'hui on f\u00eate les 20 ans de Wayne's\u2026","rel":"","context":"Dans &quot;DPC&quot;","block_context":{"text":"DPC","link":"https:\/\/www.wallendorff.com\/belogue\/category\/dpc\/"},"img":{"alt_text":"","src":"https:\/\/i0.wp.com\/www.wallendorff.com\/belogue\/wp-content\/uploads\/2015\/04\/201202141.jpg?resize=350%2C200&ssl=1","width":350,"height":200,"srcset":"https:\/\/i0.wp.com\/www.wallendorff.com\/belogue\/wp-content\/uploads\/2015\/04\/201202141.jpg?resize=350%2C200&ssl=1 1x, https:\/\/i0.wp.com\/www.wallendorff.com\/belogue\/wp-content\/uploads\/2015\/04\/201202141.jpg?resize=525%2C300&ssl=1 1.5x, https:\/\/i0.wp.com\/www.wallendorff.com\/belogue\/wp-content\/uploads\/2015\/04\/201202141.jpg?resize=700%2C400&ssl=1 2x"},"classes":[]},{"id":127632,"url":"https:\/\/www.wallendorff.com\/belogue\/2024\/03\/27\/pixies-lolympia-paris-26-mars-2024\/","url_meta":{"origin":19156,"position":3},"title":"Pixies @ l&rsquo;Olympia, Paris, 26 mars 2024.","author":"dpc","date":"27 mars 2024","format":false,"excerpt":"Pixies @ l\u2019Olympia, Paris, 26\/03\/2024 Pixies @ l\u2019Olympia, Paris, 26\/03\/2024 Pixies @ l\u2019Olympia, Paris, 26\/03\/2024 Pixies @ l\u2019Olympia, Paris, 26\/03\/2024 Pixies @ l\u2019Olympia, Paris, 26\/03\/2024 Pixies @ l\u2019Olympia, Paris, 26\/03\/2024 Pixies @ l\u2019Olympia, Paris, 26\/03\/2024 Pixies @ l\u2019Olympia, Paris, 26\/03\/2024 Pixies @ l\u2019Olympia, Paris, 26\/03\/2024 Pixies @ l\u2019Olympia, Paris, 26\/03\/2024\u2026","rel":"","context":"Dans &quot;Alive&quot;","block_context":{"text":"Alive","link":"https:\/\/www.wallendorff.com\/belogue\/category\/alive\/"},"img":{"alt_text":"","src":"https:\/\/i0.wp.com\/www.wallendorff.com\/belogue\/wp-content\/uploads\/2024\/03\/20240327-22.jpg?resize=350%2C200&ssl=1","width":350,"height":200,"srcset":"https:\/\/i0.wp.com\/www.wallendorff.com\/belogue\/wp-content\/uploads\/2024\/03\/20240327-22.jpg?resize=350%2C200&ssl=1 1x, https:\/\/i0.wp.com\/www.wallendorff.com\/belogue\/wp-content\/uploads\/2024\/03\/20240327-22.jpg?resize=525%2C300&ssl=1 1.5x, https:\/\/i0.wp.com\/www.wallendorff.com\/belogue\/wp-content\/uploads\/2024\/03\/20240327-22.jpg?resize=700%2C400&ssl=1 2x, https:\/\/i0.wp.com\/www.wallendorff.com\/belogue\/wp-content\/uploads\/2024\/03\/20240327-22.jpg?resize=1050%2C600&ssl=1 3x"},"classes":[]},{"id":129376,"url":"https:\/\/www.wallendorff.com\/belogue\/2024\/07\/22\/terminal-1-aeroport-de-paris-charles-de-gaulle-roissy-en-france-17-juillet-2024\/","url_meta":{"origin":19156,"position":4},"title":"Terminal 1 @ a\u00e9roport de Paris-Charles-de-Gaulle, Roissy-en-France, 17 juillet 2024.","author":"dpc","date":"22 juillet 2024","format":false,"excerpt":"","rel":"","context":"Dans &quot;Alive&quot;","block_context":{"text":"Alive","link":"https:\/\/www.wallendorff.com\/belogue\/category\/alive\/"},"img":{"alt_text":"","src":"https:\/\/i0.wp.com\/www.wallendorff.com\/belogue\/wp-content\/uploads\/2024\/07\/20240722-42.jpg?resize=350%2C200&ssl=1","width":350,"height":200,"srcset":"https:\/\/i0.wp.com\/www.wallendorff.com\/belogue\/wp-content\/uploads\/2024\/07\/20240722-42.jpg?resize=350%2C200&ssl=1 1x, https:\/\/i0.wp.com\/www.wallendorff.com\/belogue\/wp-content\/uploads\/2024\/07\/20240722-42.jpg?resize=525%2C300&ssl=1 1.5x, https:\/\/i0.wp.com\/www.wallendorff.com\/belogue\/wp-content\/uploads\/2024\/07\/20240722-42.jpg?resize=700%2C400&ssl=1 2x, https:\/\/i0.wp.com\/www.wallendorff.com\/belogue\/wp-content\/uploads\/2024\/07\/20240722-42.jpg?resize=1050%2C600&ssl=1 3x"},"classes":[]},{"id":134068,"url":"https:\/\/www.wallendorff.com\/belogue\/2025\/10\/16\/the-cat-empire-le-bataclan-paris-14-octobre-2025\/","url_meta":{"origin":19156,"position":5},"title":"The Cat Empire @ le Bataclan, Paris, 14 octobre 2025.","author":"dpc","date":"16 octobre 2025","format":false,"excerpt":"The Cat Empire @ le Bataclan, Paris, 14\/10\/2025 The Cat Empire @ le Bataclan, Paris, 14\/10\/2025 The Cat Empire @ le Bataclan, Paris, 14\/10\/2025 The Cat Empire @ le Bataclan, Paris, 14\/10\/2025 The Cat Empire @ le Bataclan, Paris, 14\/10\/2025 The Cat Empire @ le Bataclan, Paris, 14\/10\/2025 The Cat\u2026","rel":"","context":"Dans &quot;Alive&quot;","block_context":{"text":"Alive","link":"https:\/\/www.wallendorff.com\/belogue\/category\/alive\/"},"img":{"alt_text":"","src":"https:\/\/i0.wp.com\/www.wallendorff.com\/belogue\/wp-content\/uploads\/2025\/10\/20251016-12.jpg?resize=350%2C200&ssl=1","width":350,"height":200,"srcset":"https:\/\/i0.wp.com\/www.wallendorff.com\/belogue\/wp-content\/uploads\/2025\/10\/20251016-12.jpg?resize=350%2C200&ssl=1 1x, https:\/\/i0.wp.com\/www.wallendorff.com\/belogue\/wp-content\/uploads\/2025\/10\/20251016-12.jpg?resize=525%2C300&ssl=1 1.5x, https:\/\/i0.wp.com\/www.wallendorff.com\/belogue\/wp-content\/uploads\/2025\/10\/20251016-12.jpg?resize=700%2C400&ssl=1 2x, https:\/\/i0.wp.com\/www.wallendorff.com\/belogue\/wp-content\/uploads\/2025\/10\/20251016-12.jpg?resize=1050%2C600&ssl=1 3x"},"classes":[]}],"_links":{"self":[{"href":"https:\/\/www.wallendorff.com\/belogue\/wp-json\/wp\/v2\/posts\/19156","targetHints":{"allow":["GET"]}}],"collection":[{"href":"https:\/\/www.wallendorff.com\/belogue\/wp-json\/wp\/v2\/posts"}],"about":[{"href":"https:\/\/www.wallendorff.com\/belogue\/wp-json\/wp\/v2\/types\/post"}],"author":[{"embeddable":true,"href":"https:\/\/www.wallendorff.com\/belogue\/wp-json\/wp\/v2\/users\/1"}],"replies":[{"embeddable":true,"href":"https:\/\/www.wallendorff.com\/belogue\/wp-json\/wp\/v2\/comments?post=19156"}],"version-history":[{"count":5,"href":"https:\/\/www.wallendorff.com\/belogue\/wp-json\/wp\/v2\/posts\/19156\/revisions"}],"predecessor-version":[{"id":23619,"href":"https:\/\/www.wallendorff.com\/belogue\/wp-json\/wp\/v2\/posts\/19156\/revisions\/23619"}],"wp:featuredmedia":[{"embeddable":true,"href":"https:\/\/www.wallendorff.com\/belogue\/wp-json\/wp\/v2\/media\/24533"}],"wp:attachment":[{"href":"https:\/\/www.wallendorff.com\/belogue\/wp-json\/wp\/v2\/media?parent=19156"}],"wp:term":[{"taxonomy":"category","embeddable":true,"href":"https:\/\/www.wallendorff.com\/belogue\/wp-json\/wp\/v2\/categories?post=19156"},{"taxonomy":"post_tag","embeddable":true,"href":"https:\/\/www.wallendorff.com\/belogue\/wp-json\/wp\/v2\/tags?post=19156"}],"curies":[{"name":"wp","href":"https:\/\/api.w.org\/{rel}","templated":true}]}}