{"id":19143,"date":"2012-10-01T12:03:31","date_gmt":"2012-10-01T10:03:31","guid":{"rendered":"http:\/\/www.po-L.com\/belogue\/?p=19143"},"modified":"2012-12-25T14:29:48","modified_gmt":"2012-12-25T12:29:48","slug":"drina-little-drina-bite-me","status":"publish","type":"post","link":"https:\/\/www.wallendorff.com\/belogue\/2012\/10\/01\/drina-little-drina-bite-me\/","title":{"rendered":"Drina, little Drina, bite me."},"content":{"rendered":"\n<div id=\"photo\">\n<p><img decoding=\"async\" src=\"https:\/\/www.wallendorff.com\/belogue\/photo\/2012\/10\/20121001.jpg\"><br \/>\nMe&#273;e&#273;a, 29 juillet.<\/p>\n<\/p><\/div>\n<div id=\"bandeson\">\n<p><img decoding=\"async\" src=\"https:\/\/www.wallendorff.com\/belogue\/photo\/pochettes\/m\/mumford&#038;sons-babel.jpg\" align=\"left\" \/><a href=\"http:\/\/www.mumfordandsons.co.uk\/\">Mumford &amp; Sons<\/a> &ndash; <a style=\"font-weight:normal\" id=\"lienmp3\" href=\"http:\/\/www.youtube.com\/watch?v=Uc4NvjzdHZ8\"><em>Babel<\/em><\/a><\/p>\n<\/p><\/div>\n","protected":false},"excerpt":{"rendered":"<p>Me&#273;e&#273;a, 29 juillet. Mumford &amp; Sons &ndash; Babel<\/p>\n","protected":false},"author":1,"featured_media":24535,"comment_status":"open","ping_status":"open","sticky":false,"template":"","format":"standard","meta":{"_acf_changed":false,"ngg_post_thumbnail":0,"jetpack_post_was_ever_published":false,"_jetpack_newsletter_access":"","_jetpack_dont_email_post_to_subs":false,"_jetpack_newsletter_tier_id":0,"_jetpack_memberships_contains_paywalled_content":false,"_jetpack_memberships_contains_paid_content":false,"footnotes":"","jetpack_publicize_message":"","jetpack_publicize_feature_enabled":true,"jetpack_social_post_already_shared":false,"jetpack_social_options":{"image_generator_settings":{"template":"highway","default_image_id":0,"font":"","enabled":false},"version":2}},"categories":[3],"tags":[6573,7089,6502,11134,2571,2615,11150,10484,10640,11151,10426,10607,6572,11149,10673,10230],"class_list":["post-19143","post","type-post","status-publish","format-standard","has-post-thumbnail","hentry","category-dpc","tag-babel","tag-babel-album","tag-balkans","tag-bosnie-et-herzegovine","tag-ef-16-35-mm-f28l-ii-usm","tag-eos-5d-mark-ii","tag-drina","tag-eau","tag-fleuve","tag-mededa","tag-montagne","tag-mumford-sons","tag-municipalite-de-visegrad","tag-republique-serbe-de-bosnie","tag-riviere","tag-vert"],"acf":[],"geo":{"latitude":43.7221527,"longitude":19.1700649,"description":"5, Bosnie-Herz\u00e9govine"},"jetpack_publicize_connections":[],"jetpack_featured_media_url":"https:\/\/www.wallendorff.com\/belogue\/wp-content\/uploads\/2015\/04\/201210011.jpg","jetpack_shortlink":"https:\/\/wp.me\/p3b35P-4YL","jetpack_sharing_enabled":true,"jetpack-related-posts":[{"id":6346,"url":"https:\/\/www.wallendorff.com\/belogue\/2010\/01\/25\/pas-de-main-la-vieille\/","url_meta":{"origin":19143,"position":0},"title":"Pas de main, la vieille.","author":"dpc","date":"25 janvier 2010","format":false,"excerpt":"Rue du Bain-aux-Plantes, Strasbourg, 26 d\u00e9cembre 2009. \u00a0Shout Out Louds \u2013 Four by Four","rel":"","context":"Dans &quot;DPC&quot;","block_context":{"text":"DPC","link":"https:\/\/www.wallendorff.com\/belogue\/category\/dpc\/"},"img":{"alt_text":"","src":"https:\/\/i0.wp.com\/www.wallendorff.com\/belogue\/wp-content\/uploads\/2015\/04\/201001251.jpg?resize=350%2C200&ssl=1","width":350,"height":200},"classes":[]},{"id":19096,"url":"https:\/\/www.wallendorff.com\/belogue\/2012\/09\/27\/sarajevo-bajina-bata\/","url_meta":{"origin":19143,"position":1},"title":"Sarajevo &ndash; Bajina Ba&scaron;ta.","author":"dpc","date":"27 septembre 2012","format":false,"excerpt":"Kilom\u00e8tres 304 \u00e0 521, 29 juillet. \u00c9tape 1 | \u00c9tape 3 | \u00c9tape 4 | \u00c9tape 5 | \u00c9tape 6 | \u00c9tape 7 Top 6 des cools trucs que j'ai appris le 29 juillet dernier et qui me serviront plus tard dans ma vie future\u00a0: Lire le croate. D\u00e9chiffrer le\u2026","rel":"","context":"Dans &quot;DPC&quot;","block_context":{"text":"DPC","link":"https:\/\/www.wallendorff.com\/belogue\/category\/dpc\/"},"img":{"alt_text":"","src":"https:\/\/i0.wp.com\/www.wallendorff.com\/belogue\/wp-content\/uploads\/2015\/04\/201209271.jpg?resize=350%2C200&ssl=1","width":350,"height":200,"srcset":"https:\/\/i0.wp.com\/www.wallendorff.com\/belogue\/wp-content\/uploads\/2015\/04\/201209271.jpg?resize=350%2C200&ssl=1 1x, https:\/\/i0.wp.com\/www.wallendorff.com\/belogue\/wp-content\/uploads\/2015\/04\/201209271.jpg?resize=525%2C300&ssl=1 1.5x, https:\/\/i0.wp.com\/www.wallendorff.com\/belogue\/wp-content\/uploads\/2015\/04\/201209271.jpg?resize=700%2C400&ssl=1 2x"},"classes":[]},{"id":19044,"url":"https:\/\/www.wallendorff.com\/belogue\/2012\/09\/24\/tombes-a-pic\/","url_meta":{"origin":19143,"position":2},"title":"Tombes \u00e0 pic.","author":"dpc","date":"24 septembre 2012","format":false,"excerpt":"Sarajevo, 29 juillet. Mumford & Sons \u2013 I Will Wait \u00a0","rel":"","context":"Dans &quot;DPC&quot;","block_context":{"text":"DPC","link":"https:\/\/www.wallendorff.com\/belogue\/category\/dpc\/"},"img":{"alt_text":"","src":"https:\/\/i0.wp.com\/www.wallendorff.com\/belogue\/wp-content\/uploads\/2015\/04\/201209241.jpg?resize=350%2C200&ssl=1","width":350,"height":200,"srcset":"https:\/\/i0.wp.com\/www.wallendorff.com\/belogue\/wp-content\/uploads\/2015\/04\/201209241.jpg?resize=350%2C200&ssl=1 1x, https:\/\/i0.wp.com\/www.wallendorff.com\/belogue\/wp-content\/uploads\/2015\/04\/201209241.jpg?resize=525%2C300&ssl=1 1.5x, https:\/\/i0.wp.com\/www.wallendorff.com\/belogue\/wp-content\/uploads\/2015\/04\/201209241.jpg?resize=700%2C400&ssl=1 2x"},"classes":[]},{"id":20697,"url":"https:\/\/www.wallendorff.com\/belogue\/2013\/03\/27\/mumford-sons-mystery-jets-le-trianon-paris\/","url_meta":{"origin":19143,"position":3},"title":"Mumford &#038; Sons + Mystery Jets @ le Trianon, Paris.","author":"dpc","date":"27 mars 2013","format":false,"excerpt":"Babel | Little Lion Man | Whispers in the Dark | White Blank Page | Holland Road | Timshel (unplugged) | The Cave | Lover of the Light | Thistle & Weeds | Ghosts That We Knew | Awake My Soul | Roll Away Your Stone | Dust Bowl Dance\u2026","rel":"","context":"Dans &quot;Alive&quot;","block_context":{"text":"Alive","link":"https:\/\/www.wallendorff.com\/belogue\/category\/alive\/"},"img":{"alt_text":"","src":"https:\/\/i0.wp.com\/www.wallendorff.com\/belogue\/wp-content\/uploads\/2015\/04\/20130327.jpg?resize=350%2C200&ssl=1","width":350,"height":200,"srcset":"https:\/\/i0.wp.com\/www.wallendorff.com\/belogue\/wp-content\/uploads\/2015\/04\/20130327.jpg?resize=350%2C200&ssl=1 1x, https:\/\/i0.wp.com\/www.wallendorff.com\/belogue\/wp-content\/uploads\/2015\/04\/20130327.jpg?resize=525%2C300&ssl=1 1.5x, https:\/\/i0.wp.com\/www.wallendorff.com\/belogue\/wp-content\/uploads\/2015\/04\/20130327.jpg?resize=700%2C400&ssl=1 2x"},"classes":[]},{"id":19785,"url":"https:\/\/www.wallendorff.com\/belogue\/2012\/12\/17\/bath-plafond\/","url_meta":{"origin":19143,"position":4},"title":"Bath plafond.","author":"dpc","date":"17 d\u00e9cembre 2012","format":false,"excerpt":"H\u00f4tel de Monaco, Paris, 15 septembre. Mumford & Sons \u2013 Lover of the Light","rel":"","context":"Dans &quot;DPC&quot;","block_context":{"text":"DPC","link":"https:\/\/www.wallendorff.com\/belogue\/category\/dpc\/"},"img":{"alt_text":"","src":"https:\/\/i0.wp.com\/www.wallendorff.com\/belogue\/wp-content\/uploads\/2015\/04\/201212171.jpg?resize=350%2C200&ssl=1","width":350,"height":200,"srcset":"https:\/\/i0.wp.com\/www.wallendorff.com\/belogue\/wp-content\/uploads\/2015\/04\/201212171.jpg?resize=350%2C200&ssl=1 1x, https:\/\/i0.wp.com\/www.wallendorff.com\/belogue\/wp-content\/uploads\/2015\/04\/201212171.jpg?resize=525%2C300&ssl=1 1.5x, https:\/\/i0.wp.com\/www.wallendorff.com\/belogue\/wp-content\/uploads\/2015\/04\/201212171.jpg?resize=700%2C400&ssl=1 2x"},"classes":[]},{"id":19452,"url":"https:\/\/www.wallendorff.com\/belogue\/2012\/11\/02\/i-will-learn-i-will-learn-to-love-the-skies-im-under\/","url_meta":{"origin":19143,"position":5},"title":"I will learn, I will learn, to love the skies I&rsquo;m under.","author":"dpc","date":"2 novembre 2012","format":false,"excerpt":"Dubrovnik, 2 ao\u00fbt. Mumford & Sons \u2013 Hopeless Wanderer","rel":"","context":"Dans &quot;DPC&quot;","block_context":{"text":"DPC","link":"https:\/\/www.wallendorff.com\/belogue\/category\/dpc\/"},"img":{"alt_text":"","src":"https:\/\/i0.wp.com\/www.wallendorff.com\/belogue\/wp-content\/uploads\/2015\/04\/201211021.jpg?resize=350%2C200&ssl=1","width":350,"height":200,"srcset":"https:\/\/i0.wp.com\/www.wallendorff.com\/belogue\/wp-content\/uploads\/2015\/04\/201211021.jpg?resize=350%2C200&ssl=1 1x, https:\/\/i0.wp.com\/www.wallendorff.com\/belogue\/wp-content\/uploads\/2015\/04\/201211021.jpg?resize=525%2C300&ssl=1 1.5x, https:\/\/i0.wp.com\/www.wallendorff.com\/belogue\/wp-content\/uploads\/2015\/04\/201211021.jpg?resize=700%2C400&ssl=1 2x"},"classes":[]}],"_links":{"self":[{"href":"https:\/\/www.wallendorff.com\/belogue\/wp-json\/wp\/v2\/posts\/19143","targetHints":{"allow":["GET"]}}],"collection":[{"href":"https:\/\/www.wallendorff.com\/belogue\/wp-json\/wp\/v2\/posts"}],"about":[{"href":"https:\/\/www.wallendorff.com\/belogue\/wp-json\/wp\/v2\/types\/post"}],"author":[{"embeddable":true,"href":"https:\/\/www.wallendorff.com\/belogue\/wp-json\/wp\/v2\/users\/1"}],"replies":[{"embeddable":true,"href":"https:\/\/www.wallendorff.com\/belogue\/wp-json\/wp\/v2\/comments?post=19143"}],"version-history":[{"count":6,"href":"https:\/\/www.wallendorff.com\/belogue\/wp-json\/wp\/v2\/posts\/19143\/revisions"}],"predecessor-version":[{"id":19878,"href":"https:\/\/www.wallendorff.com\/belogue\/wp-json\/wp\/v2\/posts\/19143\/revisions\/19878"}],"wp:featuredmedia":[{"embeddable":true,"href":"https:\/\/www.wallendorff.com\/belogue\/wp-json\/wp\/v2\/media\/24535"}],"wp:attachment":[{"href":"https:\/\/www.wallendorff.com\/belogue\/wp-json\/wp\/v2\/media?parent=19143"}],"wp:term":[{"taxonomy":"category","embeddable":true,"href":"https:\/\/www.wallendorff.com\/belogue\/wp-json\/wp\/v2\/categories?post=19143"},{"taxonomy":"post_tag","embeddable":true,"href":"https:\/\/www.wallendorff.com\/belogue\/wp-json\/wp\/v2\/tags?post=19143"}],"curies":[{"name":"wp","href":"https:\/\/api.w.org\/{rel}","templated":true}]}}