{"id":19087,"date":"2012-09-26T12:48:16","date_gmt":"2012-09-26T10:48:16","guid":{"rendered":"http:\/\/www.po-L.com\/belogue\/?p=19087"},"modified":"2012-09-26T12:53:17","modified_gmt":"2012-09-26T10:53:17","slug":"tram-de-la-route","status":"publish","type":"post","link":"https:\/\/www.wallendorff.com\/belogue\/2012\/09\/26\/tram-de-la-route\/","title":{"rendered":"Tram, de la route."},"content":{"rendered":"\n<div id=\"photo\">\n<p><img decoding=\"async\" src=\"https:\/\/www.wallendorff.com\/belogue\/photo\/2012\/09\/20120926.jpg\"><br \/>\nHiseta, Sarajevo, 29 juillet.<\/p>\n<\/p><\/div>\n<p style=\"text-align:right\">Tout ceux qui ont r&eacute;pondu &laquo;&nbsp;rh&ocirc; il n&rsquo;oserait pas enfin.&nbsp;&raquo; &agrave; la question &laquo;&nbsp;Il ne va pas nous mettre un U2 en bande-son sur les photos de Sarajevo, quand m&ecirc;me&nbsp;?&nbsp;&raquo; ont un gage.<\/p>\n<div id=\"bandeson\">\n<p><img decoding=\"async\" src=\"https:\/\/www.wallendorff.com\/belogue\/photo\/pochettes\/u\/u2-even_better_than_the_real_thing_remixes.jpg\" align=\"left\" \/><a href=\"http:\/\/www.u2.com\/\">U2<\/a> &ndash; <a style=\"font-weight:normal\" id=\"lienmp3\" href=\"https:\/\/www.wallendorff.com\/belogue\/media\/20120926.mp3\"><em>Even Better Than the Real Thing<\/em> (V16 Exit Wound remix)<\/a><\/p>\n<\/p><\/div>\n","protected":false},"excerpt":{"rendered":"<p>Hiseta, Sarajevo, 29 juillet. Tout ceux qui ont r&eacute;pondu &laquo;&nbsp;rh&ocirc; il n&rsquo;oserait pas enfin.&nbsp;&raquo; &agrave; la question &laquo;&nbsp;Il ne va pas nous mettre un U2 en bande-son sur les photos de Sarajevo, quand m&ecirc;me&nbsp;?&nbsp;&raquo; ont un gage. U2 &ndash; Even Better Than the Real Thing (V16 Exit Wound remix)<\/p>\n","protected":false},"author":1,"featured_media":25217,"comment_status":"open","ping_status":"open","sticky":false,"template":"","format":"standard","meta":{"_acf_changed":false,"ngg_post_thumbnail":0,"jetpack_post_was_ever_published":false,"_jetpack_newsletter_access":"","_jetpack_dont_email_post_to_subs":false,"_jetpack_newsletter_tier_id":0,"_jetpack_memberships_contains_paywalled_content":false,"_jetpack_memberships_contains_paid_content":false,"footnotes":"","jetpack_publicize_message":"","jetpack_publicize_feature_enabled":true,"jetpack_social_post_already_shared":false,"jetpack_social_options":{"image_generator_settings":{"template":"highway","default_image_id":0,"font":"","enabled":false},"version":2}},"categories":[3],"tags":[6502,6536,11134,2571,2615,6516,6548,6538,10668,6540,6515,10351,10202,11141,10150,6539,10778,309],"class_list":["post-19087","post","type-post","status-publish","format-standard","has-post-thumbnail","hentry","category-dpc","tag-balkans","tag-bascarsija","tag-bosnie-et-herzegovine","tag-ef-16-35-mm-f28l-ii-usm","tag-eos-5d-mark-ii","tag-canton-de-sarajevo","tag-central-electrique-de-stara","tag-even-better-than-the-real-thing","tag-graffiti","tag-hiseta","tag-municipalite-de-sarajevo","tag-rue","tag-ruines","tag-sarajevo","tag-train","tag-tram","tag-tramway","tag-u2"],"acf":[],"geo":{"latitude":43.8559494,"longitude":18.4126759,"description":"19, Canton de Sarajevo, Bosnie-Herz\u00e9govine"},"jetpack_publicize_connections":[],"jetpack_featured_media_url":"https:\/\/www.wallendorff.com\/belogue\/wp-content\/uploads\/2015\/04\/201209261.jpg","jetpack_shortlink":"https:\/\/wp.me\/p3b35P-4XR","jetpack_sharing_enabled":true,"jetpack-related-posts":[{"id":19096,"url":"https:\/\/www.wallendorff.com\/belogue\/2012\/09\/27\/sarajevo-bajina-bata\/","url_meta":{"origin":19087,"position":0},"title":"Sarajevo &ndash; Bajina Ba&scaron;ta.","author":"dpc","date":"27 septembre 2012","format":false,"excerpt":"Kilom\u00e8tres 304 \u00e0 521, 29 juillet. \u00c9tape 1 | \u00c9tape 3 | \u00c9tape 4 | \u00c9tape 5 | \u00c9tape 6 | \u00c9tape 7 Top 6 des cools trucs que j'ai appris le 29 juillet dernier et qui me serviront plus tard dans ma vie future\u00a0: Lire le croate. D\u00e9chiffrer le\u2026","rel":"","context":"Dans &quot;DPC&quot;","block_context":{"text":"DPC","link":"https:\/\/www.wallendorff.com\/belogue\/category\/dpc\/"},"img":{"alt_text":"","src":"https:\/\/i0.wp.com\/www.wallendorff.com\/belogue\/wp-content\/uploads\/2015\/04\/201209271.jpg?resize=350%2C200&ssl=1","width":350,"height":200,"srcset":"https:\/\/i0.wp.com\/www.wallendorff.com\/belogue\/wp-content\/uploads\/2015\/04\/201209271.jpg?resize=350%2C200&ssl=1 1x, https:\/\/i0.wp.com\/www.wallendorff.com\/belogue\/wp-content\/uploads\/2015\/04\/201209271.jpg?resize=525%2C300&ssl=1 1.5x, https:\/\/i0.wp.com\/www.wallendorff.com\/belogue\/wp-content\/uploads\/2015\/04\/201209271.jpg?resize=700%2C400&ssl=1 2x"},"classes":[]},{"id":18985,"url":"https:\/\/www.wallendorff.com\/belogue\/2012\/09\/18\/couloir-no-127\/","url_meta":{"origin":19087,"position":1},"title":"Couloir no 127.","author":"dpc","date":"18 septembre 2012","format":false,"excerpt":"H\u00f4tel Grand, Sarajevo, 28 juillet. [Pur\u00e9e c'est dingue ce qu'on se croirait \u00e0 Milwaukee ou Londres.] The Raveonettes \u2013 Curse the Night","rel":"","context":"Dans &quot;DPC&quot;","block_context":{"text":"DPC","link":"https:\/\/www.wallendorff.com\/belogue\/category\/dpc\/"},"img":{"alt_text":"","src":"https:\/\/i0.wp.com\/www.wallendorff.com\/belogue\/wp-content\/uploads\/2015\/04\/201209181.jpg?resize=350%2C200&ssl=1","width":350,"height":200},"classes":[]},{"id":19009,"url":"https:\/\/www.wallendorff.com\/belogue\/2012\/09\/19\/lemmy-et-une-huile\/","url_meta":{"origin":19087,"position":2},"title":"Lemmy et une huile.","author":"dpc","date":"19 septembre 2012","format":false,"excerpt":"Kobilja Glava, Sarajevo, 28 juillet. Two Door Cinema Club \u2013 Settle","rel":"","context":"Dans &quot;DPC&quot;","block_context":{"text":"DPC","link":"https:\/\/www.wallendorff.com\/belogue\/category\/dpc\/"},"img":{"alt_text":"","src":"https:\/\/i0.wp.com\/www.wallendorff.com\/belogue\/wp-content\/uploads\/2015\/04\/201209191.jpg?resize=350%2C200&ssl=1","width":350,"height":200},"classes":[]},{"id":19015,"url":"https:\/\/www.wallendorff.com\/belogue\/2012\/09\/20\/tour-a-tour\/","url_meta":{"origin":19087,"position":3},"title":"Tour \u00e0 tour.","author":"dpc","date":"20 septembre 2012","format":false,"excerpt":"Muhameda Efendije Pandze, Sarajevo, 29 juillet. The Vaccines \u2013 Mannequin (Wire cover)","rel":"","context":"Dans &quot;DPC&quot;","block_context":{"text":"DPC","link":"https:\/\/www.wallendorff.com\/belogue\/category\/dpc\/"},"img":{"alt_text":"","src":"https:\/\/i0.wp.com\/www.wallendorff.com\/belogue\/wp-content\/uploads\/2015\/04\/201209201.jpg?resize=350%2C200&ssl=1","width":350,"height":200,"srcset":"https:\/\/i0.wp.com\/www.wallendorff.com\/belogue\/wp-content\/uploads\/2015\/04\/201209201.jpg?resize=350%2C200&ssl=1 1x, https:\/\/i0.wp.com\/www.wallendorff.com\/belogue\/wp-content\/uploads\/2015\/04\/201209201.jpg?resize=525%2C300&ssl=1 1.5x, https:\/\/i0.wp.com\/www.wallendorff.com\/belogue\/wp-content\/uploads\/2015\/04\/201209201.jpg?resize=700%2C400&ssl=1 2x"},"classes":[]},{"id":19044,"url":"https:\/\/www.wallendorff.com\/belogue\/2012\/09\/24\/tombes-a-pic\/","url_meta":{"origin":19087,"position":4},"title":"Tombes \u00e0 pic.","author":"dpc","date":"24 septembre 2012","format":false,"excerpt":"Sarajevo, 29 juillet. Mumford & Sons \u2013 I Will Wait \u00a0","rel":"","context":"Dans &quot;DPC&quot;","block_context":{"text":"DPC","link":"https:\/\/www.wallendorff.com\/belogue\/category\/dpc\/"},"img":{"alt_text":"","src":"https:\/\/i0.wp.com\/www.wallendorff.com\/belogue\/wp-content\/uploads\/2015\/04\/201209241.jpg?resize=350%2C200&ssl=1","width":350,"height":200,"srcset":"https:\/\/i0.wp.com\/www.wallendorff.com\/belogue\/wp-content\/uploads\/2015\/04\/201209241.jpg?resize=350%2C200&ssl=1 1x, https:\/\/i0.wp.com\/www.wallendorff.com\/belogue\/wp-content\/uploads\/2015\/04\/201209241.jpg?resize=525%2C300&ssl=1 1.5x, https:\/\/i0.wp.com\/www.wallendorff.com\/belogue\/wp-content\/uploads\/2015\/04\/201209241.jpg?resize=700%2C400&ssl=1 2x"},"classes":[]},{"id":19049,"url":"https:\/\/www.wallendorff.com\/belogue\/2012\/09\/25\/patio-ne-pitre\/","url_meta":{"origin":19087,"position":5},"title":"Patio ne pitre.","author":"dpc","date":"25 septembre 2012","format":false,"excerpt":"Mori\u0107a Han, Sarajevo, 29 juillet. Two Gallants \u2013 Winter's Youth","rel":"","context":"Dans &quot;DPC&quot;","block_context":{"text":"DPC","link":"https:\/\/www.wallendorff.com\/belogue\/category\/dpc\/"},"img":{"alt_text":"","src":"https:\/\/i0.wp.com\/www.wallendorff.com\/belogue\/wp-content\/uploads\/2015\/04\/201209251.jpg?resize=350%2C200&ssl=1","width":350,"height":200},"classes":[]}],"_links":{"self":[{"href":"https:\/\/www.wallendorff.com\/belogue\/wp-json\/wp\/v2\/posts\/19087","targetHints":{"allow":["GET"]}}],"collection":[{"href":"https:\/\/www.wallendorff.com\/belogue\/wp-json\/wp\/v2\/posts"}],"about":[{"href":"https:\/\/www.wallendorff.com\/belogue\/wp-json\/wp\/v2\/types\/post"}],"author":[{"embeddable":true,"href":"https:\/\/www.wallendorff.com\/belogue\/wp-json\/wp\/v2\/users\/1"}],"replies":[{"embeddable":true,"href":"https:\/\/www.wallendorff.com\/belogue\/wp-json\/wp\/v2\/comments?post=19087"}],"version-history":[{"count":8,"href":"https:\/\/www.wallendorff.com\/belogue\/wp-json\/wp\/v2\/posts\/19087\/revisions"}],"predecessor-version":[{"id":19095,"href":"https:\/\/www.wallendorff.com\/belogue\/wp-json\/wp\/v2\/posts\/19087\/revisions\/19095"}],"wp:featuredmedia":[{"embeddable":true,"href":"https:\/\/www.wallendorff.com\/belogue\/wp-json\/wp\/v2\/media\/25217"}],"wp:attachment":[{"href":"https:\/\/www.wallendorff.com\/belogue\/wp-json\/wp\/v2\/media?parent=19087"}],"wp:term":[{"taxonomy":"category","embeddable":true,"href":"https:\/\/www.wallendorff.com\/belogue\/wp-json\/wp\/v2\/categories?post=19087"},{"taxonomy":"post_tag","embeddable":true,"href":"https:\/\/www.wallendorff.com\/belogue\/wp-json\/wp\/v2\/tags?post=19087"}],"curies":[{"name":"wp","href":"https:\/\/api.w.org\/{rel}","templated":true}]}}