{"id":19049,"date":"2012-09-25T11:24:30","date_gmt":"2012-09-25T09:24:30","guid":{"rendered":"http:\/\/www.po-L.com\/belogue\/?p=19049"},"modified":"2012-12-25T14:25:33","modified_gmt":"2012-12-25T12:25:33","slug":"patio-ne-pitre","status":"publish","type":"post","link":"https:\/\/www.wallendorff.com\/belogue\/2012\/09\/25\/patio-ne-pitre\/","title":{"rendered":"Patio ne pitre."},"content":{"rendered":"\n<div id=\"photo\">\n<p><img decoding=\"async\" src=\"https:\/\/www.wallendorff.com\/belogue\/photo\/2012\/09\/20120925.jpg\"><br \/>\nMori&#263;a Han, Sarajevo, 29 juillet.<\/p>\n<\/p><\/div>\n<div id=\"bandeson\">\n<p><img decoding=\"async\" src=\"https:\/\/www.wallendorff.com\/belogue\/photo\/pochettes\/t\/two_gallants-the_bloom_and_the_blight.jpg\" align=\"left\" \/><a href=\"http:\/\/www.twogallants.com\/\">Two Gallants<\/a> &ndash; <a style=\"font-weight:normal\" id=\"lienmp3\" href=\"http:\/\/www.youtube.com\/watch?v=fFxC32rRIj8\"><em>Winter&rsquo;s Youth<\/em><\/a><\/p>\n<\/p><\/div>\n","protected":false},"excerpt":{"rendered":"<p>Mori&#263;a Han, Sarajevo, 29 juillet. Two Gallants &ndash; Winter&rsquo;s Youth<\/p>\n","protected":false},"author":1,"featured_media":24545,"comment_status":"open","ping_status":"open","sticky":false,"template":"","format":"standard","meta":{"_acf_changed":false,"ngg_post_thumbnail":0,"jetpack_post_was_ever_published":false,"_jetpack_newsletter_access":"","_jetpack_dont_email_post_to_subs":false,"_jetpack_newsletter_tier_id":0,"_jetpack_memberships_contains_paywalled_content":false,"_jetpack_memberships_contains_paid_content":false,"footnotes":"","jetpack_publicize_message":"","jetpack_publicize_feature_enabled":true,"jetpack_social_post_already_shared":false,"jetpack_social_options":{"image_generator_settings":{"template":"highway","default_image_id":0,"font":"","enabled":false},"version":2}},"categories":[3],"tags":[6502,6536,11134,2615,6516,10620,10589,10619,6534,6515,10688,10540,11141,170,10775,7087,10379,6537,6535],"class_list":["post-19049","post","type-post","status-publish","format-standard","has-post-thumbnail","hentry","category-dpc","tag-balkans","tag-bascarsija","tag-bosnie-et-herzegovine","tag-eos-5d-mark-ii","tag-canton-de-sarajevo","tag-cour","tag-homme","tag-jardin","tag-morica-han","tag-municipalite-de-sarajevo","tag-paves","tag-restaurant","tag-sarajevo","tag-sigma-70-300-mm-f4-56-dg-apo-macro","tag-terrasse","tag-the-bloom-and-the-blight","tag-two-gallants","tag-ulici-saraci","tag-winters-youth"],"acf":[],"geo":{"latitude":43.8595886,"longitude":18.4302006,"description":"19, Canton de Sarajevo, Bosnie-Herz\u00e9govine"},"jetpack_publicize_connections":[],"jetpack_featured_media_url":"https:\/\/www.wallendorff.com\/belogue\/wp-content\/uploads\/2015\/04\/201209251.jpg","jetpack_shortlink":"https:\/\/wp.me\/p3b35P-4Xf","jetpack_sharing_enabled":true,"jetpack-related-posts":[{"id":19087,"url":"https:\/\/www.wallendorff.com\/belogue\/2012\/09\/26\/tram-de-la-route\/","url_meta":{"origin":19049,"position":0},"title":"Tram, de la route.","author":"dpc","date":"26 septembre 2012","format":false,"excerpt":"Hiseta, Sarajevo, 29 juillet. Tout ceux qui ont r\u00e9pondu \u00ab\u00a0rh\u00f4 il n'oserait pas enfin.\u00a0\u00bb \u00e0 la question \u00ab\u00a0Il ne va pas nous mettre un U2 en bande-son sur les photos de Sarajevo, quand m\u00eame\u00a0?\u00a0\u00bb ont un gage. U2 \u2013 Even Better Than the Real Thing (V16 Exit Wound remix)","rel":"","context":"Dans &quot;DPC&quot;","block_context":{"text":"DPC","link":"https:\/\/www.wallendorff.com\/belogue\/category\/dpc\/"},"img":{"alt_text":"","src":"https:\/\/i0.wp.com\/www.wallendorff.com\/belogue\/wp-content\/uploads\/2015\/04\/201209261.jpg?resize=350%2C200&ssl=1","width":350,"height":200,"srcset":"https:\/\/i0.wp.com\/www.wallendorff.com\/belogue\/wp-content\/uploads\/2015\/04\/201209261.jpg?resize=350%2C200&ssl=1 1x, https:\/\/i0.wp.com\/www.wallendorff.com\/belogue\/wp-content\/uploads\/2015\/04\/201209261.jpg?resize=525%2C300&ssl=1 1.5x, https:\/\/i0.wp.com\/www.wallendorff.com\/belogue\/wp-content\/uploads\/2015\/04\/201209261.jpg?resize=700%2C400&ssl=1 2x"},"classes":[]},{"id":18985,"url":"https:\/\/www.wallendorff.com\/belogue\/2012\/09\/18\/couloir-no-127\/","url_meta":{"origin":19049,"position":1},"title":"Couloir no 127.","author":"dpc","date":"18 septembre 2012","format":false,"excerpt":"H\u00f4tel Grand, Sarajevo, 28 juillet. [Pur\u00e9e c'est dingue ce qu'on se croirait \u00e0 Milwaukee ou Londres.] The Raveonettes \u2013 Curse the Night","rel":"","context":"Dans &quot;DPC&quot;","block_context":{"text":"DPC","link":"https:\/\/www.wallendorff.com\/belogue\/category\/dpc\/"},"img":{"alt_text":"","src":"https:\/\/i0.wp.com\/www.wallendorff.com\/belogue\/wp-content\/uploads\/2015\/04\/201209181.jpg?resize=350%2C200&ssl=1","width":350,"height":200},"classes":[]},{"id":19009,"url":"https:\/\/www.wallendorff.com\/belogue\/2012\/09\/19\/lemmy-et-une-huile\/","url_meta":{"origin":19049,"position":2},"title":"Lemmy et une huile.","author":"dpc","date":"19 septembre 2012","format":false,"excerpt":"Kobilja Glava, Sarajevo, 28 juillet. Two Door Cinema Club \u2013 Settle","rel":"","context":"Dans &quot;DPC&quot;","block_context":{"text":"DPC","link":"https:\/\/www.wallendorff.com\/belogue\/category\/dpc\/"},"img":{"alt_text":"","src":"https:\/\/i0.wp.com\/www.wallendorff.com\/belogue\/wp-content\/uploads\/2015\/04\/201209191.jpg?resize=350%2C200&ssl=1","width":350,"height":200},"classes":[]},{"id":19015,"url":"https:\/\/www.wallendorff.com\/belogue\/2012\/09\/20\/tour-a-tour\/","url_meta":{"origin":19049,"position":3},"title":"Tour \u00e0 tour.","author":"dpc","date":"20 septembre 2012","format":false,"excerpt":"Muhameda Efendije Pandze, Sarajevo, 29 juillet. The Vaccines \u2013 Mannequin (Wire cover)","rel":"","context":"Dans &quot;DPC&quot;","block_context":{"text":"DPC","link":"https:\/\/www.wallendorff.com\/belogue\/category\/dpc\/"},"img":{"alt_text":"","src":"https:\/\/i0.wp.com\/www.wallendorff.com\/belogue\/wp-content\/uploads\/2015\/04\/201209201.jpg?resize=350%2C200&ssl=1","width":350,"height":200,"srcset":"https:\/\/i0.wp.com\/www.wallendorff.com\/belogue\/wp-content\/uploads\/2015\/04\/201209201.jpg?resize=350%2C200&ssl=1 1x, https:\/\/i0.wp.com\/www.wallendorff.com\/belogue\/wp-content\/uploads\/2015\/04\/201209201.jpg?resize=525%2C300&ssl=1 1.5x, https:\/\/i0.wp.com\/www.wallendorff.com\/belogue\/wp-content\/uploads\/2015\/04\/201209201.jpg?resize=700%2C400&ssl=1 2x"},"classes":[]},{"id":19044,"url":"https:\/\/www.wallendorff.com\/belogue\/2012\/09\/24\/tombes-a-pic\/","url_meta":{"origin":19049,"position":4},"title":"Tombes \u00e0 pic.","author":"dpc","date":"24 septembre 2012","format":false,"excerpt":"Sarajevo, 29 juillet. Mumford & Sons \u2013 I Will Wait \u00a0","rel":"","context":"Dans &quot;DPC&quot;","block_context":{"text":"DPC","link":"https:\/\/www.wallendorff.com\/belogue\/category\/dpc\/"},"img":{"alt_text":"","src":"https:\/\/i0.wp.com\/www.wallendorff.com\/belogue\/wp-content\/uploads\/2015\/04\/201209241.jpg?resize=350%2C200&ssl=1","width":350,"height":200,"srcset":"https:\/\/i0.wp.com\/www.wallendorff.com\/belogue\/wp-content\/uploads\/2015\/04\/201209241.jpg?resize=350%2C200&ssl=1 1x, https:\/\/i0.wp.com\/www.wallendorff.com\/belogue\/wp-content\/uploads\/2015\/04\/201209241.jpg?resize=525%2C300&ssl=1 1.5x, https:\/\/i0.wp.com\/www.wallendorff.com\/belogue\/wp-content\/uploads\/2015\/04\/201209241.jpg?resize=700%2C400&ssl=1 2x"},"classes":[]},{"id":19096,"url":"https:\/\/www.wallendorff.com\/belogue\/2012\/09\/27\/sarajevo-bajina-bata\/","url_meta":{"origin":19049,"position":5},"title":"Sarajevo &ndash; Bajina Ba&scaron;ta.","author":"dpc","date":"27 septembre 2012","format":false,"excerpt":"Kilom\u00e8tres 304 \u00e0 521, 29 juillet. \u00c9tape 1 | \u00c9tape 3 | \u00c9tape 4 | \u00c9tape 5 | \u00c9tape 6 | \u00c9tape 7 Top 6 des cools trucs que j'ai appris le 29 juillet dernier et qui me serviront plus tard dans ma vie future\u00a0: Lire le croate. D\u00e9chiffrer le\u2026","rel":"","context":"Dans &quot;DPC&quot;","block_context":{"text":"DPC","link":"https:\/\/www.wallendorff.com\/belogue\/category\/dpc\/"},"img":{"alt_text":"","src":"https:\/\/i0.wp.com\/www.wallendorff.com\/belogue\/wp-content\/uploads\/2015\/04\/201209271.jpg?resize=350%2C200&ssl=1","width":350,"height":200,"srcset":"https:\/\/i0.wp.com\/www.wallendorff.com\/belogue\/wp-content\/uploads\/2015\/04\/201209271.jpg?resize=350%2C200&ssl=1 1x, https:\/\/i0.wp.com\/www.wallendorff.com\/belogue\/wp-content\/uploads\/2015\/04\/201209271.jpg?resize=525%2C300&ssl=1 1.5x, https:\/\/i0.wp.com\/www.wallendorff.com\/belogue\/wp-content\/uploads\/2015\/04\/201209271.jpg?resize=700%2C400&ssl=1 2x"},"classes":[]}],"_links":{"self":[{"href":"https:\/\/www.wallendorff.com\/belogue\/wp-json\/wp\/v2\/posts\/19049","targetHints":{"allow":["GET"]}}],"collection":[{"href":"https:\/\/www.wallendorff.com\/belogue\/wp-json\/wp\/v2\/posts"}],"about":[{"href":"https:\/\/www.wallendorff.com\/belogue\/wp-json\/wp\/v2\/types\/post"}],"author":[{"embeddable":true,"href":"https:\/\/www.wallendorff.com\/belogue\/wp-json\/wp\/v2\/users\/1"}],"replies":[{"embeddable":true,"href":"https:\/\/www.wallendorff.com\/belogue\/wp-json\/wp\/v2\/comments?post=19049"}],"version-history":[{"count":5,"href":"https:\/\/www.wallendorff.com\/belogue\/wp-json\/wp\/v2\/posts\/19049\/revisions"}],"predecessor-version":[{"id":19868,"href":"https:\/\/www.wallendorff.com\/belogue\/wp-json\/wp\/v2\/posts\/19049\/revisions\/19868"}],"wp:featuredmedia":[{"embeddable":true,"href":"https:\/\/www.wallendorff.com\/belogue\/wp-json\/wp\/v2\/media\/24545"}],"wp:attachment":[{"href":"https:\/\/www.wallendorff.com\/belogue\/wp-json\/wp\/v2\/media?parent=19049"}],"wp:term":[{"taxonomy":"category","embeddable":true,"href":"https:\/\/www.wallendorff.com\/belogue\/wp-json\/wp\/v2\/categories?post=19049"},{"taxonomy":"post_tag","embeddable":true,"href":"https:\/\/www.wallendorff.com\/belogue\/wp-json\/wp\/v2\/tags?post=19049"}],"curies":[{"name":"wp","href":"https:\/\/api.w.org\/{rel}","templated":true}]}}