{"id":19044,"date":"2012-09-24T11:29:36","date_gmt":"2012-09-24T09:29:36","guid":{"rendered":"http:\/\/www.po-L.com\/belogue\/?p=19044"},"modified":"2012-12-25T14:29:09","modified_gmt":"2012-12-25T12:29:09","slug":"tombes-a-pic","status":"publish","type":"post","link":"https:\/\/www.wallendorff.com\/belogue\/2012\/09\/24\/tombes-a-pic\/","title":{"rendered":"Tombes \u00e0 pic."},"content":{"rendered":"\n<div id=\"photo\">\n<p><img decoding=\"async\" src=\"https:\/\/www.wallendorff.com\/belogue\/photo\/2012\/09\/20120924.jpg\"><br \/>\nSarajevo, 29 juillet.<\/p>\n<\/p><\/div>\n<div id=\"bandeson\">\n<p><img decoding=\"async\" src=\"https:\/\/www.wallendorff.com\/belogue\/photo\/pochettes\/m\/mumford&#038;sons-babel.jpg\" align=\"left\" \/><a href=\"http:\/\/www.mumfordandsons.com\/\">Mumford &amp; Sons<\/a> &ndash; <a style=\"font-weight:normal\" id=\"lienmp3\" href=\"http:\/\/www.youtube.com\/watch?v=rGKfrgqWcv0\"><em>I Will Wait<\/em><\/a><\/p>\n<\/p><\/div>ngg_shortcode_0_placeholder<p>&nbsp;<\/p>\n","protected":false},"excerpt":{"rendered":"<p>Sarajevo, 29 juillet. Mumford &amp; Sons &ndash; I Will Wait &nbsp;<\/p>\n","protected":false},"author":1,"featured_media":24547,"comment_status":"open","ping_status":"open","sticky":false,"template":"","format":"standard","meta":{"_acf_changed":false,"ngg_post_thumbnail":0,"jetpack_post_was_ever_published":false,"_jetpack_newsletter_access":"","_jetpack_dont_email_post_to_subs":false,"_jetpack_newsletter_tier_id":0,"_jetpack_memberships_contains_paywalled_content":false,"_jetpack_memberships_contains_paid_content":false,"footnotes":"","jetpack_publicize_message":"","jetpack_publicize_feature_enabled":true,"jetpack_social_post_already_shared":false,"jetpack_social_options":{"image_generator_settings":{"template":"highway","default_image_id":0,"font":"","enabled":false},"version":2}},"categories":[3],"tags":[11142,7089,6502,11134,2571,2615,6516,10207,11145,11148,6531,10538,6533,10646,10619,11144,10485,10607,6515,11147,11141,170,10517,10851,11146],"class_list":["post-19044","post","type-post","status-publish","format-standard","has-post-thumbnail","hentry","category-dpc","tag-avaz-twist-tower","tag-babel-album","tag-balkans","tag-bosnie-et-herzegovine","tag-ef-16-35-mm-f28l-ii-usm","tag-eos-5d-mark-ii","tag-canton-de-sarajevo","tag-cimetiere","tag-cimetiere-budakovici","tag-cimetiere-humka","tag-colline","tag-gratte-ciel","tag-i-will-wait","tag-immeuble","tag-jardin","tag-kobijla-glava","tag-maison","tag-mumford-sons","tag-municipalite-de-sarajevo","tag-panjina-kula","tag-sarajevo","tag-sigma-70-300-mm-f4-56-dg-apo-macro","tag-tombe","tag-tour","tag-ulica-budakovici-cikma"],"acf":[],"geo":{"latitude":43.8691864,"longitude":18.4271297,"description":"18, Canton de Sarajevo, Bosnie-Herz\u00e9govine"},"jetpack_publicize_connections":[],"jetpack_featured_media_url":"https:\/\/www.wallendorff.com\/belogue\/wp-content\/uploads\/2015\/04\/201209241.jpg","jetpack_shortlink":"https:\/\/wp.me\/p3b35P-4Xa","jetpack_sharing_enabled":true,"jetpack-related-posts":[{"id":6860,"url":"https:\/\/www.wallendorff.com\/belogue\/2010\/02\/24\/but-i-cant-move-the-mountains-for-you\/","url_meta":{"origin":19044,"position":0},"title":"But I can&rsquo;t move the mountains for you.","author":"dpc","date":"24 f\u00e9vrier 2010","format":false,"excerpt":"Cimeti\u00e8re de Belleville, Paris, 9 janvier. \u00ab\u00a0Oh, Pierre, tu sais qu'on voit ta maison d'ici\u00a0?\u00a0\u00bb. Et puisqu'il faut savoir innover, aujourd'hui on fera dans la bande-son \u00e0 choix multiple\u00a0: \u00a0Mumford and Sons \u2013 Timshel \u00a0Tom McRae \u2013 Out of the Walls","rel":"","context":"Dans &quot;DPC&quot;","block_context":{"text":"DPC","link":"https:\/\/www.wallendorff.com\/belogue\/category\/dpc\/"},"img":{"alt_text":"","src":"https:\/\/i0.wp.com\/www.wallendorff.com\/belogue\/wp-content\/uploads\/2015\/04\/201002241.jpg?resize=350%2C200&ssl=1","width":350,"height":200,"srcset":"https:\/\/i0.wp.com\/www.wallendorff.com\/belogue\/wp-content\/uploads\/2015\/04\/201002241.jpg?resize=350%2C200&ssl=1 1x, https:\/\/i0.wp.com\/www.wallendorff.com\/belogue\/wp-content\/uploads\/2015\/04\/201002241.jpg?resize=525%2C300&ssl=1 1.5x"},"classes":[]},{"id":18985,"url":"https:\/\/www.wallendorff.com\/belogue\/2012\/09\/18\/couloir-no-127\/","url_meta":{"origin":19044,"position":1},"title":"Couloir no 127.","author":"dpc","date":"18 septembre 2012","format":false,"excerpt":"H\u00f4tel Grand, Sarajevo, 28 juillet. [Pur\u00e9e c'est dingue ce qu'on se croirait \u00e0 Milwaukee ou Londres.] The Raveonettes \u2013 Curse the Night","rel":"","context":"Dans &quot;DPC&quot;","block_context":{"text":"DPC","link":"https:\/\/www.wallendorff.com\/belogue\/category\/dpc\/"},"img":{"alt_text":"","src":"https:\/\/i0.wp.com\/www.wallendorff.com\/belogue\/wp-content\/uploads\/2015\/04\/201209181.jpg?resize=350%2C200&ssl=1","width":350,"height":200},"classes":[]},{"id":19009,"url":"https:\/\/www.wallendorff.com\/belogue\/2012\/09\/19\/lemmy-et-une-huile\/","url_meta":{"origin":19044,"position":2},"title":"Lemmy et une huile.","author":"dpc","date":"19 septembre 2012","format":false,"excerpt":"Kobilja Glava, Sarajevo, 28 juillet. Two Door Cinema Club \u2013 Settle","rel":"","context":"Dans &quot;DPC&quot;","block_context":{"text":"DPC","link":"https:\/\/www.wallendorff.com\/belogue\/category\/dpc\/"},"img":{"alt_text":"","src":"https:\/\/i0.wp.com\/www.wallendorff.com\/belogue\/wp-content\/uploads\/2015\/04\/201209191.jpg?resize=350%2C200&ssl=1","width":350,"height":200},"classes":[]},{"id":19015,"url":"https:\/\/www.wallendorff.com\/belogue\/2012\/09\/20\/tour-a-tour\/","url_meta":{"origin":19044,"position":3},"title":"Tour \u00e0 tour.","author":"dpc","date":"20 septembre 2012","format":false,"excerpt":"Muhameda Efendije Pandze, Sarajevo, 29 juillet. The Vaccines \u2013 Mannequin (Wire cover)","rel":"","context":"Dans &quot;DPC&quot;","block_context":{"text":"DPC","link":"https:\/\/www.wallendorff.com\/belogue\/category\/dpc\/"},"img":{"alt_text":"","src":"https:\/\/i0.wp.com\/www.wallendorff.com\/belogue\/wp-content\/uploads\/2015\/04\/201209201.jpg?resize=350%2C200&ssl=1","width":350,"height":200,"srcset":"https:\/\/i0.wp.com\/www.wallendorff.com\/belogue\/wp-content\/uploads\/2015\/04\/201209201.jpg?resize=350%2C200&ssl=1 1x, https:\/\/i0.wp.com\/www.wallendorff.com\/belogue\/wp-content\/uploads\/2015\/04\/201209201.jpg?resize=525%2C300&ssl=1 1.5x, https:\/\/i0.wp.com\/www.wallendorff.com\/belogue\/wp-content\/uploads\/2015\/04\/201209201.jpg?resize=700%2C400&ssl=1 2x"},"classes":[]},{"id":19087,"url":"https:\/\/www.wallendorff.com\/belogue\/2012\/09\/26\/tram-de-la-route\/","url_meta":{"origin":19044,"position":4},"title":"Tram, de la route.","author":"dpc","date":"26 septembre 2012","format":false,"excerpt":"Hiseta, Sarajevo, 29 juillet. Tout ceux qui ont r\u00e9pondu \u00ab\u00a0rh\u00f4 il n'oserait pas enfin.\u00a0\u00bb \u00e0 la question \u00ab\u00a0Il ne va pas nous mettre un U2 en bande-son sur les photos de Sarajevo, quand m\u00eame\u00a0?\u00a0\u00bb ont un gage. U2 \u2013 Even Better Than the Real Thing (V16 Exit Wound remix)","rel":"","context":"Dans &quot;DPC&quot;","block_context":{"text":"DPC","link":"https:\/\/www.wallendorff.com\/belogue\/category\/dpc\/"},"img":{"alt_text":"","src":"https:\/\/i0.wp.com\/www.wallendorff.com\/belogue\/wp-content\/uploads\/2015\/04\/201209261.jpg?resize=350%2C200&ssl=1","width":350,"height":200,"srcset":"https:\/\/i0.wp.com\/www.wallendorff.com\/belogue\/wp-content\/uploads\/2015\/04\/201209261.jpg?resize=350%2C200&ssl=1 1x, https:\/\/i0.wp.com\/www.wallendorff.com\/belogue\/wp-content\/uploads\/2015\/04\/201209261.jpg?resize=525%2C300&ssl=1 1.5x, https:\/\/i0.wp.com\/www.wallendorff.com\/belogue\/wp-content\/uploads\/2015\/04\/201209261.jpg?resize=700%2C400&ssl=1 2x"},"classes":[]},{"id":19049,"url":"https:\/\/www.wallendorff.com\/belogue\/2012\/09\/25\/patio-ne-pitre\/","url_meta":{"origin":19044,"position":5},"title":"Patio ne pitre.","author":"dpc","date":"25 septembre 2012","format":false,"excerpt":"Mori\u0107a Han, Sarajevo, 29 juillet. Two Gallants \u2013 Winter's Youth","rel":"","context":"Dans &quot;DPC&quot;","block_context":{"text":"DPC","link":"https:\/\/www.wallendorff.com\/belogue\/category\/dpc\/"},"img":{"alt_text":"","src":"https:\/\/i0.wp.com\/www.wallendorff.com\/belogue\/wp-content\/uploads\/2015\/04\/201209251.jpg?resize=350%2C200&ssl=1","width":350,"height":200},"classes":[]}],"_links":{"self":[{"href":"https:\/\/www.wallendorff.com\/belogue\/wp-json\/wp\/v2\/posts\/19044","targetHints":{"allow":["GET"]}}],"collection":[{"href":"https:\/\/www.wallendorff.com\/belogue\/wp-json\/wp\/v2\/posts"}],"about":[{"href":"https:\/\/www.wallendorff.com\/belogue\/wp-json\/wp\/v2\/types\/post"}],"author":[{"embeddable":true,"href":"https:\/\/www.wallendorff.com\/belogue\/wp-json\/wp\/v2\/users\/1"}],"replies":[{"embeddable":true,"href":"https:\/\/www.wallendorff.com\/belogue\/wp-json\/wp\/v2\/comments?post=19044"}],"version-history":[{"count":4,"href":"https:\/\/www.wallendorff.com\/belogue\/wp-json\/wp\/v2\/posts\/19044\/revisions"}],"predecessor-version":[{"id":19874,"href":"https:\/\/www.wallendorff.com\/belogue\/wp-json\/wp\/v2\/posts\/19044\/revisions\/19874"}],"wp:featuredmedia":[{"embeddable":true,"href":"https:\/\/www.wallendorff.com\/belogue\/wp-json\/wp\/v2\/media\/24547"}],"wp:attachment":[{"href":"https:\/\/www.wallendorff.com\/belogue\/wp-json\/wp\/v2\/media?parent=19044"}],"wp:term":[{"taxonomy":"category","embeddable":true,"href":"https:\/\/www.wallendorff.com\/belogue\/wp-json\/wp\/v2\/categories?post=19044"},{"taxonomy":"post_tag","embeddable":true,"href":"https:\/\/www.wallendorff.com\/belogue\/wp-json\/wp\/v2\/tags?post=19044"}],"curies":[{"name":"wp","href":"https:\/\/api.w.org\/{rel}","templated":true}]}}