{"id":190,"date":"2006-07-10T10:34:20","date_gmt":"2006-07-10T10:34:20","guid":{"rendered":"http:\/\/www.po-l.com\/wordpress\/?p=190"},"modified":"2012-05-03T09:44:05","modified_gmt":"2012-05-03T07:44:05","slug":"couillon-de-bulture","status":"publish","type":"post","link":"https:\/\/www.wallendorff.com\/belogue\/2006\/07\/10\/couillon-de-bulture\/","title":{"rendered":"Couillon de Bulture."},"content":{"rendered":"\n<div id=\"photo\">\n<p><img decoding=\"async\" src=\"http:\/\/www.po-L.com\/belogue\/photo\/2006\/07\/20060710.jpg\" \/><br \/>\n          Clamart-MC, 29 juin.<\/p>\n<\/p><\/div>\n<p>Une dosette de lait-concentr&eacute;-pour-ton-caf&eacute; Nestl&eacute;<sup>&reg;<\/sup> p&eacute;rim&eacute;e depuis le 7 novembre 2004 et ouverte le 10 juillet 2006, &ccedil;a a la couleur de la Vache Qui Rit<sup>&reg;<\/sup>, l&rsquo;odeur de la Vache Qui Rit<sup>&reg;<\/sup> et la texture de la Vache Qui Rit<sup>&reg;1<\/sup>. &Agrave; se demander si l&rsquo;activit&eacute; des fromageries Bel<sup>&reg;<\/sup> ne se limite pas &agrave; acheter des dosettes de lait-concentr&eacute;-pour-ton-caf&eacute; Nestl&eacute;<sup>&reg;<\/sup>, attendre que deux ans passent apr&egrave;s leur p&eacute;remption, les mettre en forme triangulaire et coller une vache hilare dessus<sup>2<\/sup>.<\/p>\n<p>C&rsquo;est peut-&ecirc;tre pas int&eacute;ressant, comme note, mais au moins &ccedil;a nous parler deux minutes d&rsquo;autre chose que de la triste soir&eacute;e d&rsquo;hier<sup>3<\/sup>. <\/p>\n<div id=\"bandeson\">\n<p><img decoding=\"async\" src=\"https:\/\/www.wallendorff.com\/belogue\/photo\/pochettes\/b\/beastie_boys-iii_communication.jpg\" align=\"left\" \/>&nbsp;<a href=\"http:\/\/www.beastieboys.com\/\">Beastie Boys<\/a>&nbsp;&#8213; <em>Sabotage<\/em><\/p>\n<\/p><\/div>\n<div id=\"bas_note\">\n<p>_____<\/p>\n<p><sup>1<\/sup> Pour les essais sur le go&ucirc;t, on attendra midi.<\/p>\n<p><sup>2<\/sup> Qui doit &ecirc;tre, ce matin, la seule &agrave; se marrer.<\/p>\n<p><sup>3<\/sup> Ce qu&rsquo;il y a quand m&ecirc;me de dr&ocirc;le, dans l&rsquo;histoire, c&rsquo;est que maintenant que tout le monde en veut &agrave; Zidane, la personnalit&eacute; pr&eacute;f&eacute;r&eacute;e des Fran&ccedil;ais redevient l&rsquo;Abb&eacute; Pierre&nbsp;: &agrave; lui le titre de personnalit&eacute; pr&eacute;f&eacute;r&eacute;e des Fran&ccedil;ais et les pubs de ballons qui tombent, d&rsquo;assurances qui sauvent la plan&egrave;te et de bus &eacute;quip&eacute;s d&rsquo;auto-radio diffusant les Rakes en boucle. Can&rsquo;t wait.<\/p>\n<\/p><\/div>\n","protected":false},"excerpt":{"rendered":"<p>Clamart-MC, 29 juin. Une dosette de lait-concentr&eacute;-pour-ton-caf&eacute; Nestl&eacute;&reg; p&eacute;rim&eacute;e depuis le 7 novembre 2004 et ouverte le 10 juillet 2006, &ccedil;a a la couleur de la Vache Qui Rit&reg;, l&rsquo;odeur de la Vache Qui Rit&reg; et la texture de la Vache Qui Rit&reg;1. &Agrave; se demander si l&rsquo;activit&eacute; des fromageries Bel&reg; ne se limite pas&hellip;<\/p>\n","protected":false},"author":1,"featured_media":24126,"comment_status":"open","ping_status":"open","sticky":false,"template":"","format":"standard","meta":{"_acf_changed":false,"ngg_post_thumbnail":0,"jetpack_post_was_ever_published":false,"_jetpack_newsletter_access":"","_jetpack_dont_email_post_to_subs":false,"_jetpack_newsletter_tier_id":0,"_jetpack_memberships_contains_paywalled_content":false,"_jetpack_memberships_contains_paid_content":false,"footnotes":"","jetpack_publicize_message":"","jetpack_publicize_feature_enabled":true,"jetpack_social_post_already_shared":false,"jetpack_social_options":{"image_generator_settings":{"template":"highway","default_image_id":0,"font":"","enabled":false},"version":2}},"categories":[3],"tags":[1676,10145,142,132,1659,10120,10353,10121,1677],"class_list":["post-190","post","type-post","status-publish","format-standard","has-post-thumbnail","hentry","category-dpc","tag-beastie-boys","tag-bureau","tag-ef-s-10-22-mm-f35-45-usm","tag-eos-20d","tag-fouteballe","tag-france","tag-hauts-de-seine","tag-ile-de-france","tag-sabotage"],"acf":[],"geo":null,"jetpack_publicize_connections":[],"jetpack_featured_media_url":"https:\/\/www.wallendorff.com\/belogue\/wp-content\/uploads\/2015\/04\/200607101.jpg","jetpack_shortlink":"https:\/\/wp.me\/p3b35P-34","jetpack_sharing_enabled":true,"jetpack-related-posts":[{"id":1051,"url":"https:\/\/www.wallendorff.com\/belogue\/2007\/10\/04\/le-jeu-du-jour\/","url_meta":{"origin":190,"position":0},"title":"Le jeu du jour.","author":"dpc","date":"4 octobre 2007","format":false,"excerpt":"Je vais me la tenter La\u00fbrelle 5 minutes pour voir si \u00e7a m'attire 22\u00a0469 connexions par jour, plein de preums et un chapeau en vache, tiens. J'offre un exemplaire d\u00e9dicac\u00e9 de mon premier album de BD1, un badge de mon groupe2 et une photo de mes seins3 au premier ou\u2026","rel":"","context":"Dans &quot;DPC&quot;","block_context":{"text":"DPC","link":"https:\/\/www.wallendorff.com\/belogue\/category\/dpc\/"},"img":{"alt_text":"","src":"https:\/\/i0.wp.com\/www.wallendorff.com\/belogue\/wp-content\/uploads\/2015\/04\/200710041.jpg?resize=350%2C200&ssl=1","width":350,"height":200},"classes":[]},{"id":1130,"url":"https:\/\/www.wallendorff.com\/belogue\/2008\/01\/06\/croire-rouge\/","url_meta":{"origin":190,"position":1},"title":"Croire rouge.","author":"dpc","date":"6 janvier 2008","format":false,"excerpt":"Entrer dans un Piano Vache \u00e0 l'atmosph\u00e8re \u00e9tonnamment claire \u2015 Enquiller les pintes \u2015 Rester interdit 30 secondes, sur le point de le croire, quand Bin\u00f4me essaie de te faire passer Joie Division pour Grauzone (Gros Zone\u00a0?), le premier groupe de Stephan Eicher \u2015 Ponctuer la conversation de tonitruants \u00ab\u00a0Qui\u2026","rel":"","context":"Dans &quot;DPC&quot;","block_context":{"text":"DPC","link":"https:\/\/www.wallendorff.com\/belogue\/category\/dpc\/"},"img":{"alt_text":"","src":"https:\/\/i0.wp.com\/www.wallendorff.com\/belogue\/wp-content\/uploads\/2015\/04\/200801061.jpg?resize=350%2C200&ssl=1","width":350,"height":200},"classes":[]},{"id":1015,"url":"https:\/\/www.wallendorff.com\/belogue\/2007\/08\/11\/autobiodiscographie-13\/","url_meta":{"origin":190,"position":2},"title":"Aerosmith &ndash; Get a Grip","author":"dpc","date":"11 ao\u00fbt 2007","format":false,"excerpt":"#23 Label\u00a0: Geffen Sortie\u00a0: 20 avril 1993 Producteur\u00a0: Bruce Fairbairn \u00c7a doit \u00eatre \u00e0 travers la radio \u00e0 l'or\u00e9e de l'\u00e9t\u00e9 1993. C'est Cryin' que j'ai entendu en premier. Certain. Cryin' au coll\u00e8ge c'est la frime intergalactique, LE CD single \u00e0 avoir dans ton mange-disque si tu veux que la\u2026","rel":"","context":"Dans &quot;Autodiscobiographie&quot;","block_context":{"text":"Autodiscobiographie","link":"https:\/\/www.wallendorff.com\/belogue\/category\/autodiscobiographie\/"},"img":{"alt_text":"","src":"https:\/\/i0.wp.com\/www.wallendorff.com\/belogue\/wp-content\/uploads\/2015\/04\/013b.jpg?resize=350%2C200&ssl=1","width":350,"height":200,"srcset":"https:\/\/i0.wp.com\/www.wallendorff.com\/belogue\/wp-content\/uploads\/2015\/04\/013b.jpg?resize=350%2C200&ssl=1 1x, https:\/\/i0.wp.com\/www.wallendorff.com\/belogue\/wp-content\/uploads\/2015\/04\/013b.jpg?resize=525%2C300&ssl=1 1.5x, https:\/\/i0.wp.com\/www.wallendorff.com\/belogue\/wp-content\/uploads\/2015\/04\/013b.jpg?resize=700%2C400&ssl=1 2x"},"classes":[]},{"id":1266,"url":"https:\/\/www.wallendorff.com\/belogue\/2008\/07\/09\/space-mots-keys-22\/","url_meta":{"origin":190,"position":3},"title":"Space mots-keys #22.","author":"dpc","date":"9 juillet 2008","format":false,"excerpt":"ize proude tou pr\u00e9sente Sp\u00e9cial Allemands Oui, il para\u00eet que c'est le seul qui a des poils. \u00a0 Plus \u00e7a va et plus les requ\u00eates sur Tokio Hotel ressemble \u00e0 des titres de bouquins de Martine. \u00a0 Bah oui, quand ils font les boutiques. \u00a0 Moi aussi \u00e7a m'a fait\u2026","rel":"","context":"Dans &quot;Space mots-keys&quot;","block_context":{"text":"Space mots-keys","link":"https:\/\/www.wallendorff.com\/belogue\/category\/space-mots-keys\/"},"img":{"alt_text":"","src":"","width":0,"height":0},"classes":[]},{"id":1272,"url":"https:\/\/www.wallendorff.com\/belogue\/2008\/07\/18\/monte-hippiethon\/","url_meta":{"origin":190,"position":4},"title":"Monte-hippiethon\u00b9.","author":"dpc","date":"18 juillet 2008","format":false,"excerpt":"Rue de la Manutention, Paris, 23 juin. Le seul truc pire que de se r\u00e9veiller \u00e0 6h36 quand on a mis son r\u00e9veil \u00e0 6h37, c'est se r\u00e9veiller \u00e0 6h36, grommeler en se retournant pour profiter de sa derni\u00e8re minute et \u00eatre interrompu dans la seconde suivante par Vanessa Paradis\u2026","rel":"","context":"Dans &quot;DPC&quot;","block_context":{"text":"DPC","link":"https:\/\/www.wallendorff.com\/belogue\/category\/dpc\/"},"img":{"alt_text":"","src":"https:\/\/i0.wp.com\/www.wallendorff.com\/belogue\/wp-content\/uploads\/2015\/04\/200807181.jpg?resize=350%2C200&ssl=1","width":350,"height":200},"classes":[]},{"id":124768,"url":"https:\/\/www.wallendorff.com\/belogue\/2023\/05\/31\/mai-2023\/","url_meta":{"origin":190,"position":5},"title":"Mai 2023.","author":"dpc","date":"31 mai 2023","format":false,"excerpt":"Un resto, un toit, un miroir, un escalator, un ciel, un pont, une galerie, une statue, un parapluie, une galerie, un ap\u00e9ro, une ruelle, une chaise, un z\u00e8bre, une fin de journ\u00e9e, des ballons, un mur, une terrasse, une statue, une galerie, un m\u00e9tro, une tour, un bateau, une tour,\u2026","rel":"","context":"Dans &quot;Blog-note&quot;","block_context":{"text":"Blog-note","link":"https:\/\/www.wallendorff.com\/belogue\/category\/blog-note\/"},"img":{"alt_text":"","src":"https:\/\/i0.wp.com\/www.wallendorff.com\/belogue\/wp-content\/uploads\/2023\/06\/20230626-02.jpg?resize=350%2C200&ssl=1","width":350,"height":200,"srcset":"https:\/\/i0.wp.com\/www.wallendorff.com\/belogue\/wp-content\/uploads\/2023\/06\/20230626-02.jpg?resize=350%2C200&ssl=1 1x, https:\/\/i0.wp.com\/www.wallendorff.com\/belogue\/wp-content\/uploads\/2023\/06\/20230626-02.jpg?resize=525%2C300&ssl=1 1.5x, https:\/\/i0.wp.com\/www.wallendorff.com\/belogue\/wp-content\/uploads\/2023\/06\/20230626-02.jpg?resize=700%2C400&ssl=1 2x, https:\/\/i0.wp.com\/www.wallendorff.com\/belogue\/wp-content\/uploads\/2023\/06\/20230626-02.jpg?resize=1050%2C600&ssl=1 3x"},"classes":[]}],"_links":{"self":[{"href":"https:\/\/www.wallendorff.com\/belogue\/wp-json\/wp\/v2\/posts\/190","targetHints":{"allow":["GET"]}}],"collection":[{"href":"https:\/\/www.wallendorff.com\/belogue\/wp-json\/wp\/v2\/posts"}],"about":[{"href":"https:\/\/www.wallendorff.com\/belogue\/wp-json\/wp\/v2\/types\/post"}],"author":[{"embeddable":true,"href":"https:\/\/www.wallendorff.com\/belogue\/wp-json\/wp\/v2\/users\/1"}],"replies":[{"embeddable":true,"href":"https:\/\/www.wallendorff.com\/belogue\/wp-json\/wp\/v2\/comments?post=190"}],"version-history":[{"count":1,"href":"https:\/\/www.wallendorff.com\/belogue\/wp-json\/wp\/v2\/posts\/190\/revisions"}],"predecessor-version":[{"id":17158,"href":"https:\/\/www.wallendorff.com\/belogue\/wp-json\/wp\/v2\/posts\/190\/revisions\/17158"}],"wp:featuredmedia":[{"embeddable":true,"href":"https:\/\/www.wallendorff.com\/belogue\/wp-json\/wp\/v2\/media\/24126"}],"wp:attachment":[{"href":"https:\/\/www.wallendorff.com\/belogue\/wp-json\/wp\/v2\/media?parent=190"}],"wp:term":[{"taxonomy":"category","embeddable":true,"href":"https:\/\/www.wallendorff.com\/belogue\/wp-json\/wp\/v2\/categories?post=190"},{"taxonomy":"post_tag","embeddable":true,"href":"https:\/\/www.wallendorff.com\/belogue\/wp-json\/wp\/v2\/tags?post=190"}],"curies":[{"name":"wp","href":"https:\/\/api.w.org\/{rel}","templated":true}]}}