{"id":18965,"date":"2012-09-14T12:48:40","date_gmt":"2012-09-14T10:48:40","guid":{"rendered":"http:\/\/www.po-L.com\/belogue\/?p=18965"},"modified":"2018-05-23T08:15:00","modified_gmt":"2018-05-23T06:15:00","slug":"kastel-novi-sarajevo","status":"publish","type":"post","link":"https:\/\/www.wallendorff.com\/belogue\/2012\/09\/14\/kastel-novi-sarajevo\/","title":{"rendered":"Ka\u0161tel Novi &ndash; Sarajevo."},"content":{"rendered":"\n<div id=\"photo\">\n<p><img decoding=\"async\" src=\"https:\/\/www.wallendorff.com\/belogue\/photo\/2012\/09\/20120914.jpg\"><\/p>\n<\/p><\/div>\n<p style=\"text-align:right\"><a href=\"https:\/\/www.wallendorff.com\/belogue\/2012\/09\/27\/sarajevo-bajina-bata\/\">&Eacute;tape 2<\/a> | <a href=\"https:\/\/www.wallendorff.com\/belogue\/2012\/10\/04\/bajina-bata-belgrade\/\">&Eacute;tape 3<\/a> | <a href=\"https:\/\/www.wallendorff.com\/belogue\/2012\/10\/15\/belgrade-pristina\/\">&Eacute;tape 4<\/a> | <a href=\"http:\/\/www.po-L.com\/belogue\/2012\/10\/18\/pritina-budva\/\">&Eacute;tape 5<\/a> | &Eacute;tape 6 | <a href=\"https:\/\/www.wallendorff.com\/belogue\/2012\/11\/19\/dubrovnik-mali-rat\/\">&Eacute;tape 7<\/a><\/p>\n<p><a href=\"https:\/\/www.wallendorff.com\/belogue\/2009\/06\/23\/milwaukee-chicago\/\">Je l&rsquo;ai d&eacute;j&agrave; dit<\/a><sup>1<\/sup>: la photo sur la route, c&rsquo;est hyper-frustrant. On loupe des tonnes de choses, on amasse plus de photos d&rsquo;intention que de vraies et quand on reprend le tout apr&egrave;s avoir laiss&eacute; d&eacute;canter un mois, on y retrouve &agrave; peine le quart de ce qu&rsquo;on a vu.<\/p>\n<p style=\"text-align:right\">Mais bon, ce qui est pris n&rsquo;est plus &agrave; prendre.<\/p>\n<p style=\"text-align:right\">Oh et puisqu&rsquo;on parle de route&nbsp;: le <a href=\"http:\/\/www.sebhouis.com\/\">Seb Houis<\/a> vient de partir voir en Californie s&rsquo;il y est. 10 jours sur la route, sans quasiment s&rsquo;arr&ecirc;ter. <a href=\"http:\/\/leprojetpatate.tumblr.com\/\">&Ccedil;a se suit l&agrave;<\/a>.<\/p>\n<div id=\"bandeson\">\n<p><img decoding=\"async\" src=\"https:\/\/www.wallendorff.com\/belogue\/photo\/pochettes\/b\/burial-untrue.jpg\" align=\"left\" \/><a href=\"http:\/\/www.myspace.com\/burialuk\">Burial<\/a> &ndash; <a style=\"font-weight:normal\" id=\"lienmp3\" href=\"http:\/\/www.youtube.com\/watch?v=_MigURCQQA0\"><em>Ghost Hardware<\/em><\/a><\/p>\n<\/p><\/div>ngg_shortcode_0_placeholder<p>&nbsp;<\/p>\n<div id=\"bas_note\">\n<p>_____ <\/p>\n<p>1. De fa&ccedil;on pas claire. Pour &ecirc;tre honn&ecirc;te je ne comprends plus rien au jeu plac&eacute; &agrave; la fin de notasse.<\/p>\n<\/p><\/div>\n","protected":false},"excerpt":{"rendered":"<p>&Eacute;tape 2 | &Eacute;tape 3 | &Eacute;tape 4 | &Eacute;tape 5 | &Eacute;tape 6 | &Eacute;tape 7 Je l&rsquo;ai d&eacute;j&agrave; dit1: la photo sur la route, c&rsquo;est hyper-frustrant. On loupe des tonnes de choses, on amasse plus de photos d&rsquo;intention que de vraies et quand on reprend le tout apr&egrave;s avoir laiss&eacute; d&eacute;canter un mois,&hellip;<\/p>\n","protected":false},"author":1,"featured_media":24170,"comment_status":"open","ping_status":"open","sticky":false,"template":"","format":"standard","meta":{"_acf_changed":false,"ngg_post_thumbnail":0,"jetpack_post_was_ever_published":false,"_jetpack_newsletter_access":"","_jetpack_dont_email_post_to_subs":false,"_jetpack_newsletter_tier_id":0,"_jetpack_memberships_contains_paywalled_content":false,"_jetpack_memberships_contains_paid_content":false,"footnotes":"","jetpack_publicize_message":"","jetpack_publicize_feature_enabled":true,"jetpack_social_post_already_shared":false,"jetpack_social_options":{"image_generator_settings":{"template":"highway","default_image_id":0,"font":"","enabled":false},"version":2}},"categories":[3],"tags":[6502,6499,6501,11134,5719,6509,2571,2615,6504,6498,5847,10625,10326,10344,5906,10311,11140,10238,10640,6510,10589,10426,10606,11136,5941,6503,11138,10104,11137,10380,10564,5696,10673,5943,6507,10103,11135,170,6506,11139,5812,10851,10641,10171,6505,6500],"class_list":["post-18965","post","type-post","status-publish","format-standard","has-post-thumbnail","hentry","category-dpc","tag-balkans","tag-bosna-i-hercegovina","tag-bosnia-and-herzegovina","tag-bosnie-et-herzegovine","tag-bridge","tag-burial","tag-ef-16-35-mm-f28l-ii-usm","tag-eos-5d-mark-ii","tag-canton-dherzegovine-nertva","tag-car","tag-church","tag-clocher","tag-crepuscule","tag-croix","tag-cross","tag-dos","tag-dubrovnik","tag-eglise","tag-fleuve","tag-ghost-hardware","tag-homme","tag-montagne","tag-mosquee","tag-mostar","tag-mountain","tag-municipalite-de-capljina","tag-neretva","tag-panneau","tag-pare-brise","tag-pont","tag-poteau","tag-river","tag-riviere","tag-road","tag-roadsign","tag-route","tag-sevas-njive","tag-sigma-70-300-mm-f4-56-dg-apo-macro","tag-sign","tag-stari-most","tag-sunset","tag-tour","tag-tunnel","tag-voiture","tag-windshield","tag-6500"],"acf":[],"geo":{"latitude":43.3484154,"longitude":17.8127213,"description":"E73, Mostar, Bosnie-Herz\u00e9govine"},"jetpack_publicize_connections":[],"jetpack_featured_media_url":"https:\/\/www.wallendorff.com\/belogue\/wp-content\/uploads\/2015\/04\/201209141.jpg","jetpack_shortlink":"https:\/\/wp.me\/p3b35P-4VT","jetpack_sharing_enabled":true,"jetpack-related-posts":[{"id":19178,"url":"https:\/\/www.wallendorff.com\/belogue\/2012\/10\/04\/bajina-bata-belgrade\/","url_meta":{"origin":18965,"position":0},"title":"Bajina Ba&scaron;ta &#8211; Belgrade.","author":"dpc","date":"4 octobre 2012","format":false,"excerpt":"Kilom\u00e8tres 521 \u00e0 832, 30 juillet. \u00c9tape 1 | \u00c9tape 2 | \u00c9tape 4 | \u00c9tape 5 | \u00c9tape 6 | \u00c9tape 7 Dana Buoy \u2013 Call to Be \u00a0","rel":"","context":"Dans &quot;DPC&quot;","block_context":{"text":"DPC","link":"https:\/\/www.wallendorff.com\/belogue\/category\/dpc\/"},"img":{"alt_text":"","src":"https:\/\/i0.wp.com\/www.wallendorff.com\/belogue\/wp-content\/uploads\/2015\/04\/201210041.jpg?resize=350%2C200&ssl=1","width":350,"height":200,"srcset":"https:\/\/i0.wp.com\/www.wallendorff.com\/belogue\/wp-content\/uploads\/2015\/04\/201210041.jpg?resize=350%2C200&ssl=1 1x, https:\/\/i0.wp.com\/www.wallendorff.com\/belogue\/wp-content\/uploads\/2015\/04\/201210041.jpg?resize=525%2C300&ssl=1 1.5x, https:\/\/i0.wp.com\/www.wallendorff.com\/belogue\/wp-content\/uploads\/2015\/04\/201210041.jpg?resize=700%2C400&ssl=1 2x"},"classes":[]},{"id":19588,"url":"https:\/\/www.wallendorff.com\/belogue\/2012\/11\/19\/dubrovnik-mali-rat\/","url_meta":{"origin":18965,"position":1},"title":"Dubrovnik &ndash; Mali Rat","author":"dpc","date":"19 novembre 2012","format":false,"excerpt":"Kilom\u00e8tres 1\u00a0633 \u00e0 2\u00a0007, 4 ao\u00fbt. \u00c9tape 1 | \u00c9tape 2 | \u00c9tape 3 | \u00c9tape 4 | \u00c9tape 5 | \u00c9tape 6 ... And You Will Know Us by the Trail of Dead \u2013 Catatonic \u00a0","rel":"","context":"Dans &quot;DPC&quot;","block_context":{"text":"DPC","link":"https:\/\/www.wallendorff.com\/belogue\/category\/dpc\/"},"img":{"alt_text":"","src":"https:\/\/i0.wp.com\/www.wallendorff.com\/belogue\/wp-content\/uploads\/2015\/04\/201211191.jpg?resize=350%2C200&ssl=1","width":350,"height":200,"srcset":"https:\/\/i0.wp.com\/www.wallendorff.com\/belogue\/wp-content\/uploads\/2015\/04\/201211191.jpg?resize=350%2C200&ssl=1 1x, https:\/\/i0.wp.com\/www.wallendorff.com\/belogue\/wp-content\/uploads\/2015\/04\/201211191.jpg?resize=525%2C300&ssl=1 1.5x, https:\/\/i0.wp.com\/www.wallendorff.com\/belogue\/wp-content\/uploads\/2015\/04\/201211191.jpg?resize=700%2C400&ssl=1 2x"},"classes":[]},{"id":19096,"url":"https:\/\/www.wallendorff.com\/belogue\/2012\/09\/27\/sarajevo-bajina-bata\/","url_meta":{"origin":18965,"position":2},"title":"Sarajevo &ndash; Bajina Ba&scaron;ta.","author":"dpc","date":"27 septembre 2012","format":false,"excerpt":"Kilom\u00e8tres 304 \u00e0 521, 29 juillet. \u00c9tape 1 | \u00c9tape 3 | \u00c9tape 4 | \u00c9tape 5 | \u00c9tape 6 | \u00c9tape 7 Top 6 des cools trucs que j'ai appris le 29 juillet dernier et qui me serviront plus tard dans ma vie future\u00a0: Lire le croate. D\u00e9chiffrer le\u2026","rel":"","context":"Dans &quot;DPC&quot;","block_context":{"text":"DPC","link":"https:\/\/www.wallendorff.com\/belogue\/category\/dpc\/"},"img":{"alt_text":"","src":"https:\/\/i0.wp.com\/www.wallendorff.com\/belogue\/wp-content\/uploads\/2015\/04\/201209271.jpg?resize=350%2C200&ssl=1","width":350,"height":200,"srcset":"https:\/\/i0.wp.com\/www.wallendorff.com\/belogue\/wp-content\/uploads\/2015\/04\/201209271.jpg?resize=350%2C200&ssl=1 1x, https:\/\/i0.wp.com\/www.wallendorff.com\/belogue\/wp-content\/uploads\/2015\/04\/201209271.jpg?resize=525%2C300&ssl=1 1.5x, https:\/\/i0.wp.com\/www.wallendorff.com\/belogue\/wp-content\/uploads\/2015\/04\/201209271.jpg?resize=700%2C400&ssl=1 2x"},"classes":[]},{"id":19318,"url":"https:\/\/www.wallendorff.com\/belogue\/2012\/10\/18\/pritina-budva\/","url_meta":{"origin":18965,"position":3},"title":"Pri&scaron;tina &#8211; Budva","author":"dpc","date":"18 octobre 2012","format":false,"excerpt":"Kilom\u00e8tres 1\u00a0134 \u00e0 1\u00a0526, 1er ao\u00fbt. \u00c9tape 1 | \u00c9tape 2 | \u00c9tape 3 | \u00c9tape 4 | \u00c9tape 6 | \u00c9tape 7 \u00c7a commence par la travers\u00e9e du Kosovo. Les plaines, les maisons inachev\u00e9es, les drapeaux albanais et les monuments aux morts de l'U\u00c7K, partout, puis l'arriv\u00e9e \u00e0 Pe\u0107,\u2026","rel":"","context":"Dans &quot;DPC&quot;","block_context":{"text":"DPC","link":"https:\/\/www.wallendorff.com\/belogue\/category\/dpc\/"},"img":{"alt_text":"","src":"https:\/\/i0.wp.com\/www.wallendorff.com\/belogue\/wp-content\/uploads\/2015\/04\/201210181.jpg?resize=350%2C200&ssl=1","width":350,"height":200,"srcset":"https:\/\/i0.wp.com\/www.wallendorff.com\/belogue\/wp-content\/uploads\/2015\/04\/201210181.jpg?resize=350%2C200&ssl=1 1x, https:\/\/i0.wp.com\/www.wallendorff.com\/belogue\/wp-content\/uploads\/2015\/04\/201210181.jpg?resize=525%2C300&ssl=1 1.5x, https:\/\/i0.wp.com\/www.wallendorff.com\/belogue\/wp-content\/uploads\/2015\/04\/201210181.jpg?resize=700%2C400&ssl=1 2x"},"classes":[]},{"id":19278,"url":"https:\/\/www.wallendorff.com\/belogue\/2012\/10\/15\/belgrade-pristina\/","url_meta":{"origin":18965,"position":4},"title":"Belgrade &#8211; Pri&scaron;tina.","author":"dpc","date":"15 octobre 2012","format":false,"excerpt":"Kilom\u00e8tres 832 \u00e0 1\u00a0134, 31 juillet. \u00c9tape 1 | \u00c9tape 2 | \u00c9tape 3 | \u00c9tape 5 | \u00c9tape 6 | \u00c9tape 7 Belgrade m'a tout de suite fait cet \u00e9trange effet de se sentir comme \u00e0 la maison dans un endroit o\u00f9 l'on n'avait pourtant jamais mis les pieds.\u2026","rel":"","context":"Dans &quot;DPC&quot;","block_context":{"text":"DPC","link":"https:\/\/www.wallendorff.com\/belogue\/category\/dpc\/"},"img":{"alt_text":"","src":"https:\/\/i0.wp.com\/www.wallendorff.com\/belogue\/wp-content\/uploads\/2015\/04\/201210151.jpg?resize=350%2C200&ssl=1","width":350,"height":200,"srcset":"https:\/\/i0.wp.com\/www.wallendorff.com\/belogue\/wp-content\/uploads\/2015\/04\/201210151.jpg?resize=350%2C200&ssl=1 1x, https:\/\/i0.wp.com\/www.wallendorff.com\/belogue\/wp-content\/uploads\/2015\/04\/201210151.jpg?resize=525%2C300&ssl=1 1.5x, https:\/\/i0.wp.com\/www.wallendorff.com\/belogue\/wp-content\/uploads\/2015\/04\/201210151.jpg?resize=700%2C400&ssl=1 2x"},"classes":[]},{"id":31021,"url":"https:\/\/www.wallendorff.com\/belogue\/2016\/05\/25\/etape-sur-des-bancs-bouees-aisselles-nues-mer-au-loin-2\/","url_meta":{"origin":18965,"position":5},"title":"\u00c9tape sur des bancs-bou\u00e9es, aisselles nues, mer au loin.","author":"dpc","date":"25 mai 2016","format":false,"excerpt":"Port d'Ouchy, Lausanne, 19 mars. Clearest Blue CHVRCHES","rel":"","context":"Dans &quot;DPC&quot;","block_context":{"text":"DPC","link":"https:\/\/www.wallendorff.com\/belogue\/category\/dpc\/"},"img":{"alt_text":"","src":"https:\/\/i0.wp.com\/www.wallendorff.com\/belogue\/wp-content\/uploads\/2016\/05\/20160525.jpg?resize=350%2C200&ssl=1","width":350,"height":200,"srcset":"https:\/\/i0.wp.com\/www.wallendorff.com\/belogue\/wp-content\/uploads\/2016\/05\/20160525.jpg?resize=350%2C200&ssl=1 1x, https:\/\/i0.wp.com\/www.wallendorff.com\/belogue\/wp-content\/uploads\/2016\/05\/20160525.jpg?resize=525%2C300&ssl=1 1.5x, https:\/\/i0.wp.com\/www.wallendorff.com\/belogue\/wp-content\/uploads\/2016\/05\/20160525.jpg?resize=700%2C400&ssl=1 2x"},"classes":[]}],"_links":{"self":[{"href":"https:\/\/www.wallendorff.com\/belogue\/wp-json\/wp\/v2\/posts\/18965","targetHints":{"allow":["GET"]}}],"collection":[{"href":"https:\/\/www.wallendorff.com\/belogue\/wp-json\/wp\/v2\/posts"}],"about":[{"href":"https:\/\/www.wallendorff.com\/belogue\/wp-json\/wp\/v2\/types\/post"}],"author":[{"embeddable":true,"href":"https:\/\/www.wallendorff.com\/belogue\/wp-json\/wp\/v2\/users\/1"}],"replies":[{"embeddable":true,"href":"https:\/\/www.wallendorff.com\/belogue\/wp-json\/wp\/v2\/comments?post=18965"}],"version-history":[{"count":8,"href":"https:\/\/www.wallendorff.com\/belogue\/wp-json\/wp\/v2\/posts\/18965\/revisions"}],"predecessor-version":[{"id":38251,"href":"https:\/\/www.wallendorff.com\/belogue\/wp-json\/wp\/v2\/posts\/18965\/revisions\/38251"}],"wp:featuredmedia":[{"embeddable":true,"href":"https:\/\/www.wallendorff.com\/belogue\/wp-json\/wp\/v2\/media\/24170"}],"wp:attachment":[{"href":"https:\/\/www.wallendorff.com\/belogue\/wp-json\/wp\/v2\/media?parent=18965"}],"wp:term":[{"taxonomy":"category","embeddable":true,"href":"https:\/\/www.wallendorff.com\/belogue\/wp-json\/wp\/v2\/categories?post=18965"},{"taxonomy":"post_tag","embeddable":true,"href":"https:\/\/www.wallendorff.com\/belogue\/wp-json\/wp\/v2\/tags?post=18965"}],"curies":[{"name":"wp","href":"https:\/\/api.w.org\/{rel}","templated":true}]}}