{"id":18946,"date":"2012-09-11T14:31:51","date_gmt":"2012-09-11T12:31:51","guid":{"rendered":"http:\/\/www.po-L.com\/belogue\/?p=18946"},"modified":"2012-09-11T14:34:34","modified_gmt":"2012-09-11T12:34:34","slug":"voisins-de-panier-i","status":"publish","type":"post","link":"https:\/\/www.wallendorff.com\/belogue\/2012\/09\/11\/voisins-de-panier-i\/","title":{"rendered":"Voisins de panier [I]."},"content":{"rendered":"\n<div id=\"photo\">\n<p><img decoding=\"async\" src=\"https:\/\/www.wallendorff.com\/belogue\/photo\/2012\/09\/20120911.jpg\"><br \/>\nPasserelle Simone-de-Beauvoir, Paris, 25 juillet.<\/p>\n<\/p><\/div>\n<div id=\"bandeson\">\n<p><img decoding=\"async\" src=\"https:\/\/www.wallendorff.com\/belogue\/photo\/pochettes\/t\/ting_tings_the-sounds_from_nowheresville.jpg\" align=\"left\" \/><a href=\"http:\/\/www.thetingtings.com\/\">The Ting Tings<\/a> &ndash; <a style=\"font-weight:normal\" id=\"lienmp3\" href=\"http:\/\/www.youtube.com\/watch?v=NZbqkdYAyng\"><em>Day to Day<\/em><\/a><\/p>\n<\/p><\/div>\n","protected":false},"excerpt":{"rendered":"<p>Passerelle Simone-de-Beauvoir, Paris, 25 juillet. The Ting Tings &ndash; Day to Day<\/p>\n","protected":false},"author":1,"featured_media":24177,"comment_status":"open","ping_status":"open","sticky":false,"template":"","format":"standard","meta":{"_acf_changed":false,"ngg_post_thumbnail":0,"jetpack_post_was_ever_published":false,"_jetpack_newsletter_access":"","_jetpack_dont_email_post_to_subs":false,"_jetpack_newsletter_tier_id":0,"_jetpack_memberships_contains_paywalled_content":false,"_jetpack_memberships_contains_paid_content":false,"footnotes":"","jetpack_publicize_message":"","jetpack_publicize_feature_enabled":true,"jetpack_social_post_already_shared":false,"jetpack_social_options":{"image_generator_settings":{"template":"highway","default_image_id":0,"font":"","enabled":false},"version":2}},"categories":[3],"tags":[10271,10122,2571,2615,11022,10359,6481,10640,10120,10121,782,10098,10689,10520,6480,4392,10380,10673,10286,5881,10317],"class_list":["post-18946","post","type-post","status-publish","format-standard","has-post-thumbnail","hentry","category-dpc","tag-10271","tag-10122","tag-ef-16-35-mm-f28l-ii-usm","tag-eos-5d-mark-ii","tag-coucher-de-soleil","tag-couple","tag-day-to-day","tag-fleuve","tag-france","tag-ile-de-france","tag-jaune","tag-paris","tag-passerelle","tag-passerelle-simone-de-beauvoir","tag-pique-nique","tag-plancher","tag-pont","tag-riviere","tag-seine","tag-sounds-from-nowheresville","tag-the-ting-tings"],"acf":[],"geo":{"latitude":48.8353043,"longitude":2.3782098,"description":"Paris 12 Reuilly, \u00cele-de-France, 75562 CEDEX 12, FR"},"jetpack_publicize_connections":[],"jetpack_featured_media_url":"https:\/\/www.wallendorff.com\/belogue\/wp-content\/uploads\/2015\/04\/201209111.jpg","jetpack_shortlink":"https:\/\/wp.me\/p3b35P-4VA","jetpack_sharing_enabled":true,"jetpack-related-posts":[{"id":18954,"url":"https:\/\/www.wallendorff.com\/belogue\/2012\/09\/12\/voisins-de-panier-ii\/","url_meta":{"origin":18946,"position":0},"title":"Voisins de panier [II].","author":"dpc","date":"12 septembre 2012","format":false,"excerpt":"Passerelle Simone-de-Beauvoir, Paris, 25 juillet. The xx \u2013 Angels","rel":"","context":"Dans &quot;DPC&quot;","block_context":{"text":"DPC","link":"https:\/\/www.wallendorff.com\/belogue\/category\/dpc\/"},"img":{"alt_text":"","src":"https:\/\/i0.wp.com\/www.wallendorff.com\/belogue\/wp-content\/uploads\/2015\/04\/201209121.jpg?resize=350%2C200&ssl=1","width":350,"height":200,"srcset":"https:\/\/i0.wp.com\/www.wallendorff.com\/belogue\/wp-content\/uploads\/2015\/04\/201209121.jpg?resize=350%2C200&ssl=1 1x, https:\/\/i0.wp.com\/www.wallendorff.com\/belogue\/wp-content\/uploads\/2015\/04\/201209121.jpg?resize=525%2C300&ssl=1 1.5x, https:\/\/i0.wp.com\/www.wallendorff.com\/belogue\/wp-content\/uploads\/2015\/04\/201209121.jpg?resize=700%2C400&ssl=1 2x"},"classes":[]},{"id":21754,"url":"https:\/\/www.wallendorff.com\/belogue\/2013\/10\/09\/into-the-wide-22\/","url_meta":{"origin":18946,"position":1},"title":"Into the wide #22.","author":"dpc","date":"9 octobre 2013","format":false,"excerpt":"Passerelle Simone-de-Beauvoir, Paris, 19 ao\u00fbt. Free at DawnSmall Black","rel":"","context":"Dans &quot;Into the wide&quot;","block_context":{"text":"Into the wide","link":"https:\/\/www.wallendorff.com\/belogue\/category\/into-the-wide\/"},"img":{"alt_text":"","src":"https:\/\/i0.wp.com\/www.wallendorff.com\/belogue\/wp-content\/uploads\/2015\/04\/201310091.jpg?resize=350%2C200&ssl=1","width":350,"height":200,"srcset":"https:\/\/i0.wp.com\/www.wallendorff.com\/belogue\/wp-content\/uploads\/2015\/04\/201310091.jpg?resize=350%2C200&ssl=1 1x, https:\/\/i0.wp.com\/www.wallendorff.com\/belogue\/wp-content\/uploads\/2015\/04\/201310091.jpg?resize=525%2C300&ssl=1 1.5x, https:\/\/i0.wp.com\/www.wallendorff.com\/belogue\/wp-content\/uploads\/2015\/04\/201310091.jpg?resize=700%2C400&ssl=1 2x"},"classes":[]},{"id":3934,"url":"https:\/\/www.wallendorff.com\/belogue\/2009\/02\/23\/all-those-tomorrows\/","url_meta":{"origin":18946,"position":2},"title":"All those tomorrows.","author":"dpc","date":"23 f\u00e9vrier 2009","format":false,"excerpt":"Passerelle Simone-de-Beauvoir, Paris, 17 janvier. \u00a0Pearl Jam \u2013 Low Light","rel":"","context":"Dans &quot;DPC&quot;","block_context":{"text":"DPC","link":"https:\/\/www.wallendorff.com\/belogue\/category\/dpc\/"},"img":{"alt_text":"","src":"https:\/\/i0.wp.com\/www.wallendorff.com\/belogue\/wp-content\/uploads\/2015\/04\/200902231.jpg?resize=350%2C200&ssl=1","width":350,"height":200},"classes":[]},{"id":21759,"url":"https:\/\/www.wallendorff.com\/belogue\/2013\/10\/10\/zou\/","url_meta":{"origin":18946,"position":3},"title":"Zou.","author":"dpc","date":"10 octobre 2013","format":false,"excerpt":"Passerelle Simone-de-Beauvoir, Paris, 19 ao\u00fbt. Il n'y avait rien, puis le bateau est arriv\u00e9. J'ai pens\u00e9 faire une variation de celle-ci, puis un deuxi\u00e8me bateau est arriv\u00e9, alors j'ai encha\u00een\u00e9 les poses de 30 s. Et du coup, j'ai fait un gif. Ghost on the ShoreLord Huron","rel":"","context":"Dans &quot;DPC&quot;","block_context":{"text":"DPC","link":"https:\/\/www.wallendorff.com\/belogue\/category\/dpc\/"},"img":{"alt_text":"","src":"https:\/\/i0.wp.com\/www.wallendorff.com\/belogue\/wp-content\/uploads\/2015\/04\/201310101.gif?resize=350%2C200&ssl=1","width":350,"height":200,"srcset":"https:\/\/i0.wp.com\/www.wallendorff.com\/belogue\/wp-content\/uploads\/2015\/04\/201310101.gif?resize=350%2C200&ssl=1 1x, https:\/\/i0.wp.com\/www.wallendorff.com\/belogue\/wp-content\/uploads\/2015\/04\/201310101.gif?resize=525%2C300&ssl=1 1.5x, https:\/\/i0.wp.com\/www.wallendorff.com\/belogue\/wp-content\/uploads\/2015\/04\/201310101.gif?resize=700%2C400&ssl=1 2x"},"classes":[]},{"id":47793,"url":"https:\/\/www.wallendorff.com\/belogue\/2021\/02\/08\/into-the-wide-211\/","url_meta":{"origin":18946,"position":4},"title":"Into the wide #211.","author":"dpc","date":"8 f\u00e9vrier 2021","format":false,"excerpt":"Passerelle Simone-de-Beauvoir, Paris, 21 octobre 2020. Palaces of Montezuma Grinderman","rel":"","context":"Dans &quot;Into the wide&quot;","block_context":{"text":"Into the wide","link":"https:\/\/www.wallendorff.com\/belogue\/category\/into-the-wide\/"},"img":{"alt_text":"","src":"https:\/\/i0.wp.com\/www.wallendorff.com\/belogue\/wp-content\/uploads\/2021\/02\/20210208.jpg?resize=350%2C200&ssl=1","width":350,"height":200,"srcset":"https:\/\/i0.wp.com\/www.wallendorff.com\/belogue\/wp-content\/uploads\/2021\/02\/20210208.jpg?resize=350%2C200&ssl=1 1x, https:\/\/i0.wp.com\/www.wallendorff.com\/belogue\/wp-content\/uploads\/2021\/02\/20210208.jpg?resize=525%2C300&ssl=1 1.5x, https:\/\/i0.wp.com\/www.wallendorff.com\/belogue\/wp-content\/uploads\/2021\/02\/20210208.jpg?resize=700%2C400&ssl=1 2x, https:\/\/i0.wp.com\/www.wallendorff.com\/belogue\/wp-content\/uploads\/2021\/02\/20210208.jpg?resize=1050%2C600&ssl=1 3x"},"classes":[]},{"id":3940,"url":"https:\/\/www.wallendorff.com\/belogue\/2009\/02\/24\/soit-cqui\/","url_meta":{"origin":18946,"position":5},"title":"Soit c&rsquo;qui.","author":"dpc","date":"24 f\u00e9vrier 2009","format":false,"excerpt":"Passerelle Simone-de-Beauvoir, Paris, 17 janvier. \u00a0Caesars \u2013 Throwaway \u00c0 part \u00e7a, Pousse-Manette m'a \u00e9tiquet\u00e91. Quatre jours que je m\u00e9dite dessus. Faut dire que le sujet est pas simple\u00a0: \u00c9crire un article relatant ce que vous feriez s\u2019il vous restait 500 euros et 500 secondes \u00e0 vivre. Vous avez carte blanche,\u2026","rel":"","context":"Dans &quot;DPC&quot;","block_context":{"text":"DPC","link":"https:\/\/www.wallendorff.com\/belogue\/category\/dpc\/"},"img":{"alt_text":"","src":"https:\/\/i0.wp.com\/www.wallendorff.com\/belogue\/wp-content\/uploads\/2015\/04\/200902241.jpg?resize=350%2C200&ssl=1","width":350,"height":200},"classes":[]}],"_links":{"self":[{"href":"https:\/\/www.wallendorff.com\/belogue\/wp-json\/wp\/v2\/posts\/18946","targetHints":{"allow":["GET"]}}],"collection":[{"href":"https:\/\/www.wallendorff.com\/belogue\/wp-json\/wp\/v2\/posts"}],"about":[{"href":"https:\/\/www.wallendorff.com\/belogue\/wp-json\/wp\/v2\/types\/post"}],"author":[{"embeddable":true,"href":"https:\/\/www.wallendorff.com\/belogue\/wp-json\/wp\/v2\/users\/1"}],"replies":[{"embeddable":true,"href":"https:\/\/www.wallendorff.com\/belogue\/wp-json\/wp\/v2\/comments?post=18946"}],"version-history":[{"count":3,"href":"https:\/\/www.wallendorff.com\/belogue\/wp-json\/wp\/v2\/posts\/18946\/revisions"}],"predecessor-version":[{"id":18951,"href":"https:\/\/www.wallendorff.com\/belogue\/wp-json\/wp\/v2\/posts\/18946\/revisions\/18951"}],"wp:featuredmedia":[{"embeddable":true,"href":"https:\/\/www.wallendorff.com\/belogue\/wp-json\/wp\/v2\/media\/24177"}],"wp:attachment":[{"href":"https:\/\/www.wallendorff.com\/belogue\/wp-json\/wp\/v2\/media?parent=18946"}],"wp:term":[{"taxonomy":"category","embeddable":true,"href":"https:\/\/www.wallendorff.com\/belogue\/wp-json\/wp\/v2\/categories?post=18946"},{"taxonomy":"post_tag","embeddable":true,"href":"https:\/\/www.wallendorff.com\/belogue\/wp-json\/wp\/v2\/tags?post=18946"}],"curies":[{"name":"wp","href":"https:\/\/api.w.org\/{rel}","templated":true}]}}