{"id":18894,"date":"2012-09-05T11:08:30","date_gmt":"2012-09-05T09:08:30","guid":{"rendered":"http:\/\/www.po-L.com\/belogue\/?p=18894"},"modified":"2012-09-06T00:20:47","modified_gmt":"2012-09-05T22:20:47","slug":"poney","status":"publish","type":"post","link":"https:\/\/www.wallendorff.com\/belogue\/2012\/09\/05\/poney\/","title":{"rendered":"Poney."},"content":{"rendered":"\n<div id=\"photo\">\n<p><img decoding=\"async\" src=\"https:\/\/www.wallendorff.com\/belogue\/photo\/2012\/09\/20120905.jpg\"><br \/>\nRue Pierre Charron, Paris, 24 juin.<\/p>\n<\/p><\/div>\n<div id=\"bandeson\">\n<p><img decoding=\"async\" src=\"https:\/\/www.wallendorff.com\/belogue\/photo\/pochettes\/l\/lower_dens-brains.jpg\" align=\"left\" \/><a href=\"http:\/\/lowerdens.com\/\">Lower Dens<\/a> &ndash; <a style=\"font-weight:normal\" id=\"lienmp3\" href=\"http:\/\/www.youtube.com\/watch?v=rI2o-BuQ8eE\"><em>Brains<\/em><\/a><\/p>\n<\/p><\/div>\n","protected":false},"excerpt":{"rendered":"<p>Rue Pierre Charron, Paris, 24 juin. Lower Dens &ndash; Brains<\/p>\n","protected":false},"author":1,"featured_media":24185,"comment_status":"open","ping_status":"open","sticky":false,"template":"","format":"standard","meta":{"_acf_changed":false,"ngg_post_thumbnail":0,"jetpack_post_was_ever_published":false,"_jetpack_newsletter_access":"","_jetpack_dont_email_post_to_subs":false,"_jetpack_newsletter_tier_id":0,"_jetpack_memberships_contains_paywalled_content":false,"_jetpack_memberships_contains_paid_content":false,"footnotes":"","jetpack_publicize_message":"","jetpack_publicize_feature_enabled":true,"jetpack_social_post_already_shared":false,"jetpack_social_options":{"image_generator_settings":{"template":"highway","default_image_id":0,"font":"","enabled":false},"version":2}},"categories":[3],"tags":[6458,10237,6457,6460,3253,737,3217,5759,10145,2571,2615,10964,10246,6465,10307,10120,6462,10121,5758,6463,6461,10098,10382,6459,5748,10262,6456,6464,5741],"class_list":["post-18894","post","type-post","status-publish","format-standard","has-post-thumbnail","hentry","category-dpc","tag-4uatre","tag-10237","tag-agence","tag-agency","tag-animal","tag-bleu","tag-blue","tag-brains","tag-bureau","tag-ef-16-35-mm-f28l-ii-usm","tag-eos-5d-mark-ii","tag-cheval","tag-contre-jour","tag-counter-day-light","tag-fenetre","tag-france","tag-horse","tag-ile-de-france","tag-lower-dens","tag-meeting-room","tag-office","tag-paris","tag-poney","tag-quatre","tag-reflection","tag-reflet","tag-rue-pierre-charron","tag-salle-de-reunion","tag-window"],"acf":[],"geo":{"latitude":48.8699226,"longitude":2.3044977,"description":"68 Rue Pierre Charron, 75008 Paris, France"},"jetpack_publicize_connections":[],"jetpack_featured_media_url":"https:\/\/www.wallendorff.com\/belogue\/wp-content\/uploads\/2015\/04\/201209051.jpg","jetpack_shortlink":"https:\/\/wp.me\/s3b35P-poney","jetpack_sharing_enabled":true,"jetpack-related-posts":[{"id":17030,"url":"https:\/\/www.wallendorff.com\/belogue\/2012\/04\/24\/malle-a-partir\/","url_meta":{"origin":18894,"position":0},"title":"Malle \u00e0 partir.","author":"dpc","date":"24 avril 2012","format":false,"excerpt":"Boulevard de Strasbourg, Paris, 2 mars. Lower Dens \u2013 Brains [youtube]http:\/\/www.youtube.com\/watch?v=OyxzjF8IjE8[\/youtube]","rel":"","context":"Dans &quot;DPC&quot;","block_context":{"text":"DPC","link":"https:\/\/www.wallendorff.com\/belogue\/category\/dpc\/"},"img":{"alt_text":"","src":"https:\/\/i0.wp.com\/www.wallendorff.com\/belogue\/wp-content\/uploads\/2015\/04\/201204241.jpg?resize=350%2C200&ssl=1","width":350,"height":200,"srcset":"https:\/\/i0.wp.com\/www.wallendorff.com\/belogue\/wp-content\/uploads\/2015\/04\/201204241.jpg?resize=350%2C200&ssl=1 1x, https:\/\/i0.wp.com\/www.wallendorff.com\/belogue\/wp-content\/uploads\/2015\/04\/201204241.jpg?resize=525%2C300&ssl=1 1.5x, https:\/\/i0.wp.com\/www.wallendorff.com\/belogue\/wp-content\/uploads\/2015\/04\/201204241.jpg?resize=700%2C400&ssl=1 2x"},"classes":[]},{"id":22886,"url":"https:\/\/www.wallendorff.com\/belogue\/2014\/06\/04\/10-ans-a-la-ferme\/","url_meta":{"origin":18894,"position":1},"title":"10 ans [\u00e0 la] ferme.","author":"dpc","date":"4 juin 2014","format":false,"excerpt":"10 ans de jappement, de meuglements, de caquettements, de b\u00ealements et de piaillement. D'abord avec des toutous, puis des chats, puis tout le reste de la ferme quand na\u00eet en 2011 notre tradition de la visite annuelle au salon de la meuh-meuh (et \u00e0 l'ap\u00e9ro des producteurs de brebis). 10\u2026","rel":"","context":"Dans &quot;DPC&quot;","block_context":{"text":"DPC","link":"https:\/\/www.wallendorff.com\/belogue\/category\/dpc\/"},"img":{"alt_text":"","src":"https:\/\/i0.wp.com\/www.wallendorff.com\/belogue\/wp-content\/uploads\/2015\/04\/201204262.jpg?resize=350%2C200&ssl=1","width":350,"height":200,"srcset":"https:\/\/i0.wp.com\/www.wallendorff.com\/belogue\/wp-content\/uploads\/2015\/04\/201204262.jpg?resize=350%2C200&ssl=1 1x, https:\/\/i0.wp.com\/www.wallendorff.com\/belogue\/wp-content\/uploads\/2015\/04\/201204262.jpg?resize=525%2C300&ssl=1 1.5x, https:\/\/i0.wp.com\/www.wallendorff.com\/belogue\/wp-content\/uploads\/2015\/04\/201204262.jpg?resize=700%2C400&ssl=1 2x"},"classes":[]},{"id":16002,"url":"https:\/\/www.wallendorff.com\/belogue\/2012\/02\/21\/up-in-the-hair-2\/","url_meta":{"origin":18894,"position":2},"title":"Up in the hair.","author":"dpc","date":"21 f\u00e9vrier 2012","format":false,"excerpt":"Rue Bichat, 7 janvier. Yeah woohoo poney poney. Bombay Bicycle Club \u2013 Shuffle [youtube]http:\/\/www.youtube.com\/watch?v=20IYjKbcqP0[\/youtube]","rel":"","context":"Dans &quot;DPC&quot;","block_context":{"text":"DPC","link":"https:\/\/www.wallendorff.com\/belogue\/category\/dpc\/"},"img":{"alt_text":"","src":"https:\/\/i0.wp.com\/www.wallendorff.com\/belogue\/wp-content\/uploads\/2015\/04\/201202211.jpg?resize=350%2C200&ssl=1","width":350,"height":200},"classes":[]},{"id":11904,"url":"https:\/\/www.wallendorff.com\/belogue\/2011\/01\/19\/poney-blanc-et-blanc-poney\/","url_meta":{"origin":18894,"position":3},"title":"Poney blanc et blanc poney.","author":"dpc","date":"19 janvier 2011","format":false,"excerpt":"Rue Estivant de Braux, Givet, 5 d\u00e9cembre 2010. \u00a0Matt Pond PA \u2013 Snow Day","rel":"","context":"Dans &quot;DPC&quot;","block_context":{"text":"DPC","link":"https:\/\/www.wallendorff.com\/belogue\/category\/dpc\/"},"img":{"alt_text":"","src":"https:\/\/i0.wp.com\/www.wallendorff.com\/belogue\/wp-content\/uploads\/2015\/04\/201101191.jpg?resize=350%2C200&ssl=1","width":350,"height":200},"classes":[]},{"id":11585,"url":"https:\/\/www.wallendorff.com\/belogue\/2011\/01\/13\/parc-mont-seau\/","url_meta":{"origin":18894,"position":4},"title":"Parc mont-seau.","author":"dpc","date":"13 janvier 2011","format":false,"excerpt":"Rue du Mont-Cenis, Paris, 20 novembre 2010. \u00ab\u00a0Mont-seau\u00a0\u00bb parce qu'au milieu du square il y a un ch\u00e2teau d'eau et que \u00e7a sonne comme Monceau. D'o\u00f9 dr\u00f4le, d'o\u00f9 lol mdr rophlmao poney poney. Enfin normalement. Hum. \u00a0Amanda Palmer \u2013 I Will Follow You into the Dark (Death Cab for Cutie\u2026","rel":"","context":"Dans &quot;DPC&quot;","block_context":{"text":"DPC","link":"https:\/\/www.wallendorff.com\/belogue\/category\/dpc\/"},"img":{"alt_text":"","src":"https:\/\/i0.wp.com\/www.wallendorff.com\/belogue\/wp-content\/uploads\/2015\/04\/201101131.jpg?resize=350%2C200&ssl=1","width":350,"height":200},"classes":[]},{"id":14732,"url":"https:\/\/www.wallendorff.com\/belogue\/2011\/12\/09\/yeah-wohoo-poney-poney\/","url_meta":{"origin":18894,"position":5},"title":"Yeah wohoo poney poney.","author":"dpc","date":"9 d\u00e9cembre 2011","format":false,"excerpt":"Haras national, Tarb' Tarb' Tarb' Tarb' Tarb' Tarb' Tarb' Tarb' Tarb', 18 septembre. Bon d'accord, cette photo est surtout un pr\u00e9texte pour pouvoir utiliser ce titre. Guns N'Roses \u2013 Down on the Farm (UK Subs cover) [youtube]http:\/\/www.youtube.com\/watch?v=_aEeii9aR6o[\/youtube]","rel":"","context":"Dans &quot;DPC&quot;","block_context":{"text":"DPC","link":"https:\/\/www.wallendorff.com\/belogue\/category\/dpc\/"},"img":{"alt_text":"","src":"https:\/\/i0.wp.com\/www.wallendorff.com\/belogue\/wp-content\/uploads\/2015\/04\/201112091.jpg?resize=350%2C200&ssl=1","width":350,"height":200,"srcset":"https:\/\/i0.wp.com\/www.wallendorff.com\/belogue\/wp-content\/uploads\/2015\/04\/201112091.jpg?resize=350%2C200&ssl=1 1x, https:\/\/i0.wp.com\/www.wallendorff.com\/belogue\/wp-content\/uploads\/2015\/04\/201112091.jpg?resize=525%2C300&ssl=1 1.5x, https:\/\/i0.wp.com\/www.wallendorff.com\/belogue\/wp-content\/uploads\/2015\/04\/201112091.jpg?resize=700%2C400&ssl=1 2x"},"classes":[]}],"_links":{"self":[{"href":"https:\/\/www.wallendorff.com\/belogue\/wp-json\/wp\/v2\/posts\/18894","targetHints":{"allow":["GET"]}}],"collection":[{"href":"https:\/\/www.wallendorff.com\/belogue\/wp-json\/wp\/v2\/posts"}],"about":[{"href":"https:\/\/www.wallendorff.com\/belogue\/wp-json\/wp\/v2\/types\/post"}],"author":[{"embeddable":true,"href":"https:\/\/www.wallendorff.com\/belogue\/wp-json\/wp\/v2\/users\/1"}],"replies":[{"embeddable":true,"href":"https:\/\/www.wallendorff.com\/belogue\/wp-json\/wp\/v2\/comments?post=18894"}],"version-history":[{"count":13,"href":"https:\/\/www.wallendorff.com\/belogue\/wp-json\/wp\/v2\/posts\/18894\/revisions"}],"predecessor-version":[{"id":18908,"href":"https:\/\/www.wallendorff.com\/belogue\/wp-json\/wp\/v2\/posts\/18894\/revisions\/18908"}],"wp:featuredmedia":[{"embeddable":true,"href":"https:\/\/www.wallendorff.com\/belogue\/wp-json\/wp\/v2\/media\/24185"}],"wp:attachment":[{"href":"https:\/\/www.wallendorff.com\/belogue\/wp-json\/wp\/v2\/media?parent=18894"}],"wp:term":[{"taxonomy":"category","embeddable":true,"href":"https:\/\/www.wallendorff.com\/belogue\/wp-json\/wp\/v2\/categories?post=18894"},{"taxonomy":"post_tag","embeddable":true,"href":"https:\/\/www.wallendorff.com\/belogue\/wp-json\/wp\/v2\/tags?post=18894"}],"curies":[{"name":"wp","href":"https:\/\/api.w.org\/{rel}","templated":true}]}}