{"id":18838,"date":"2012-08-30T12:55:50","date_gmt":"2012-08-30T10:55:50","guid":{"rendered":"http:\/\/www.po-L.com\/belogue\/?p=18838"},"modified":"2012-08-30T13:01:21","modified_gmt":"2012-08-30T11:01:21","slug":"rainbows-vers-laisne","status":"publish","type":"post","link":"https:\/\/www.wallendorff.com\/belogue\/2012\/08\/30\/rainbows-vers-laisne\/","title":{"rendered":"Rainbows, vers l&rsquo;Aisne."},"content":{"rendered":"\n<div id=\"photo\">\n<p><img decoding=\"async\" src=\"https:\/\/www.wallendorff.com\/belogue\/photo\/2012\/08\/20120830.jpg\"><br \/>\nAmanvillers, 16 juin.<\/p>\n<\/p><\/div>\n<p style=\"text-align:right\">Mon premier double arc-en-ciel. Pris au fichaille, redress&eacute; avec la case &agrave; cocher &laquo;&nbsp;Activer les corrections de profil de l&rsquo;objectif&nbsp;&raquo; de CameraRaw. Elle est bath, la case &agrave; cocher &laquo;&nbsp;Activer les corrections de profil de l&rsquo;objectif&nbsp;&raquo; de CameraRaw.<\/p>\n<p style=\"text-align:right\">Oh et la photo est orient&eacute;e vers le sud-est, donc vers les Vosges plut&ocirc;t que l&rsquo;Aisne, donc &ccedil;a fait que j&rsquo;ai UN PEU menti dans mon titre. Pardon.<\/p>\n<div id=\"bandeson\">\n<p><img decoding=\"async\" src=\"https:\/\/www.wallendorff.com\/belogue\/photo\/pochettes\/m\/metric-synthetica.jpg\" align=\"left\" \/><a href=\"http:\/\/ilovemetric.com\/\">Metric<\/a> &ndash; <a style=\"font-weight:normal\" id=\"lienmp3\" href=\"https:\/\/www.wallendorff.com\/belogue\/media\/20120830.mp3\"><em>Reflection #11<\/em><\/a><\/p>\n<\/p><\/div>\n","protected":false},"excerpt":{"rendered":"<p>Amanvillers, 16 juin. Mon premier double arc-en-ciel. Pris au fichaille, redress&eacute; avec la case &agrave; cocher &laquo;&nbsp;Activer les corrections de profil de l&rsquo;objectif&nbsp;&raquo; de CameraRaw. Elle est bath, la case &agrave; cocher &laquo;&nbsp;Activer les corrections de profil de l&rsquo;objectif&nbsp;&raquo; de CameraRaw. Oh et la photo est orient&eacute;e vers le sud-est, donc vers les Vosges plut&ocirc;t&hellip;<\/p>\n","protected":false},"author":1,"featured_media":26369,"comment_status":"open","ping_status":"open","sticky":false,"template":"","format":"standard","meta":{"_acf_changed":false,"ngg_post_thumbnail":0,"jetpack_post_was_ever_published":false,"_jetpack_newsletter_access":"","_jetpack_dont_email_post_to_subs":false,"_jetpack_newsletter_tier_id":0,"_jetpack_memberships_contains_paywalled_content":false,"_jetpack_memberships_contains_paid_content":false,"footnotes":"","jetpack_publicize_message":"","jetpack_publicize_feature_enabled":true,"jetpack_social_post_already_shared":false,"jetpack_social_options":{"image_generator_settings":{"template":"highway","default_image_id":0,"font":"","enabled":false},"version":2}},"categories":[3],"tags":[10952,6414,1016,2615,10144,11022,10120,10175,3680,10174,10599,6413],"class_list":["post-18838","post","type-post","status-publish","format-standard","has-post-thumbnail","hentry","category-dpc","tag-amanvillers","tag-arc-en-ciel","tag-ef-15-mm-f28-fisheye","tag-eos-5d-mark-ii","tag-ciel","tag-coucher-de-soleil","tag-france","tag-lorraine","tag-metric","tag-moselle","tag-nuage","tag-reflection-11"],"acf":[],"geo":{"latitude":49.1637459,"longitude":6.0366225,"description":"Amanvillers, Lorraine, 57865, FR"},"jetpack_publicize_connections":[],"jetpack_featured_media_url":"https:\/\/www.wallendorff.com\/belogue\/wp-content\/uploads\/2015\/04\/201208301.jpg","jetpack_shortlink":"https:\/\/wp.me\/p3b35P-4TQ","jetpack_sharing_enabled":true,"jetpack-related-posts":[{"id":18850,"url":"https:\/\/www.wallendorff.com\/belogue\/2012\/08\/31\/tomorrow-well-be-castaway\/","url_meta":{"origin":18838,"position":0},"title":"Tomorrow we&rsquo;ll be castaway.","author":"dpc","date":"31 ao\u00fbt 2012","format":false,"excerpt":"Amanvillers, 16 juin. Oasis \u2013 Fade In-Out","rel":"","context":"Dans &quot;DPC&quot;","block_context":{"text":"DPC","link":"https:\/\/www.wallendorff.com\/belogue\/category\/dpc\/"},"img":{"alt_text":"","src":"https:\/\/i0.wp.com\/www.wallendorff.com\/belogue\/wp-content\/uploads\/2015\/04\/201208311.jpg?resize=350%2C200&ssl=1","width":350,"height":200,"srcset":"https:\/\/i0.wp.com\/www.wallendorff.com\/belogue\/wp-content\/uploads\/2015\/04\/201208311.jpg?resize=350%2C200&ssl=1 1x, https:\/\/i0.wp.com\/www.wallendorff.com\/belogue\/wp-content\/uploads\/2015\/04\/201208311.jpg?resize=525%2C300&ssl=1 1.5x, https:\/\/i0.wp.com\/www.wallendorff.com\/belogue\/wp-content\/uploads\/2015\/04\/201208311.jpg?resize=700%2C400&ssl=1 2x"},"classes":[]},{"id":22937,"url":"https:\/\/www.wallendorff.com\/belogue\/2014\/06\/10\/dix-ans-dans-les-mines-de-ciel\/","url_meta":{"origin":18838,"position":1},"title":"Dix ans dans les mines de ciel.","author":"dpc","date":"10 juin 2014","format":false,"excerpt":"Dix ans \u00e0 regarder le ciel qui rougeoie, les nuages qui passoient, le soleil qui se couchoie et le vent qui souffloie. Un an je passe #2. Auburn Road, Pontiac, 17 septembre 2004. \u00a0 There is a light that never goes out. Paris, 13 juillet 2008. \u00a0 Time ain't gonna\u2026","rel":"","context":"Dans &quot;DPC&quot;","block_context":{"text":"DPC","link":"https:\/\/www.wallendorff.com\/belogue\/category\/dpc\/"},"img":{"alt_text":"","src":"https:\/\/i0.wp.com\/www.wallendorff.com\/belogue\/wp-content\/uploads\/2015\/04\/201104263.jpg?resize=350%2C200&ssl=1","width":350,"height":200,"srcset":"https:\/\/i0.wp.com\/www.wallendorff.com\/belogue\/wp-content\/uploads\/2015\/04\/201104263.jpg?resize=350%2C200&ssl=1 1x, https:\/\/i0.wp.com\/www.wallendorff.com\/belogue\/wp-content\/uploads\/2015\/04\/201104263.jpg?resize=525%2C300&ssl=1 1.5x, https:\/\/i0.wp.com\/www.wallendorff.com\/belogue\/wp-content\/uploads\/2015\/04\/201104263.jpg?resize=700%2C400&ssl=1 2x"},"classes":[]},{"id":43657,"url":"https:\/\/www.wallendorff.com\/belogue\/2019\/08\/27\/divka-na-moste\/","url_meta":{"origin":18838,"position":2},"title":"D\u00edvka [na most\u011b].","author":"dpc","date":"27 ao\u00fbt 2019","format":false,"excerpt":"Pont Charles, Prague, 9 mai 2019. La photo faite, je range le tr\u00e9pied, change d'optique et me dirige vers Mal\u00e1 Strana dans la bruine. Je la croise sans la remarquer, fais deux photos de la cath\u00e9drale, puis me retourne. Elle est dos \u00e0 moi, fig\u00e9e dans sa contemplation du pont.\u2026","rel":"","context":"Dans &quot;DPC&quot;","block_context":{"text":"DPC","link":"https:\/\/www.wallendorff.com\/belogue\/category\/dpc\/"},"img":{"alt_text":"","src":"https:\/\/i0.wp.com\/www.wallendorff.com\/belogue\/wp-content\/uploads\/2019\/08\/20190827-02.jpg?resize=350%2C200&ssl=1","width":350,"height":200,"srcset":"https:\/\/i0.wp.com\/www.wallendorff.com\/belogue\/wp-content\/uploads\/2019\/08\/20190827-02.jpg?resize=350%2C200&ssl=1 1x, https:\/\/i0.wp.com\/www.wallendorff.com\/belogue\/wp-content\/uploads\/2019\/08\/20190827-02.jpg?resize=525%2C300&ssl=1 1.5x, https:\/\/i0.wp.com\/www.wallendorff.com\/belogue\/wp-content\/uploads\/2019\/08\/20190827-02.jpg?resize=700%2C400&ssl=1 2x, https:\/\/i0.wp.com\/www.wallendorff.com\/belogue\/wp-content\/uploads\/2019\/08\/20190827-02.jpg?resize=1050%2C600&ssl=1 3x"},"classes":[]},{"id":21481,"url":"https:\/\/www.wallendorff.com\/belogue\/2013\/08\/22\/unbekannt\/","url_meta":{"origin":18838,"position":3},"title":"Unbekannt.","author":"dpc","date":"22 ao\u00fbt 2013","format":false,"excerpt":"Amanvillers, 23 juin. On Battleship HillPJ Harvey \u00a0","rel":"","context":"Dans &quot;DPC&quot;","block_context":{"text":"DPC","link":"https:\/\/www.wallendorff.com\/belogue\/category\/dpc\/"},"img":{"alt_text":"","src":"https:\/\/i0.wp.com\/www.wallendorff.com\/belogue\/wp-content\/uploads\/2015\/04\/201308221.jpg?resize=350%2C200&ssl=1","width":350,"height":200,"srcset":"https:\/\/i0.wp.com\/www.wallendorff.com\/belogue\/wp-content\/uploads\/2015\/04\/201308221.jpg?resize=350%2C200&ssl=1 1x, https:\/\/i0.wp.com\/www.wallendorff.com\/belogue\/wp-content\/uploads\/2015\/04\/201308221.jpg?resize=525%2C300&ssl=1 1.5x, https:\/\/i0.wp.com\/www.wallendorff.com\/belogue\/wp-content\/uploads\/2015\/04\/201308221.jpg?resize=700%2C400&ssl=1 2x"},"classes":[]},{"id":16315,"url":"https:\/\/www.wallendorff.com\/belogue\/2012\/03\/11\/fond-de-tiroir-19\/","url_meta":{"origin":18838,"position":4},"title":"Fond de tiroir #19.","author":"dpc","date":"11 mars 2012","format":false,"excerpt":"Amanvillers, 12 f\u00e9vrier 2011. Eugene McGuinness \u2013 Lion [youtube]http:\/\/www.youtube.com\/watch?v=tfnsLACLbEc[\/youtube]","rel":"","context":"Dans &quot;DPC&quot;","block_context":{"text":"DPC","link":"https:\/\/www.wallendorff.com\/belogue\/category\/dpc\/"},"img":{"alt_text":"","src":"https:\/\/i0.wp.com\/www.wallendorff.com\/belogue\/wp-content\/uploads\/2015\/04\/201203111.jpg?resize=350%2C200&ssl=1","width":350,"height":200,"srcset":"https:\/\/i0.wp.com\/www.wallendorff.com\/belogue\/wp-content\/uploads\/2015\/04\/201203111.jpg?resize=350%2C200&ssl=1 1x, https:\/\/i0.wp.com\/www.wallendorff.com\/belogue\/wp-content\/uploads\/2015\/04\/201203111.jpg?resize=525%2C300&ssl=1 1.5x, https:\/\/i0.wp.com\/www.wallendorff.com\/belogue\/wp-content\/uploads\/2015\/04\/201203111.jpg?resize=700%2C400&ssl=1 2x"},"classes":[]},{"id":14407,"url":"https:\/\/www.wallendorff.com\/belogue\/2011\/11\/08\/de-stele\/","url_meta":{"origin":18838,"position":5},"title":"De st\u00e8le.","author":"dpc","date":"8 novembre 2011","format":false,"excerpt":"Amanvillers, 28 ao\u00fbt. Other Lives \u2013 For 12 [youtube]http:\/\/www.youtube.com\/watch?v=AWMqgeIDJs8[\/youtube]","rel":"","context":"Dans &quot;DPC&quot;","block_context":{"text":"DPC","link":"https:\/\/www.wallendorff.com\/belogue\/category\/dpc\/"},"img":{"alt_text":"","src":"https:\/\/i0.wp.com\/www.wallendorff.com\/belogue\/wp-content\/uploads\/2015\/04\/201111081.jpg?resize=350%2C200&ssl=1","width":350,"height":200,"srcset":"https:\/\/i0.wp.com\/www.wallendorff.com\/belogue\/wp-content\/uploads\/2015\/04\/201111081.jpg?resize=350%2C200&ssl=1 1x, https:\/\/i0.wp.com\/www.wallendorff.com\/belogue\/wp-content\/uploads\/2015\/04\/201111081.jpg?resize=525%2C300&ssl=1 1.5x, https:\/\/i0.wp.com\/www.wallendorff.com\/belogue\/wp-content\/uploads\/2015\/04\/201111081.jpg?resize=700%2C400&ssl=1 2x"},"classes":[]}],"_links":{"self":[{"href":"https:\/\/www.wallendorff.com\/belogue\/wp-json\/wp\/v2\/posts\/18838","targetHints":{"allow":["GET"]}}],"collection":[{"href":"https:\/\/www.wallendorff.com\/belogue\/wp-json\/wp\/v2\/posts"}],"about":[{"href":"https:\/\/www.wallendorff.com\/belogue\/wp-json\/wp\/v2\/types\/post"}],"author":[{"embeddable":true,"href":"https:\/\/www.wallendorff.com\/belogue\/wp-json\/wp\/v2\/users\/1"}],"replies":[{"embeddable":true,"href":"https:\/\/www.wallendorff.com\/belogue\/wp-json\/wp\/v2\/comments?post=18838"}],"version-history":[{"count":7,"href":"https:\/\/www.wallendorff.com\/belogue\/wp-json\/wp\/v2\/posts\/18838\/revisions"}],"predecessor-version":[{"id":18845,"href":"https:\/\/www.wallendorff.com\/belogue\/wp-json\/wp\/v2\/posts\/18838\/revisions\/18845"}],"wp:featuredmedia":[{"embeddable":true,"href":"https:\/\/www.wallendorff.com\/belogue\/wp-json\/wp\/v2\/media\/26369"}],"wp:attachment":[{"href":"https:\/\/www.wallendorff.com\/belogue\/wp-json\/wp\/v2\/media?parent=18838"}],"wp:term":[{"taxonomy":"category","embeddable":true,"href":"https:\/\/www.wallendorff.com\/belogue\/wp-json\/wp\/v2\/categories?post=18838"},{"taxonomy":"post_tag","embeddable":true,"href":"https:\/\/www.wallendorff.com\/belogue\/wp-json\/wp\/v2\/tags?post=18838"}],"curies":[{"name":"wp","href":"https:\/\/api.w.org\/{rel}","templated":true}]}}