{"id":18828,"date":"2012-08-29T16:35:02","date_gmt":"2012-08-29T14:35:02","guid":{"rendered":"http:\/\/www.po-L.com\/belogue\/?p=18828"},"modified":"2012-12-25T19:53:56","modified_gmt":"2012-12-25T17:53:56","slug":"rock-en-seine-2012-jour-3","status":"publish","type":"post","link":"https:\/\/www.wallendorff.com\/belogue\/2012\/08\/29\/rock-en-seine-2012-jour-3\/","title":{"rendered":"Rock en Seine 2012, jour 3."},"content":{"rendered":"\n<div id=\"photo\">\n<p><img decoding=\"async\" src=\"https:\/\/www.wallendorff.com\/belogue\/photo\/2012\/08\/20120829.jpg\"><\/p>\n<\/p><\/div>\n<p style=\"text-align:right\">Premier jour <a href=\"https:\/\/www.wallendorff.com\/belogue\/2012\/08\/27\/rock-en-seine-2012-jour-1\/\">par l&agrave;<\/a>, deuxi&egrave;me jour <a href=\"https:\/\/www.wallendorff.com\/belogue\/2012\/08\/28\/rock-en-seine-2012-jour-2\/\">par ici<\/a>.<\/p>\n<div id=\"bandeson\">\n<p><img decoding=\"async\" src=\"https:\/\/www.wallendorff.com\/belogue\/photo\/pochettes\/j\/japandroids-celebration_rock.jpg\" align=\"left\" \/><a href=\"http:\/\/www.japandroids.com\/\">Japandroids<\/a> &ndash; <a style=\"font-weight:normal\" id=\"lienmp3\" href=\"http:\/\/www.youtube.com\/watch?v=aWlBTUQjsRw\"><em>For the Love of Ivy<\/em><\/a><\/p>\n<\/p><\/div>ngg_shortcode_0_placeholder<p>&nbsp;<\/p>\n","protected":false},"excerpt":{"rendered":"<p>Premier jour par l&agrave;, deuxi&egrave;me jour par ici. Japandroids &ndash; For the Love of Ivy &nbsp;<\/p>\n","protected":false},"author":1,"featured_media":26368,"comment_status":"open","ping_status":"open","sticky":false,"template":"","format":"standard","meta":{"_acf_changed":false,"ngg_post_thumbnail":0,"jetpack_post_was_ever_published":false,"_jetpack_newsletter_access":"","_jetpack_dont_email_post_to_subs":false,"_jetpack_newsletter_tier_id":0,"_jetpack_memberships_contains_paywalled_content":false,"_jetpack_memberships_contains_paid_content":false,"footnotes":"","jetpack_publicize_message":"","jetpack_publicize_feature_enabled":true,"jetpack_social_post_already_shared":false,"jetpack_social_options":{"image_generator_settings":{"template":"highway","default_image_id":0,"font":"","enabled":false},"version":2}},"categories":[7],"tags":[10951,10084,10989,1016,181,187,11245,10136,6412,10880,10120,10188,2262,10572,10353,10121,10650,10135,10133,11117,10570,10440,10179],"class_list":["post-18828","post","type-post","status-publish","format-standard","has-post-thumbnail","hentry","category-alive","tag-10951","tag-alive","tag-bombay-bicycle-club","tag-ef-15-mm-f28-fisheye","tag-ef-70-200-mm-f28l-usm","tag-eos-1d-mark-ii","tag-celebration-rock","tag-festival","tag-for-the-love-of-ivy","tag-foster-the-people","tag-france","tag-grandaddy","tag-greenday","tag-gush","tag-hauts-de-seine","tag-ile-de-france","tag-japandroids","tag-public","tag-rock-en-seine","tag-rock-en-seine-2012","tag-saint-cloud","tag-slam","tag-the-dandy-warhols"],"acf":[],"geo":{"latitude":48.8313904,"longitude":2.2213197,"description":"Parc de Saint-Cloud, 92210 Saint-Cloud, France"},"jetpack_publicize_connections":[],"jetpack_featured_media_url":"https:\/\/www.wallendorff.com\/belogue\/wp-content\/uploads\/2015\/04\/201208291.jpg","jetpack_shortlink":"https:\/\/wp.me\/p3b35P-4TG","jetpack_sharing_enabled":true,"jetpack-related-posts":[{"id":18794,"url":"https:\/\/www.wallendorff.com\/belogue\/2012\/08\/27\/rock-en-seine-2012-jour-1\/","url_meta":{"origin":18828,"position":0},"title":"Rock en Seine 2012, jour 1.","author":"dpc","date":"27 ao\u00fbt 2012","format":false,"excerpt":"Ou \u00ab\u00a0comment je me suis pris un chanteur de Dionysos sur le nez\u00a0\u00bb. La suite par l\u00e0. Sleigh Bells \u2013 Crush \u00a0","rel":"","context":"Dans &quot;Alive&quot;","block_context":{"text":"Alive","link":"https:\/\/www.wallendorff.com\/belogue\/category\/alive\/"},"img":{"alt_text":"","src":"https:\/\/i0.wp.com\/www.wallendorff.com\/belogue\/wp-content\/uploads\/2015\/04\/20120827-011.jpg?resize=350%2C200&ssl=1","width":350,"height":200,"srcset":"https:\/\/i0.wp.com\/www.wallendorff.com\/belogue\/wp-content\/uploads\/2015\/04\/20120827-011.jpg?resize=350%2C200&ssl=1 1x, https:\/\/i0.wp.com\/www.wallendorff.com\/belogue\/wp-content\/uploads\/2015\/04\/20120827-011.jpg?resize=525%2C300&ssl=1 1.5x, https:\/\/i0.wp.com\/www.wallendorff.com\/belogue\/wp-content\/uploads\/2015\/04\/20120827-011.jpg?resize=700%2C400&ssl=1 2x"},"classes":[]},{"id":18810,"url":"https:\/\/www.wallendorff.com\/belogue\/2012\/08\/28\/rock-en-seine-2012-jour-2\/","url_meta":{"origin":18828,"position":1},"title":"Rock en Seine 2012, jour 2.","author":"dpc","date":"28 ao\u00fbt 2012","format":false,"excerpt":"Premier jour par l\u00e0, la suite vient demain. The Men \u2013 Open Your Heart \u00a0","rel":"","context":"Dans &quot;Alive&quot;","block_context":{"text":"Alive","link":"https:\/\/www.wallendorff.com\/belogue\/category\/alive\/"},"img":{"alt_text":"","src":"https:\/\/i0.wp.com\/www.wallendorff.com\/belogue\/wp-content\/uploads\/2015\/04\/201208281.jpg?resize=350%2C200&ssl=1","width":350,"height":200,"srcset":"https:\/\/i0.wp.com\/www.wallendorff.com\/belogue\/wp-content\/uploads\/2015\/04\/201208281.jpg?resize=350%2C200&ssl=1 1x, https:\/\/i0.wp.com\/www.wallendorff.com\/belogue\/wp-content\/uploads\/2015\/04\/201208281.jpg?resize=525%2C300&ssl=1 1.5x, https:\/\/i0.wp.com\/www.wallendorff.com\/belogue\/wp-content\/uploads\/2015\/04\/201208281.jpg?resize=700%2C400&ssl=1 2x"},"classes":[]},{"id":6266,"url":"https:\/\/www.wallendorff.com\/belogue\/2010\/01\/21\/jai-encore-reve-dhell\/","url_meta":{"origin":18828,"position":2},"title":"[J&rsquo;ai encore r\u00eav\u00e9 d&rsquo;Hell.]","author":"dpc","date":"21 janvier 2010","format":false,"excerpt":"Cath\u00e9drale Notre-Dame, Strasbourg, 26 d\u00e9cembre 2009. \u00a0Japandroids \u2013 I Quit Girls","rel":"","context":"Dans &quot;DPC&quot;","block_context":{"text":"DPC","link":"https:\/\/www.wallendorff.com\/belogue\/category\/dpc\/"},"img":{"alt_text":"","src":"https:\/\/i0.wp.com\/www.wallendorff.com\/belogue\/wp-content\/uploads\/2015\/04\/201001211.jpg?resize=350%2C200&ssl=1","width":350,"height":200},"classes":[]},{"id":21507,"url":"https:\/\/www.wallendorff.com\/belogue\/2013\/08\/28\/rock-en-seine-2013-jour-2\/","url_meta":{"origin":18828,"position":3},"title":"Rock en Seine 2013, jour 2.","author":"dpc","date":"28 ao\u00fbt 2013","format":false,"excerpt":"La meilleure journ\u00e9e du week-end. L'ensemble des trois jours est sous ce lien. \u00a0","rel":"","context":"Dans &quot;Alive&quot;","block_context":{"text":"Alive","link":"https:\/\/www.wallendorff.com\/belogue\/category\/alive\/"},"img":{"alt_text":"","src":"https:\/\/i0.wp.com\/www.wallendorff.com\/belogue\/wp-content\/uploads\/2015\/04\/201308281.jpg?resize=350%2C200&ssl=1","width":350,"height":200,"srcset":"https:\/\/i0.wp.com\/www.wallendorff.com\/belogue\/wp-content\/uploads\/2015\/04\/201308281.jpg?resize=350%2C200&ssl=1 1x, https:\/\/i0.wp.com\/www.wallendorff.com\/belogue\/wp-content\/uploads\/2015\/04\/201308281.jpg?resize=525%2C300&ssl=1 1.5x, https:\/\/i0.wp.com\/www.wallendorff.com\/belogue\/wp-content\/uploads\/2015\/04\/201308281.jpg?resize=700%2C400&ssl=1 2x"},"classes":[]},{"id":29151,"url":"https:\/\/www.wallendorff.com\/belogue\/2015\/09\/02\/rock-en-seine-2015-jour-3\/","url_meta":{"origin":18828,"position":4},"title":"Rock en Seine 2015, jour 3.","author":"dpc","date":"2 septembre 2015","format":false,"excerpt":"Les photos des autres jours du festival sont disponibles sur ce lien.","rel":"","context":"Dans &quot;Alive&quot;","block_context":{"text":"Alive","link":"https:\/\/www.wallendorff.com\/belogue\/category\/alive\/"},"img":{"alt_text":"","src":"https:\/\/i0.wp.com\/www.wallendorff.com\/belogue\/wp-content\/uploads\/2015\/09\/20150902-461.jpg?resize=350%2C200&ssl=1","width":350,"height":200,"srcset":"https:\/\/i0.wp.com\/www.wallendorff.com\/belogue\/wp-content\/uploads\/2015\/09\/20150902-461.jpg?resize=350%2C200&ssl=1 1x, https:\/\/i0.wp.com\/www.wallendorff.com\/belogue\/wp-content\/uploads\/2015\/09\/20150902-461.jpg?resize=525%2C300&ssl=1 1.5x, https:\/\/i0.wp.com\/www.wallendorff.com\/belogue\/wp-content\/uploads\/2015\/09\/20150902-461.jpg?resize=700%2C400&ssl=1 2x"},"classes":[]},{"id":21516,"url":"https:\/\/www.wallendorff.com\/belogue\/2013\/08\/29\/rock-en-seine-2013-jour-3\/","url_meta":{"origin":18828,"position":5},"title":"Rock en Seine 2013, jour 3.","author":"dpc","date":"29 ao\u00fbt 2013","format":false,"excerpt":"De la pluie, de la boue, une ambiance de dernier jour des vacances, 2 kilom\u00e8tres \u00e0 pied pour revenir au m\u00eame point et une batterie qui tombe \u00e0 plat pile au moment de rentrer. Mais un bon cru, au final. L'ensemble des trois jours est sous ce lien. Et place\u2026","rel":"","context":"Dans &quot;Alive&quot;","block_context":{"text":"Alive","link":"https:\/\/www.wallendorff.com\/belogue\/category\/alive\/"},"img":{"alt_text":"","src":"https:\/\/i0.wp.com\/www.wallendorff.com\/belogue\/wp-content\/uploads\/2015\/04\/201308291.jpg?resize=350%2C200&ssl=1","width":350,"height":200,"srcset":"https:\/\/i0.wp.com\/www.wallendorff.com\/belogue\/wp-content\/uploads\/2015\/04\/201308291.jpg?resize=350%2C200&ssl=1 1x, https:\/\/i0.wp.com\/www.wallendorff.com\/belogue\/wp-content\/uploads\/2015\/04\/201308291.jpg?resize=525%2C300&ssl=1 1.5x, https:\/\/i0.wp.com\/www.wallendorff.com\/belogue\/wp-content\/uploads\/2015\/04\/201308291.jpg?resize=700%2C400&ssl=1 2x"},"classes":[]}],"_links":{"self":[{"href":"https:\/\/www.wallendorff.com\/belogue\/wp-json\/wp\/v2\/posts\/18828","targetHints":{"allow":["GET"]}}],"collection":[{"href":"https:\/\/www.wallendorff.com\/belogue\/wp-json\/wp\/v2\/posts"}],"about":[{"href":"https:\/\/www.wallendorff.com\/belogue\/wp-json\/wp\/v2\/types\/post"}],"author":[{"embeddable":true,"href":"https:\/\/www.wallendorff.com\/belogue\/wp-json\/wp\/v2\/users\/1"}],"replies":[{"embeddable":true,"href":"https:\/\/www.wallendorff.com\/belogue\/wp-json\/wp\/v2\/comments?post=18828"}],"version-history":[{"count":5,"href":"https:\/\/www.wallendorff.com\/belogue\/wp-json\/wp\/v2\/posts\/18828\/revisions"}],"predecessor-version":[{"id":19890,"href":"https:\/\/www.wallendorff.com\/belogue\/wp-json\/wp\/v2\/posts\/18828\/revisions\/19890"}],"wp:featuredmedia":[{"embeddable":true,"href":"https:\/\/www.wallendorff.com\/belogue\/wp-json\/wp\/v2\/media\/26368"}],"wp:attachment":[{"href":"https:\/\/www.wallendorff.com\/belogue\/wp-json\/wp\/v2\/media?parent=18828"}],"wp:term":[{"taxonomy":"category","embeddable":true,"href":"https:\/\/www.wallendorff.com\/belogue\/wp-json\/wp\/v2\/categories?post=18828"},{"taxonomy":"post_tag","embeddable":true,"href":"https:\/\/www.wallendorff.com\/belogue\/wp-json\/wp\/v2\/tags?post=18828"}],"curies":[{"name":"wp","href":"https:\/\/api.w.org\/{rel}","templated":true}]}}