{"id":18810,"date":"2012-08-28T11:44:24","date_gmt":"2012-08-28T09:44:24","guid":{"rendered":"http:\/\/www.po-L.com\/belogue\/?p=18810"},"modified":"2012-12-25T19:58:25","modified_gmt":"2012-12-25T17:58:25","slug":"rock-en-seine-2012-jour-2","status":"publish","type":"post","link":"https:\/\/www.wallendorff.com\/belogue\/2012\/08\/28\/rock-en-seine-2012-jour-2\/","title":{"rendered":"Rock en Seine 2012, jour 2."},"content":{"rendered":"\n<div id=\"photo\">\n<p><img decoding=\"async\" src=\"https:\/\/www.wallendorff.com\/belogue\/photo\/2012\/08\/20120828.jpg\"><\/p>\n<\/p><\/div>\n<p style=\"text-align:right\">Premier jour <a href=\"https:\/\/www.wallendorff.com\/belogue\/2012\/08\/27\/rock-en-seine-2012-jour-1\/\">par l&agrave;<\/a>, la suite vient demain.<\/p>\n<div id=\"bandeson\">\n<p><img decoding=\"async\" src=\"https:\/\/www.wallendorff.com\/belogue\/photo\/pochettes\/m\/men_the-open_your_heart.jpg\" align=\"left\" \/><a href=\"http:\/\/wearethemen.blogspot.fr\/\">The Men<\/a> &ndash; <a style=\"font-weight:normal\" id=\"lienmp3\" href=\"http:\/\/www.youtube.com\/watch?v=en1lfsSaOqw\"><em>Open Your Heart<\/em><\/a><\/p>\n<\/p><\/div>ngg_shortcode_0_placeholder<p>&nbsp;<\/p>\n","protected":false},"excerpt":{"rendered":"<p>Premier jour par l&agrave;, la suite vient demain. The Men &ndash; Open Your Heart &nbsp;<\/p>\n","protected":false},"author":1,"featured_media":26367,"comment_status":"open","ping_status":"open","sticky":false,"template":"","format":"standard","meta":{"_acf_changed":false,"ngg_post_thumbnail":0,"jetpack_post_was_ever_published":false,"_jetpack_newsletter_access":"","_jetpack_dont_email_post_to_subs":false,"_jetpack_newsletter_tier_id":0,"_jetpack_memberships_contains_paywalled_content":false,"_jetpack_memberships_contains_paid_content":false,"footnotes":"","jetpack_publicize_message":"","jetpack_publicize_feature_enabled":true,"jetpack_social_post_already_shared":false,"jetpack_social_options":{"image_generator_settings":{"template":"highway","default_image_id":0,"font":"","enabled":false},"version":2}},"categories":[7],"tags":[10951,10084,2571,196,181,187,2615,10166,10509,10136,10120,11115,10353,10121,10464,10972,408,11016,6411,7093,10135,10133,11117,10570,11119,11002,10787],"class_list":["post-18810","post","type-post","status-publish","format-standard","has-post-thumbnail","hentry","category-alive","tag-10951","tag-alive","tag-ef-16-35-mm-f28l-ii-usm","tag-ef-28-70-mm-f28l-usm","tag-ef-70-200-mm-f28l-usm","tag-eos-1d-mark-ii","tag-eos-5d-mark-ii","tag-deus","tag-eagles-of-death-metal","tag-festival","tag-france","tag-granville","tag-hauts-de-seine","tag-ile-de-france","tag-noel-gallagher","tag-noel-gallaghers-high-flying-birds","tag-oasis","tag-of-monsters-and-men","tag-open-your-heart","tag-open-your-heart-album","tag-public","tag-rock-en-seine","tag-rock-en-seine-2012","tag-saint-cloud","tag-the-bewitched-hands","tag-the-men","tag-the-temper-trap"],"acf":[],"geo":{"latitude":48.8313904,"longitude":2.2213197,"description":"Parc de Saint-Cloud, 92210 Saint-Cloud, France"},"jetpack_publicize_connections":[],"jetpack_featured_media_url":"https:\/\/www.wallendorff.com\/belogue\/wp-content\/uploads\/2015\/04\/201208281.jpg","jetpack_shortlink":"https:\/\/wp.me\/p3b35P-4To","jetpack_sharing_enabled":true,"jetpack-related-posts":[{"id":18794,"url":"https:\/\/www.wallendorff.com\/belogue\/2012\/08\/27\/rock-en-seine-2012-jour-1\/","url_meta":{"origin":18810,"position":0},"title":"Rock en Seine 2012, jour 1.","author":"dpc","date":"27 ao\u00fbt 2012","format":false,"excerpt":"Ou \u00ab\u00a0comment je me suis pris un chanteur de Dionysos sur le nez\u00a0\u00bb. La suite par l\u00e0. Sleigh Bells \u2013 Crush \u00a0","rel":"","context":"Dans &quot;Alive&quot;","block_context":{"text":"Alive","link":"https:\/\/www.wallendorff.com\/belogue\/category\/alive\/"},"img":{"alt_text":"","src":"https:\/\/i0.wp.com\/www.wallendorff.com\/belogue\/wp-content\/uploads\/2015\/04\/20120827-011.jpg?resize=350%2C200&ssl=1","width":350,"height":200,"srcset":"https:\/\/i0.wp.com\/www.wallendorff.com\/belogue\/wp-content\/uploads\/2015\/04\/20120827-011.jpg?resize=350%2C200&ssl=1 1x, https:\/\/i0.wp.com\/www.wallendorff.com\/belogue\/wp-content\/uploads\/2015\/04\/20120827-011.jpg?resize=525%2C300&ssl=1 1.5x, https:\/\/i0.wp.com\/www.wallendorff.com\/belogue\/wp-content\/uploads\/2015\/04\/20120827-011.jpg?resize=700%2C400&ssl=1 2x"},"classes":[]},{"id":21507,"url":"https:\/\/www.wallendorff.com\/belogue\/2013\/08\/28\/rock-en-seine-2013-jour-2\/","url_meta":{"origin":18810,"position":1},"title":"Rock en Seine 2013, jour 2.","author":"dpc","date":"28 ao\u00fbt 2013","format":false,"excerpt":"La meilleure journ\u00e9e du week-end. L'ensemble des trois jours est sous ce lien. \u00a0","rel":"","context":"Dans &quot;Alive&quot;","block_context":{"text":"Alive","link":"https:\/\/www.wallendorff.com\/belogue\/category\/alive\/"},"img":{"alt_text":"","src":"https:\/\/i0.wp.com\/www.wallendorff.com\/belogue\/wp-content\/uploads\/2015\/04\/201308281.jpg?resize=350%2C200&ssl=1","width":350,"height":200,"srcset":"https:\/\/i0.wp.com\/www.wallendorff.com\/belogue\/wp-content\/uploads\/2015\/04\/201308281.jpg?resize=350%2C200&ssl=1 1x, https:\/\/i0.wp.com\/www.wallendorff.com\/belogue\/wp-content\/uploads\/2015\/04\/201308281.jpg?resize=525%2C300&ssl=1 1.5x, https:\/\/i0.wp.com\/www.wallendorff.com\/belogue\/wp-content\/uploads\/2015\/04\/201308281.jpg?resize=700%2C400&ssl=1 2x"},"classes":[]},{"id":29151,"url":"https:\/\/www.wallendorff.com\/belogue\/2015\/09\/02\/rock-en-seine-2015-jour-3\/","url_meta":{"origin":18810,"position":2},"title":"Rock en Seine 2015, jour 3.","author":"dpc","date":"2 septembre 2015","format":false,"excerpt":"Les photos des autres jours du festival sont disponibles sur ce lien.","rel":"","context":"Dans &quot;Alive&quot;","block_context":{"text":"Alive","link":"https:\/\/www.wallendorff.com\/belogue\/category\/alive\/"},"img":{"alt_text":"","src":"https:\/\/i0.wp.com\/www.wallendorff.com\/belogue\/wp-content\/uploads\/2015\/09\/20150902-461.jpg?resize=350%2C200&ssl=1","width":350,"height":200,"srcset":"https:\/\/i0.wp.com\/www.wallendorff.com\/belogue\/wp-content\/uploads\/2015\/09\/20150902-461.jpg?resize=350%2C200&ssl=1 1x, https:\/\/i0.wp.com\/www.wallendorff.com\/belogue\/wp-content\/uploads\/2015\/09\/20150902-461.jpg?resize=525%2C300&ssl=1 1.5x, https:\/\/i0.wp.com\/www.wallendorff.com\/belogue\/wp-content\/uploads\/2015\/09\/20150902-461.jpg?resize=700%2C400&ssl=1 2x"},"classes":[]},{"id":21516,"url":"https:\/\/www.wallendorff.com\/belogue\/2013\/08\/29\/rock-en-seine-2013-jour-3\/","url_meta":{"origin":18810,"position":3},"title":"Rock en Seine 2013, jour 3.","author":"dpc","date":"29 ao\u00fbt 2013","format":false,"excerpt":"De la pluie, de la boue, une ambiance de dernier jour des vacances, 2 kilom\u00e8tres \u00e0 pied pour revenir au m\u00eame point et une batterie qui tombe \u00e0 plat pile au moment de rentrer. Mais un bon cru, au final. L'ensemble des trois jours est sous ce lien. Et place\u2026","rel":"","context":"Dans &quot;Alive&quot;","block_context":{"text":"Alive","link":"https:\/\/www.wallendorff.com\/belogue\/category\/alive\/"},"img":{"alt_text":"","src":"https:\/\/i0.wp.com\/www.wallendorff.com\/belogue\/wp-content\/uploads\/2015\/04\/201308291.jpg?resize=350%2C200&ssl=1","width":350,"height":200,"srcset":"https:\/\/i0.wp.com\/www.wallendorff.com\/belogue\/wp-content\/uploads\/2015\/04\/201308291.jpg?resize=350%2C200&ssl=1 1x, https:\/\/i0.wp.com\/www.wallendorff.com\/belogue\/wp-content\/uploads\/2015\/04\/201308291.jpg?resize=525%2C300&ssl=1 1.5x, https:\/\/i0.wp.com\/www.wallendorff.com\/belogue\/wp-content\/uploads\/2015\/04\/201308291.jpg?resize=700%2C400&ssl=1 2x"},"classes":[]},{"id":21499,"url":"https:\/\/www.wallendorff.com\/belogue\/2013\/08\/27\/rock-en-seine-2013-jour-1\/","url_meta":{"origin":18810,"position":4},"title":"Rock en Seine 2013, jour 1.","author":"dpc","date":"27 ao\u00fbt 2013","format":false,"excerpt":"En guise de bande-son, je vous conseille d'aller [re]voir le concert de Franz Ferdinand (durant lequel Alex Kapranos ne refit pas sa fameuse blague du \u00ab\u00a0batteuw avec le tw\u00e8s tw\u00e8s grosse beat\u00a0\u00bb de 2005, ce qui fut certes d\u00e9cevant mais prouva bien que ce groupe sait faire fi du pass\u00e9).\u2026","rel":"","context":"Dans &quot;Alive&quot;","block_context":{"text":"Alive","link":"https:\/\/www.wallendorff.com\/belogue\/category\/alive\/"},"img":{"alt_text":"","src":"https:\/\/i0.wp.com\/www.wallendorff.com\/belogue\/wp-content\/uploads\/2015\/04\/201308271.jpg?resize=350%2C200&ssl=1","width":350,"height":200,"srcset":"https:\/\/i0.wp.com\/www.wallendorff.com\/belogue\/wp-content\/uploads\/2015\/04\/201308271.jpg?resize=350%2C200&ssl=1 1x, https:\/\/i0.wp.com\/www.wallendorff.com\/belogue\/wp-content\/uploads\/2015\/04\/201308271.jpg?resize=525%2C300&ssl=1 1.5x, https:\/\/i0.wp.com\/www.wallendorff.com\/belogue\/wp-content\/uploads\/2015\/04\/201308271.jpg?resize=700%2C400&ssl=1 2x"},"classes":[]},{"id":28995,"url":"https:\/\/www.wallendorff.com\/belogue\/2015\/09\/01\/rock-en-seine-2015-jour-2\/","url_meta":{"origin":18810,"position":5},"title":"Rock en Seine 2015, jour 2.","author":"dpc","date":"1 septembre 2015","format":false,"excerpt":". R\u00e9sumons la journ\u00e9e simplement\u00a0: \u00ab\u00a0la soir\u00e9e du 29 ao\u00fbt 2015 fut l'une des plus belles de mon ann\u00e9e 2004.\u00a0\u00bb Tout vient \u00e0 point, dans la vie, d\u00e9cid\u00e9ment. Mais \u00e0 part \u00e7a, rien. Les photos des autres jours du festival sont disponibles sur ce lien.","rel":"","context":"Dans &quot;Alive&quot;","block_context":{"text":"Alive","link":"https:\/\/www.wallendorff.com\/belogue\/category\/alive\/"},"img":{"alt_text":"","src":"https:\/\/i0.wp.com\/www.wallendorff.com\/belogue\/wp-content\/uploads\/2015\/09\/20150901-411.jpg?resize=350%2C200&ssl=1","width":350,"height":200,"srcset":"https:\/\/i0.wp.com\/www.wallendorff.com\/belogue\/wp-content\/uploads\/2015\/09\/20150901-411.jpg?resize=350%2C200&ssl=1 1x, https:\/\/i0.wp.com\/www.wallendorff.com\/belogue\/wp-content\/uploads\/2015\/09\/20150901-411.jpg?resize=525%2C300&ssl=1 1.5x, https:\/\/i0.wp.com\/www.wallendorff.com\/belogue\/wp-content\/uploads\/2015\/09\/20150901-411.jpg?resize=700%2C400&ssl=1 2x"},"classes":[]}],"_links":{"self":[{"href":"https:\/\/www.wallendorff.com\/belogue\/wp-json\/wp\/v2\/posts\/18810","targetHints":{"allow":["GET"]}}],"collection":[{"href":"https:\/\/www.wallendorff.com\/belogue\/wp-json\/wp\/v2\/posts"}],"about":[{"href":"https:\/\/www.wallendorff.com\/belogue\/wp-json\/wp\/v2\/types\/post"}],"author":[{"embeddable":true,"href":"https:\/\/www.wallendorff.com\/belogue\/wp-json\/wp\/v2\/users\/1"}],"replies":[{"embeddable":true,"href":"https:\/\/www.wallendorff.com\/belogue\/wp-json\/wp\/v2\/comments?post=18810"}],"version-history":[{"count":5,"href":"https:\/\/www.wallendorff.com\/belogue\/wp-json\/wp\/v2\/posts\/18810\/revisions"}],"predecessor-version":[{"id":19895,"href":"https:\/\/www.wallendorff.com\/belogue\/wp-json\/wp\/v2\/posts\/18810\/revisions\/19895"}],"wp:featuredmedia":[{"embeddable":true,"href":"https:\/\/www.wallendorff.com\/belogue\/wp-json\/wp\/v2\/media\/26367"}],"wp:attachment":[{"href":"https:\/\/www.wallendorff.com\/belogue\/wp-json\/wp\/v2\/media?parent=18810"}],"wp:term":[{"taxonomy":"category","embeddable":true,"href":"https:\/\/www.wallendorff.com\/belogue\/wp-json\/wp\/v2\/categories?post=18810"},{"taxonomy":"post_tag","embeddable":true,"href":"https:\/\/www.wallendorff.com\/belogue\/wp-json\/wp\/v2\/tags?post=18810"}],"curies":[{"name":"wp","href":"https:\/\/api.w.org\/{rel}","templated":true}]}}