{"id":18790,"date":"2012-08-27T10:22:18","date_gmt":"2012-08-27T08:22:18","guid":{"rendered":"http:\/\/www.po-L.com\/belogue\/?p=18790"},"modified":"2012-08-27T10:22:18","modified_gmt":"2012-08-27T08:22:18","slug":"et-pendant-ce-temps-a-rock-en-seine-13","status":"publish","type":"post","link":"https:\/\/www.wallendorff.com\/belogue\/2012\/08\/27\/et-pendant-ce-temps-a-rock-en-seine-13\/","title":{"rendered":"Et pendant ce temps, \u00e0 Rock en Seine."},"content":{"rendered":"\n<div id=\"photo\">\n<p><img decoding=\"async\" src=\"https:\/\/www.wallendorff.com\/belogue\/photo\/2012\/08\/20120827.jpg\"><\/p>\n<\/p><\/div>\n<p style=\"text-align:right\">On joue &agrave; <em>Where&rsquo;s Cali?<\/em>.<\/p>\n<p style=\"text-align:right\">[Il para&icirc;t qu&rsquo;il para&icirc;t qu&rsquo;il est super sympa, en vrai, Cali.]<\/p>\n<div id=\"bandeson\">\n<p><img decoding=\"async\" src=\"https:\/\/www.wallendorff.com\/belogue\/photo\/pochettes\/c\/crookes_the-hold_fast.jpg\" align=\"left\" \/><a href=\"http:\/\/www.thecrookes.co.uk\/\">The Crookes<\/a> &ndash; <a style=\"font-weight:normal\" id=\"lienmp3\" href=\"http:\/\/www.youtube.com\/watch?v=x-5-PVeWgIM\"><em>Afterglow<\/em><\/a><\/p>\n<\/p><\/div>\n","protected":false},"excerpt":{"rendered":"<p>On joue &agrave; Where&rsquo;s Cali?. [Il para&icirc;t qu&rsquo;il para&icirc;t qu&rsquo;il est super sympa, en vrai, Cali.] The Crookes &ndash; Afterglow<\/p>\n","protected":false},"author":1,"featured_media":26361,"comment_status":"open","ping_status":"open","sticky":false,"template":"","format":"standard","meta":{"_acf_changed":false,"ngg_post_thumbnail":0,"jetpack_post_was_ever_published":false,"_jetpack_newsletter_access":"","_jetpack_dont_email_post_to_subs":false,"_jetpack_newsletter_tier_id":0,"_jetpack_memberships_contains_paywalled_content":false,"_jetpack_memberships_contains_paid_content":false,"footnotes":"","jetpack_publicize_message":"","jetpack_publicize_feature_enabled":true,"jetpack_social_post_already_shared":false,"jetpack_social_options":{"image_generator_settings":{"template":"highway","default_image_id":0,"font":"","enabled":false},"version":2}},"categories":[3],"tags":[10951,6406,10084,10901,181,187,4132,10136,10120,10353,10121,10133,11117,10570,6405],"class_list":["post-18790","post","type-post","status-publish","format-standard","has-post-thumbnail","hentry","category-dpc","tag-10951","tag-afterglow","tag-alive","tag-cali","tag-ef-70-200-mm-f28l-usm","tag-eos-1d-mark-ii","tag-et-pendant-ce-temps-a-rock-en-seine","tag-festival","tag-france","tag-hauts-de-seine","tag-ile-de-france","tag-rock-en-seine","tag-rock-en-seine-2012","tag-saint-cloud","tag-the-crookes"],"acf":[],"geo":{"latitude":48.8313904,"longitude":2.2213197,"description":"Parc de Saint-Cloud, 92210 Saint-Cloud, France"},"jetpack_publicize_connections":[],"jetpack_featured_media_url":"https:\/\/www.wallendorff.com\/belogue\/wp-content\/uploads\/2015\/04\/201208271.jpg","jetpack_shortlink":"https:\/\/wp.me\/p3b35P-4T4","jetpack_sharing_enabled":true,"jetpack-related-posts":[{"id":81,"url":"https:\/\/www.wallendorff.com\/belogue\/2005\/08\/27\/et-pendant-ce-temps-a-rock-en-seine-2\/","url_meta":{"origin":18790,"position":0},"title":"Et pendant ce temps, &agrave; Rock en Seine","author":"dpc","date":"27 ao\u00fbt 2005","format":false,"excerpt":"Il fait chaud. [Si j' arrive pas \u00e0 doubler la fr\u00e9quentation du bel\u00f6gue avec \u00e7a, je sais pas ce qu'il faut que je fasse.] \u00a0Franz Ferdinand \u2013 Take Me Out","rel":"","context":"Dans &quot;DPC&quot;","block_context":{"text":"DPC","link":"https:\/\/www.wallendorff.com\/belogue\/category\/dpc\/"},"img":{"alt_text":"","src":"https:\/\/i0.wp.com\/www.wallendorff.com\/belogue\/wp-content\/uploads\/2015\/04\/200508271.jpg?resize=350%2C200&ssl=1","width":350,"height":200},"classes":[]},{"id":1023,"url":"https:\/\/www.wallendorff.com\/belogue\/2007\/08\/25\/pendant-ce-temps-rock-en-seine\/","url_meta":{"origin":18790,"position":1},"title":"Et pendant ce temps, \u00e0 Rock en Seine.","author":"dpc","date":"25 ao\u00fbt 2007","format":false,"excerpt":"On se r\u00e9chauffe comme on peut. \u00a0The Hives \u2013 Tick Tick Boom","rel":"","context":"Dans &quot;Alive&quot;","block_context":{"text":"Alive","link":"https:\/\/www.wallendorff.com\/belogue\/category\/alive\/"},"img":{"alt_text":"","src":"https:\/\/i0.wp.com\/www.wallendorff.com\/belogue\/wp-content\/uploads\/2015\/04\/200708251.jpg?resize=350%2C200&ssl=1","width":350,"height":200,"srcset":"https:\/\/i0.wp.com\/www.wallendorff.com\/belogue\/wp-content\/uploads\/2015\/04\/200708251.jpg?resize=350%2C200&ssl=1 1x, https:\/\/i0.wp.com\/www.wallendorff.com\/belogue\/wp-content\/uploads\/2015\/04\/200708251.jpg?resize=525%2C300&ssl=1 1.5x, https:\/\/i0.wp.com\/www.wallendorff.com\/belogue\/wp-content\/uploads\/2015\/04\/200708251.jpg?resize=700%2C400&ssl=1 2x"},"classes":[]},{"id":21488,"url":"https:\/\/www.wallendorff.com\/belogue\/2013\/08\/25\/et-pendant-ce-temps-a-rock-en-seine-15\/","url_meta":{"origin":18790,"position":2},"title":"Et pendant ce temps, \u00e0 Rock en Seine.","author":"dpc","date":"25 ao\u00fbt 2013","format":false,"excerpt":"Tout baigne. How Are You Doing?Dog Party \u00a0","rel":"","context":"Dans &quot;DPC&quot;","block_context":{"text":"DPC","link":"https:\/\/www.wallendorff.com\/belogue\/category\/dpc\/"},"img":{"alt_text":"","src":"https:\/\/i0.wp.com\/www.wallendorff.com\/belogue\/wp-content\/uploads\/2015\/04\/201308251.jpg?resize=350%2C200&ssl=1","width":350,"height":200,"srcset":"https:\/\/i0.wp.com\/www.wallendorff.com\/belogue\/wp-content\/uploads\/2015\/04\/201308251.jpg?resize=350%2C200&ssl=1 1x, https:\/\/i0.wp.com\/www.wallendorff.com\/belogue\/wp-content\/uploads\/2015\/04\/201308251.jpg?resize=525%2C300&ssl=1 1.5x, https:\/\/i0.wp.com\/www.wallendorff.com\/belogue\/wp-content\/uploads\/2015\/04\/201308251.jpg?resize=700%2C400&ssl=1 2x"},"classes":[]},{"id":21492,"url":"https:\/\/www.wallendorff.com\/belogue\/2013\/08\/26\/et-pendant-ce-temps-a-rock-en-seine-16\/","url_meta":{"origin":18790,"position":3},"title":"Et pendant ce temps, \u00e0 Rock en Seine.","author":"dpc","date":"26 ao\u00fbt 2013","format":false,"excerpt":"Tout baigne. Down by the WaterThe Decemberists","rel":"","context":"Dans &quot;DPC&quot;","block_context":{"text":"DPC","link":"https:\/\/www.wallendorff.com\/belogue\/category\/dpc\/"},"img":{"alt_text":"","src":"https:\/\/i0.wp.com\/www.wallendorff.com\/belogue\/wp-content\/uploads\/2015\/04\/201308261.jpg?resize=350%2C200&ssl=1","width":350,"height":200,"srcset":"https:\/\/i0.wp.com\/www.wallendorff.com\/belogue\/wp-content\/uploads\/2015\/04\/201308261.jpg?resize=350%2C200&ssl=1 1x, https:\/\/i0.wp.com\/www.wallendorff.com\/belogue\/wp-content\/uploads\/2015\/04\/201308261.jpg?resize=525%2C300&ssl=1 1.5x, https:\/\/i0.wp.com\/www.wallendorff.com\/belogue\/wp-content\/uploads\/2015\/04\/201308261.jpg?resize=700%2C400&ssl=1 2x"},"classes":[]},{"id":1388,"url":"https:\/\/www.wallendorff.com\/belogue\/2007\/08\/26\/et-pendant-ce-temps-a-rock-en-seine-3\/","url_meta":{"origin":18790,"position":4},"title":"Et pendant ce temps, \u00e0 Rock en Seine.","author":"dpc","date":"26 ao\u00fbt 2007","format":false,"excerpt":"Il fait beau. \u00a0The Fratellis \u2013 Chealsea Dagger","rel":"","context":"Dans &quot;Alive&quot;","block_context":{"text":"Alive","link":"https:\/\/www.wallendorff.com\/belogue\/category\/alive\/"},"img":{"alt_text":"","src":"https:\/\/i0.wp.com\/www.wallendorff.com\/belogue\/wp-content\/uploads\/2015\/04\/200708261.jpg?resize=350%2C200&ssl=1","width":350,"height":200,"srcset":"https:\/\/i0.wp.com\/www.wallendorff.com\/belogue\/wp-content\/uploads\/2015\/04\/200708261.jpg?resize=350%2C200&ssl=1 1x, https:\/\/i0.wp.com\/www.wallendorff.com\/belogue\/wp-content\/uploads\/2015\/04\/200708261.jpg?resize=525%2C300&ssl=1 1.5x, https:\/\/i0.wp.com\/www.wallendorff.com\/belogue\/wp-content\/uploads\/2015\/04\/200708261.jpg?resize=700%2C400&ssl=1 2x"},"classes":[]},{"id":1392,"url":"https:\/\/www.wallendorff.com\/belogue\/2007\/08\/27\/et-pendant-ce-temps-a-rock-en-seine-4\/","url_meta":{"origin":18790,"position":5},"title":"Et pendant ce temps, \u00e0 Rock en Seine.","author":"dpc","date":"27 ao\u00fbt 2007","format":false,"excerpt":"C'est la pause. \u00a0Hard-Fi \u2013 Suburban Knights","rel":"","context":"Dans &quot;Alive&quot;","block_context":{"text":"Alive","link":"https:\/\/www.wallendorff.com\/belogue\/category\/alive\/"},"img":{"alt_text":"","src":"https:\/\/i0.wp.com\/www.wallendorff.com\/belogue\/wp-content\/uploads\/2015\/04\/200708271.jpg?resize=350%2C200&ssl=1","width":350,"height":200,"srcset":"https:\/\/i0.wp.com\/www.wallendorff.com\/belogue\/wp-content\/uploads\/2015\/04\/200708271.jpg?resize=350%2C200&ssl=1 1x, https:\/\/i0.wp.com\/www.wallendorff.com\/belogue\/wp-content\/uploads\/2015\/04\/200708271.jpg?resize=525%2C300&ssl=1 1.5x, https:\/\/i0.wp.com\/www.wallendorff.com\/belogue\/wp-content\/uploads\/2015\/04\/200708271.jpg?resize=700%2C400&ssl=1 2x"},"classes":[]}],"_links":{"self":[{"href":"https:\/\/www.wallendorff.com\/belogue\/wp-json\/wp\/v2\/posts\/18790","targetHints":{"allow":["GET"]}}],"collection":[{"href":"https:\/\/www.wallendorff.com\/belogue\/wp-json\/wp\/v2\/posts"}],"about":[{"href":"https:\/\/www.wallendorff.com\/belogue\/wp-json\/wp\/v2\/types\/post"}],"author":[{"embeddable":true,"href":"https:\/\/www.wallendorff.com\/belogue\/wp-json\/wp\/v2\/users\/1"}],"replies":[{"embeddable":true,"href":"https:\/\/www.wallendorff.com\/belogue\/wp-json\/wp\/v2\/comments?post=18790"}],"version-history":[{"count":2,"href":"https:\/\/www.wallendorff.com\/belogue\/wp-json\/wp\/v2\/posts\/18790\/revisions"}],"predecessor-version":[{"id":18792,"href":"https:\/\/www.wallendorff.com\/belogue\/wp-json\/wp\/v2\/posts\/18790\/revisions\/18792"}],"wp:featuredmedia":[{"embeddable":true,"href":"https:\/\/www.wallendorff.com\/belogue\/wp-json\/wp\/v2\/media\/26361"}],"wp:attachment":[{"href":"https:\/\/www.wallendorff.com\/belogue\/wp-json\/wp\/v2\/media?parent=18790"}],"wp:term":[{"taxonomy":"category","embeddable":true,"href":"https:\/\/www.wallendorff.com\/belogue\/wp-json\/wp\/v2\/categories?post=18790"},{"taxonomy":"post_tag","embeddable":true,"href":"https:\/\/www.wallendorff.com\/belogue\/wp-json\/wp\/v2\/tags?post=18790"}],"curies":[{"name":"wp","href":"https:\/\/api.w.org\/{rel}","templated":true}]}}