{"id":18751,"date":"2012-08-24T13:29:00","date_gmt":"2012-08-24T11:29:00","guid":{"rendered":"http:\/\/www.po-L.com\/belogue\/?p=18751"},"modified":"2012-08-24T13:35:13","modified_gmt":"2012-08-24T11:35:13","slug":"loin","status":"publish","type":"post","link":"https:\/\/www.wallendorff.com\/belogue\/2012\/08\/24\/loin\/","title":{"rendered":"Loin."},"content":{"rendered":"\n<div id=\"photo\">\n<p><img decoding=\"async\" src=\"https:\/\/www.wallendorff.com\/belogue\/photo\/2012\/08\/20120824.jpg\"><br \/>\n        Dauilleville, 10 juin.<\/p>\n<\/p><\/div>\n<div id=\"bandeson\">\n<p><img decoding=\"async\" src=\"https:\/\/www.wallendorff.com\/belogue\/photo\/pochettes\/a\/alt-j-an_awesome_wave.jpg\" align=\"left\" \/><a href=\"http:\/\/www.altjband.com\/\">Alt+0394<\/a> &ndash; <a style=\"font-weight:normal\" id=\"lienmp3\" href=\"https:\/\/www.wallendorff.com\/belogue\/media\/20120824.mp3\"><em>(Interlude 2)<\/em><\/a><\/p>\n<\/p><\/div>\n","protected":false},"excerpt":{"rendered":"<p>Dauilleville, 10 juin. Alt+0394 &ndash; (Interlude 2)<\/p>\n","protected":false},"author":1,"featured_media":26364,"comment_status":"open","ping_status":"open","sticky":false,"template":"","format":"standard","meta":{"_acf_changed":false,"ngg_post_thumbnail":0,"jetpack_post_was_ever_published":false,"_jetpack_newsletter_access":"","_jetpack_dont_email_post_to_subs":false,"_jetpack_newsletter_tier_id":0,"_jetpack_memberships_contains_paywalled_content":false,"_jetpack_memberships_contains_paid_content":false,"footnotes":"","jetpack_publicize_message":"","jetpack_publicize_feature_enabled":true,"jetpack_social_post_already_shared":false,"jetpack_social_options":{"image_generator_settings":{"template":"highway","default_image_id":0,"font":"","enabled":false},"version":2}},"categories":[3],"tags":[11038,2364,2363,2615,5945,10120,10483,10714,10102,170,10407],"class_list":["post-18751","post","type-post","status-publish","format-standard","has-post-thumbnail","hentry","category-dpc","tag-alt-j","tag-basse-normandie","tag-calvados","tag-eos-5d-mark-ii","tag-deauville","tag-france","tag-mer","tag-plage","tag-pluie","tag-sigma-70-300-mm-f4-56-dg-apo-macro","tag-silhouette"],"acf":[],"geo":{"latitude":49.360878,"longitude":0.0643516,"description":"Rue de la Mer, 14800 Deauville, France"},"jetpack_publicize_connections":[],"jetpack_featured_media_url":"https:\/\/www.wallendorff.com\/belogue\/wp-content\/uploads\/2015\/04\/201208241.jpg","jetpack_shortlink":"https:\/\/wp.me\/s3b35P-loin","jetpack_sharing_enabled":true,"jetpack-related-posts":[{"id":36959,"url":"https:\/\/www.wallendorff.com\/belogue\/2018\/01\/12\/alt-j-marika-hackman-bercy-arena-paris\/","url_meta":{"origin":18751,"position":0},"title":"Alt-J + Marika Hackman @ Bercy Ar\u00e9na, Paris.","author":"dpc","date":"12 janvier 2018","format":"galerie","excerpt":"Marika Hackman Alt-J","rel":"","context":"Dans &quot;Alive&quot;","block_context":{"text":"Alive","link":"https:\/\/www.wallendorff.com\/belogue\/category\/alive\/"},"img":{"alt_text":"","src":"https:\/\/i0.wp.com\/www.wallendorff.com\/belogue\/wp-content\/uploads\/2018\/01\/20180112-17.jpg?resize=350%2C200&ssl=1","width":350,"height":200,"srcset":"https:\/\/i0.wp.com\/www.wallendorff.com\/belogue\/wp-content\/uploads\/2018\/01\/20180112-17.jpg?resize=350%2C200&ssl=1 1x, https:\/\/i0.wp.com\/www.wallendorff.com\/belogue\/wp-content\/uploads\/2018\/01\/20180112-17.jpg?resize=525%2C300&ssl=1 1.5x, https:\/\/i0.wp.com\/www.wallendorff.com\/belogue\/wp-content\/uploads\/2018\/01\/20180112-17.jpg?resize=700%2C400&ssl=1 2x"},"classes":[]},{"id":17860,"url":"https:\/\/www.wallendorff.com\/belogue\/2012\/06\/22\/kevin-balcon\/","url_meta":{"origin":18751,"position":1},"title":"K\u00e9vin Balcon.","author":"dpc","date":"22 juin 2012","format":false,"excerpt":"Quai d'Orl\u00e9ans, Paris, 8 mai. Alt+03941 \u2013 Tessellate _____ 1. C'est que je suis sur PC moi voyez-vous. Quand je tape Alt+J sur mon clavier, \u00e7a fait \u0133, pas \u0394.","rel":"","context":"Dans &quot;DPC&quot;","block_context":{"text":"DPC","link":"https:\/\/www.wallendorff.com\/belogue\/category\/dpc\/"},"img":{"alt_text":"","src":"https:\/\/i0.wp.com\/www.wallendorff.com\/belogue\/wp-content\/uploads\/2015\/04\/201206221.jpg?resize=350%2C200&ssl=1","width":350,"height":200},"classes":[]},{"id":19575,"url":"https:\/\/www.wallendorff.com\/belogue\/2012\/11\/16\/two-door-cinema-club-alt-j-le-zenith-paris\/","url_meta":{"origin":18751,"position":2},"title":"Two Door Cinema Club + &Delta; (Alt-J) @ le Z\u00e9nith, Paris.","author":"dpc","date":"16 novembre 2012","format":false,"excerpt":"Sleep Alone | Undercover Martyn | Do You Want It All | This Is the Life | Wake Up | You're Not Stubborn | Sun | Pyramide | I Can Talk | Costume Party | The World Is Watching | Next Year | Something Good Can Work | Handshake |\u2026","rel":"","context":"Dans &quot;Alive&quot;","block_context":{"text":"Alive","link":"https:\/\/www.wallendorff.com\/belogue\/category\/alive\/"},"img":{"alt_text":"","src":"https:\/\/i0.wp.com\/www.wallendorff.com\/belogue\/wp-content\/uploads\/2015\/04\/201211161.jpg?resize=350%2C200&ssl=1","width":350,"height":200,"srcset":"https:\/\/i0.wp.com\/www.wallendorff.com\/belogue\/wp-content\/uploads\/2015\/04\/201211161.jpg?resize=350%2C200&ssl=1 1x, https:\/\/i0.wp.com\/www.wallendorff.com\/belogue\/wp-content\/uploads\/2015\/04\/201211161.jpg?resize=525%2C300&ssl=1 1.5x, https:\/\/i0.wp.com\/www.wallendorff.com\/belogue\/wp-content\/uploads\/2015\/04\/201211161.jpg?resize=700%2C400&ssl=1 2x"},"classes":[]},{"id":125458,"url":"https:\/\/www.wallendorff.com\/belogue\/2023\/07\/21\/paleo-festival-2023-nyon-jour-3\/","url_meta":{"origin":18751,"position":3},"title":"Pal\u00e9o Festival 2023, Nyon, jour 3.","author":"dpc","date":"21 juillet 2023","format":false,"excerpt":"Ambiance, Pal\u00e9o Festival Nyon 2023 Ambiance, Pal\u00e9o Festival Nyon 2023 Ambiance, Pal\u00e9o Festival Nyon 2023 Ambiance, Pal\u00e9o Festival Nyon 2023 Ambiance, Pal\u00e9o Festival Nyon 2023 Ambiance, Pal\u00e9o Festival Nyon 2023 Ambiance, Pal\u00e9o Festival Nyon 2023 Owelle, Pal\u00e9o Festival Nyon 2023 Ambiance, Pal\u00e9o Festival Nyon 2023 Ambiance, Pal\u00e9o Festival Nyon 2023\u2026","rel":"","context":"Dans &quot;Alive&quot;","block_context":{"text":"Alive","link":"https:\/\/www.wallendorff.com\/belogue\/category\/alive\/"},"img":{"alt_text":"","src":"https:\/\/i0.wp.com\/www.wallendorff.com\/belogue\/wp-content\/uploads\/2023\/07\/20230721-37.jpg?resize=350%2C200&ssl=1","width":350,"height":200,"srcset":"https:\/\/i0.wp.com\/www.wallendorff.com\/belogue\/wp-content\/uploads\/2023\/07\/20230721-37.jpg?resize=350%2C200&ssl=1 1x, https:\/\/i0.wp.com\/www.wallendorff.com\/belogue\/wp-content\/uploads\/2023\/07\/20230721-37.jpg?resize=525%2C300&ssl=1 1.5x, https:\/\/i0.wp.com\/www.wallendorff.com\/belogue\/wp-content\/uploads\/2023\/07\/20230721-37.jpg?resize=700%2C400&ssl=1 2x, https:\/\/i0.wp.com\/www.wallendorff.com\/belogue\/wp-content\/uploads\/2023\/07\/20230721-37.jpg?resize=1050%2C600&ssl=1 3x"},"classes":[]},{"id":34341,"url":"https:\/\/www.wallendorff.com\/belogue\/2017\/06\/22\/into-the-wide-101\/","url_meta":{"origin":18751,"position":4},"title":"Into the wide #101.","author":"dpc","date":"22 juin 2017","format":false,"excerpt":"Parlement de Norv\u00e8ge, Oslo, 6 mai. Adeline\u0394","rel":"","context":"Dans &quot;Into the wide&quot;","block_context":{"text":"Into the wide","link":"https:\/\/www.wallendorff.com\/belogue\/category\/into-the-wide\/"},"img":{"alt_text":"","src":"https:\/\/i0.wp.com\/www.wallendorff.com\/belogue\/wp-content\/uploads\/2017\/06\/20170622.jpg?resize=350%2C200&ssl=1","width":350,"height":200,"srcset":"https:\/\/i0.wp.com\/www.wallendorff.com\/belogue\/wp-content\/uploads\/2017\/06\/20170622.jpg?resize=350%2C200&ssl=1 1x, https:\/\/i0.wp.com\/www.wallendorff.com\/belogue\/wp-content\/uploads\/2017\/06\/20170622.jpg?resize=525%2C300&ssl=1 1.5x, https:\/\/i0.wp.com\/www.wallendorff.com\/belogue\/wp-content\/uploads\/2017\/06\/20170622.jpg?resize=700%2C400&ssl=1 2x, https:\/\/i0.wp.com\/www.wallendorff.com\/belogue\/wp-content\/uploads\/2017\/06\/20170622.jpg?resize=1050%2C600&ssl=1 3x"},"classes":[]},{"id":23446,"url":"https:\/\/www.wallendorff.com\/belogue\/2014\/10\/16\/turm-me-on\/","url_meta":{"origin":18751,"position":5},"title":"Turm [me on].","author":"dpc","date":"16 octobre 2014","format":false,"excerpt":"Alexanderplatz, Berlin, 9 ao\u00fbt. Left Hand Free \u0394","rel":"","context":"Dans &quot;DPC&quot;","block_context":{"text":"DPC","link":"https:\/\/www.wallendorff.com\/belogue\/category\/dpc\/"},"img":{"alt_text":"","src":"https:\/\/i0.wp.com\/www.wallendorff.com\/belogue\/wp-content\/uploads\/2015\/04\/201410161.jpg?resize=350%2C200&ssl=1","width":350,"height":200,"srcset":"https:\/\/i0.wp.com\/www.wallendorff.com\/belogue\/wp-content\/uploads\/2015\/04\/201410161.jpg?resize=350%2C200&ssl=1 1x, https:\/\/i0.wp.com\/www.wallendorff.com\/belogue\/wp-content\/uploads\/2015\/04\/201410161.jpg?resize=525%2C300&ssl=1 1.5x, https:\/\/i0.wp.com\/www.wallendorff.com\/belogue\/wp-content\/uploads\/2015\/04\/201410161.jpg?resize=700%2C400&ssl=1 2x"},"classes":[]}],"_links":{"self":[{"href":"https:\/\/www.wallendorff.com\/belogue\/wp-json\/wp\/v2\/posts\/18751","targetHints":{"allow":["GET"]}}],"collection":[{"href":"https:\/\/www.wallendorff.com\/belogue\/wp-json\/wp\/v2\/posts"}],"about":[{"href":"https:\/\/www.wallendorff.com\/belogue\/wp-json\/wp\/v2\/types\/post"}],"author":[{"embeddable":true,"href":"https:\/\/www.wallendorff.com\/belogue\/wp-json\/wp\/v2\/users\/1"}],"replies":[{"embeddable":true,"href":"https:\/\/www.wallendorff.com\/belogue\/wp-json\/wp\/v2\/comments?post=18751"}],"version-history":[{"count":5,"href":"https:\/\/www.wallendorff.com\/belogue\/wp-json\/wp\/v2\/posts\/18751\/revisions"}],"predecessor-version":[{"id":18756,"href":"https:\/\/www.wallendorff.com\/belogue\/wp-json\/wp\/v2\/posts\/18751\/revisions\/18756"}],"wp:featuredmedia":[{"embeddable":true,"href":"https:\/\/www.wallendorff.com\/belogue\/wp-json\/wp\/v2\/media\/26364"}],"wp:attachment":[{"href":"https:\/\/www.wallendorff.com\/belogue\/wp-json\/wp\/v2\/media?parent=18751"}],"wp:term":[{"taxonomy":"category","embeddable":true,"href":"https:\/\/www.wallendorff.com\/belogue\/wp-json\/wp\/v2\/categories?post=18751"},{"taxonomy":"post_tag","embeddable":true,"href":"https:\/\/www.wallendorff.com\/belogue\/wp-json\/wp\/v2\/tags?post=18751"}],"curies":[{"name":"wp","href":"https:\/\/api.w.org\/{rel}","templated":true}]}}