{"id":18706,"date":"2012-08-20T12:57:00","date_gmt":"2012-08-20T10:57:00","guid":{"rendered":"http:\/\/www.po-L.com\/belogue\/?p=18706"},"modified":"2012-08-20T13:03:37","modified_gmt":"2012-08-20T11:03:37","slug":"interlude-12","status":"publish","type":"post","link":"https:\/\/www.wallendorff.com\/belogue\/2012\/08\/20\/interlude-12\/","title":{"rendered":"Interlude."},"content":{"rendered":"\n<div id=\"photo\">\n<p><img decoding=\"async\" src=\"https:\/\/www.wallendorff.com\/belogue\/photo\/2012\/08\/20120820.jpg\"><br \/>\nVilla Strassburger, Dauilleville, 9 juin.<\/p>\n<\/p><\/div>\n<div id=\"bandeson\">\n<p><img decoding=\"async\" src=\"https:\/\/www.wallendorff.com\/belogue\/photo\/pochettes\/g\/good_old_war-only_way_to_be_alone.jpg\" align=\"left\" \/><a href=\"http:\/\/www.goodoldwar.com\/\">Good Old War<\/a> &ndash; <a style=\"font-weight:normal\" id=\"lienmp3\" href=\"http:\/\/www.youtube.com\/watch?v=XLNZc1tMuXE\"><em>Coney Island<\/em><\/a><\/p>\n<\/p><\/div>\n","protected":false},"excerpt":{"rendered":"<p>Villa Strassburger, Dauilleville, 9 juin. Good Old War &ndash; Coney Island<\/p>\n","protected":false},"author":1,"featured_media":26028,"comment_status":"open","ping_status":"open","sticky":false,"template":"","format":"standard","meta":{"_acf_changed":false,"ngg_post_thumbnail":0,"jetpack_post_was_ever_published":false,"_jetpack_newsletter_access":"","_jetpack_dont_email_post_to_subs":false,"_jetpack_newsletter_tier_id":0,"_jetpack_memberships_contains_paywalled_content":false,"_jetpack_memberships_contains_paid_content":false,"footnotes":"","jetpack_publicize_message":"","jetpack_publicize_feature_enabled":true,"jetpack_social_post_already_shared":false,"jetpack_social_options":{"image_generator_settings":{"template":"highway","default_image_id":0,"font":"","enabled":false},"version":2}},"categories":[3],"tags":[10345,2364,10842,2363,2571,2615,6381,5945,4031,10120,6380,10619,10504,5948],"class_list":["post-18706","post","type-post","status-publish","format-standard","has-post-thumbnail","hentry","category-dpc","tag-arbre","tag-basse-normandie","tag-branche","tag-calvados","tag-ef-16-35-mm-f28l-ii-usm","tag-eos-5d-mark-ii","tag-coney-island","tag-deauville","tag-feuilles","tag-france","tag-good-old-war","tag-jardin","tag-parc","tag-villa-strassburger"],"acf":[],"geo":{"latitude":49.3514366,"longitude":0.074269,"description":"Deauville, Basse-Normandie, 14808 CEDEX, FR"},"jetpack_publicize_connections":[],"jetpack_featured_media_url":"https:\/\/www.wallendorff.com\/belogue\/wp-content\/uploads\/2015\/04\/201208201.jpg","jetpack_shortlink":"https:\/\/wp.me\/p3b35P-4RI","jetpack_sharing_enabled":true,"jetpack-related-posts":[{"id":18719,"url":"https:\/\/www.wallendorff.com\/belogue\/2012\/08\/21\/la-fluent-en-sentiers\/","url_meta":{"origin":18706,"position":0},"title":"L\u00e0 fluent en sentiers.","author":"dpc","date":"21 ao\u00fbt 2012","format":false,"excerpt":"Villa Strassburger, Dauilleville, 9 juin. The Joy Formidable \u2013 Llaw = Wall","rel":"","context":"Dans &quot;DPC&quot;","block_context":{"text":"DPC","link":"https:\/\/www.wallendorff.com\/belogue\/category\/dpc\/"},"img":{"alt_text":"","src":"https:\/\/i0.wp.com\/www.wallendorff.com\/belogue\/wp-content\/uploads\/2015\/04\/201208211.jpg?resize=350%2C200&ssl=1","width":350,"height":200,"srcset":"https:\/\/i0.wp.com\/www.wallendorff.com\/belogue\/wp-content\/uploads\/2015\/04\/201208211.jpg?resize=350%2C200&ssl=1 1x, https:\/\/i0.wp.com\/www.wallendorff.com\/belogue\/wp-content\/uploads\/2015\/04\/201208211.jpg?resize=525%2C300&ssl=1 1.5x, https:\/\/i0.wp.com\/www.wallendorff.com\/belogue\/wp-content\/uploads\/2015\/04\/201208211.jpg?resize=700%2C400&ssl=1 2x"},"classes":[]},{"id":17722,"url":"https:\/\/www.wallendorff.com\/belogue\/2012\/06\/13\/lamour-flou\/","url_meta":{"origin":18706,"position":1},"title":"L&rsquo;Amour f[l]ou.","author":"dpc","date":"13 juin 2012","format":false,"excerpt":"Villa Strassburger, Dauilleville, 9 juin. Voil\u00e0, on les a mari\u00e9s. J'en ai rarement vus aller aussi bien ensemble. Faut les voir. Et les entendre. Et les voir s'entendre. Voir comme ils se regardent, comme ils se compl\u00e8tent. L'\u00e9vidence m\u00eame. La preuve vivante que oui oui, \u00e7a peut exister, y en\u2026","rel":"","context":"Dans &quot;DPC&quot;","block_context":{"text":"DPC","link":"https:\/\/www.wallendorff.com\/belogue\/category\/dpc\/"},"img":{"alt_text":"","src":"https:\/\/i0.wp.com\/www.wallendorff.com\/belogue\/wp-content\/uploads\/2015\/04\/201206132.jpg?resize=350%2C200&ssl=1","width":350,"height":200,"srcset":"https:\/\/i0.wp.com\/www.wallendorff.com\/belogue\/wp-content\/uploads\/2015\/04\/201206132.jpg?resize=350%2C200&ssl=1 1x, https:\/\/i0.wp.com\/www.wallendorff.com\/belogue\/wp-content\/uploads\/2015\/04\/201206132.jpg?resize=525%2C300&ssl=1 1.5x, https:\/\/i0.wp.com\/www.wallendorff.com\/belogue\/wp-content\/uploads\/2015\/04\/201206132.jpg?resize=700%2C400&ssl=1 2x"},"classes":[]},{"id":18730,"url":"https:\/\/www.wallendorff.com\/belogue\/2012\/08\/22\/shooting-people-96\/","url_meta":{"origin":18706,"position":2},"title":"Shooting people #96.","author":"dpc","date":"22 ao\u00fbt 2012","format":false,"excerpt":"Villa Strassburger, Dauilleville, 9 juin. Toute la matin\u00e9e, on a bien ri. Entre Canarville, les autoportraits au Carrefour Market et \u00e0 la pharmacie tellement qu'on est des gueux-din, la mari\u00e9e qui roule en Modus, le n\u0153ud papillon orange et l'accrochage des lettres en cintres, on a bien ri. Pendant qu'elle\u2026","rel":"","context":"Dans &quot;Portraits&quot;","block_context":{"text":"Portraits","link":"https:\/\/www.wallendorff.com\/belogue\/category\/portraits\/"},"img":{"alt_text":"","src":"https:\/\/i0.wp.com\/www.wallendorff.com\/belogue\/wp-content\/uploads\/2015\/04\/201208221.jpg?resize=350%2C200&ssl=1","width":350,"height":200,"srcset":"https:\/\/i0.wp.com\/www.wallendorff.com\/belogue\/wp-content\/uploads\/2015\/04\/201208221.jpg?resize=350%2C200&ssl=1 1x, https:\/\/i0.wp.com\/www.wallendorff.com\/belogue\/wp-content\/uploads\/2015\/04\/201208221.jpg?resize=525%2C300&ssl=1 1.5x"},"classes":[]},{"id":22930,"url":"https:\/\/www.wallendorff.com\/belogue\/2014\/06\/09\/dix-ans-chez-les-bisounours\/","url_meta":{"origin":18706,"position":3},"title":"Dix ans chez les bisounours.","author":"dpc","date":"9 juin 2014","format":false,"excerpt":"Dix ans de conjugu\u00e9 et dix ans d'\u00e9v\u00e9nements, dont beaucoup en blanc. Il ne faut jamais dire \u00ab\u00a0j'aimais\u00a0\u00bb. Station Charles de Gaulle \u2014 \u00c9toile, Paris, 8 juin 2005. \u00a0 L'ar\u00f4me entiche. Palais Royal, Paris, 21 juillet 2005. \u00a0 Garde leste. Gare de l'Est, Paris, 27 ao\u00fbt 2006. \u00a0 We live\u2026","rel":"","context":"Dans &quot;DPC&quot;","block_context":{"text":"DPC","link":"https:\/\/www.wallendorff.com\/belogue\/category\/dpc\/"},"img":{"alt_text":"","src":"https:\/\/i0.wp.com\/www.wallendorff.com\/belogue\/wp-content\/uploads\/2015\/04\/201206133.jpg?resize=350%2C200&ssl=1","width":350,"height":200,"srcset":"https:\/\/i0.wp.com\/www.wallendorff.com\/belogue\/wp-content\/uploads\/2015\/04\/201206133.jpg?resize=350%2C200&ssl=1 1x, https:\/\/i0.wp.com\/www.wallendorff.com\/belogue\/wp-content\/uploads\/2015\/04\/201206133.jpg?resize=525%2C300&ssl=1 1.5x, https:\/\/i0.wp.com\/www.wallendorff.com\/belogue\/wp-content\/uploads\/2015\/04\/201206133.jpg?resize=700%2C400&ssl=1 2x"},"classes":[]},{"id":27102,"url":"https:\/\/www.wallendorff.com\/belogue\/2015\/04\/17\/cinq-drones-de-la-plage-blanche\/","url_meta":{"origin":18706,"position":4},"title":"Cinq drones de la plage blanche.","author":"dpc","date":"17 avril 2015","format":false,"excerpt":"Coney Island, 8 mars. Ils sont pas cinq, mais deux + Ce ne sont pas des drones, mais des gens + la neige avait d\u00e9j\u00e0 fondu\u00a0= Titre le moins pertinent de l'ann\u00e9e. Never Let You Down (feat. Lykke Li) Woodkid","rel":"","context":"Dans &quot;DPC&quot;","block_context":{"text":"DPC","link":"https:\/\/www.wallendorff.com\/belogue\/category\/dpc\/"},"img":{"alt_text":"","src":"https:\/\/i0.wp.com\/www.wallendorff.com\/belogue\/wp-content\/uploads\/2015\/04\/20150417.jpg?resize=350%2C200&ssl=1","width":350,"height":200,"srcset":"https:\/\/i0.wp.com\/www.wallendorff.com\/belogue\/wp-content\/uploads\/2015\/04\/20150417.jpg?resize=350%2C200&ssl=1 1x, https:\/\/i0.wp.com\/www.wallendorff.com\/belogue\/wp-content\/uploads\/2015\/04\/20150417.jpg?resize=525%2C300&ssl=1 1.5x, https:\/\/i0.wp.com\/www.wallendorff.com\/belogue\/wp-content\/uploads\/2015\/04\/20150417.jpg?resize=700%2C400&ssl=1 2x"},"classes":[]},{"id":4067,"url":"https:\/\/www.wallendorff.com\/belogue\/2009\/03\/26\/lamy-stait-rieuse-si-tes-dehors\/","url_meta":{"origin":18706,"position":5},"title":"L&rsquo;Amy s&rsquo;tait rieuse si t&rsquo;es dehors.","author":"dpc","date":"26 mars 2009","format":false,"excerpt":"Villa des Platanes, Paris, 14 f\u00e9vrier. \u00a0Woodpigeon \u2013 Oberkampf","rel":"","context":"Dans &quot;DPC&quot;","block_context":{"text":"DPC","link":"https:\/\/www.wallendorff.com\/belogue\/category\/dpc\/"},"img":{"alt_text":"","src":"https:\/\/i0.wp.com\/www.wallendorff.com\/belogue\/wp-content\/uploads\/2015\/04\/200903261.jpg?resize=350%2C200&ssl=1","width":350,"height":200},"classes":[]}],"_links":{"self":[{"href":"https:\/\/www.wallendorff.com\/belogue\/wp-json\/wp\/v2\/posts\/18706","targetHints":{"allow":["GET"]}}],"collection":[{"href":"https:\/\/www.wallendorff.com\/belogue\/wp-json\/wp\/v2\/posts"}],"about":[{"href":"https:\/\/www.wallendorff.com\/belogue\/wp-json\/wp\/v2\/types\/post"}],"author":[{"embeddable":true,"href":"https:\/\/www.wallendorff.com\/belogue\/wp-json\/wp\/v2\/users\/1"}],"replies":[{"embeddable":true,"href":"https:\/\/www.wallendorff.com\/belogue\/wp-json\/wp\/v2\/comments?post=18706"}],"version-history":[{"count":5,"href":"https:\/\/www.wallendorff.com\/belogue\/wp-json\/wp\/v2\/posts\/18706\/revisions"}],"predecessor-version":[{"id":18712,"href":"https:\/\/www.wallendorff.com\/belogue\/wp-json\/wp\/v2\/posts\/18706\/revisions\/18712"}],"wp:featuredmedia":[{"embeddable":true,"href":"https:\/\/www.wallendorff.com\/belogue\/wp-json\/wp\/v2\/media\/26028"}],"wp:attachment":[{"href":"https:\/\/www.wallendorff.com\/belogue\/wp-json\/wp\/v2\/media?parent=18706"}],"wp:term":[{"taxonomy":"category","embeddable":true,"href":"https:\/\/www.wallendorff.com\/belogue\/wp-json\/wp\/v2\/categories?post=18706"},{"taxonomy":"post_tag","embeddable":true,"href":"https:\/\/www.wallendorff.com\/belogue\/wp-json\/wp\/v2\/tags?post=18706"}],"curies":[{"name":"wp","href":"https:\/\/api.w.org\/{rel}","templated":true}]}}