{"id":18663,"date":"2012-08-16T15:17:34","date_gmt":"2012-08-16T13:17:34","guid":{"rendered":"http:\/\/www.po-L.com\/belogue\/?p=18663"},"modified":"2012-08-16T15:19:51","modified_gmt":"2012-08-16T13:19:51","slug":"dans-la-bibliotheque-avec-le-chandelier","status":"publish","type":"post","link":"https:\/\/www.wallendorff.com\/belogue\/2012\/08\/16\/dans-la-bibliotheque-avec-le-chandelier\/","title":{"rendered":"Dans la biblioth\u00e8que [avec le chandelier]."},"content":{"rendered":"\n<div id=\"photo\">\n<p><img decoding=\"async\" src=\"https:\/\/www.wallendorff.com\/belogue\/photo\/2012\/08\/20120816.jpg\"><br \/>\nShakespeare &amp; Co., Paris, 7 juin.<\/p>\n<\/p><\/div>\n<div id=\"bandeson\">\n<p><img decoding=\"async\" src=\"https:\/\/www.wallendorff.com\/belogue\/photo\/pochettes\/f\/frightened_rabbit-the_winter_of_mixed_drinks.jpg\" align=\"left\" \/><a href=\"http:\/\/www.frightenedrabbit.com\/\">Frightened Rabbit<\/a> &ndash; <a style=\"font-weight:normal\" id=\"lienmp3\" href=\"http:\/\/www.youtube.com\/watch?v=kv0xsCh6ZOg\"><em>Not Miserable<\/em><\/a><\/p>\n<\/p><\/div>\n","protected":false},"excerpt":{"rendered":"<p>Shakespeare &amp; Co., Paris, 7 juin. Frightened Rabbit &ndash; Not Miserable<\/p>\n","protected":false},"author":1,"featured_media":26019,"comment_status":"open","ping_status":"open","sticky":false,"template":"","format":"standard","meta":{"_acf_changed":false,"ngg_post_thumbnail":0,"jetpack_post_was_ever_published":false,"_jetpack_newsletter_access":"","_jetpack_dont_email_post_to_subs":false,"_jetpack_newsletter_tier_id":0,"_jetpack_memberships_contains_paywalled_content":false,"_jetpack_memberships_contains_paid_content":false,"footnotes":"","jetpack_publicize_message":"","jetpack_publicize_feature_enabled":true,"jetpack_social_post_already_shared":false,"jetpack_social_options":{"image_generator_settings":{"template":"highway","default_image_id":0,"font":"","enabled":false},"version":2}},"categories":[3],"tags":[10239,10597,10842,2571,2615,10326,10120,10709,10121,10401,10706,10323,10684,10696,6377,10098,10262,10721,10676],"class_list":["post-18663","post","type-post","status-publish","format-standard","has-post-thumbnail","hentry","category-dpc","tag-10239","tag-bibliotheque","tag-branche","tag-ef-16-35-mm-f28l-ii-usm","tag-eos-5d-mark-ii","tag-crepuscule","tag-france","tag-frightened-rabbit","tag-ile-de-france","tag-lampe","tag-librairie","tag-livres","tag-lustre","tag-magasin","tag-not-miserable","tag-paris","tag-reflet","tag-shakespeare-and-company","tag-vitrine"],"acf":[],"geo":{"latitude":48.8526115,"longitude":2.3469274,"description":"35-45 Rue de la B\u00fbcherie, 75005 Paris, France"},"jetpack_publicize_connections":[],"jetpack_featured_media_url":"https:\/\/www.wallendorff.com\/belogue\/wp-content\/uploads\/2015\/04\/201208161.jpg","jetpack_shortlink":"https:\/\/wp.me\/p3b35P-4R1","jetpack_sharing_enabled":true,"jetpack-related-posts":[{"id":10157,"url":"https:\/\/www.wallendorff.com\/belogue\/2010\/12\/01\/tomes-egeries\/","url_meta":{"origin":18663,"position":0},"title":"Tomes-\u00e9g\u00e9ries.","author":"dpc","date":"1 d\u00e9cembre 2010","format":false,"excerpt":"Biblioth\u00e8que des Amis de l'Instruction, Paris, 18 septembre. La biblioth\u00e8que des Amis de l'Instruction, \u00e9quivalent francophone de Shakespeare & Co., \u00e0 part qu'on n'y vend rien et qu'on ne peut y entrer tous les jours, mais vaut tout autant le d\u00e9tour. Si vous le pouvez, allez-y. The Head and the\u2026","rel":"","context":"Dans &quot;DPC&quot;","block_context":{"text":"DPC","link":"https:\/\/www.wallendorff.com\/belogue\/category\/dpc\/"},"img":{"alt_text":"","src":"https:\/\/i0.wp.com\/www.wallendorff.com\/belogue\/wp-content\/uploads\/2015\/04\/201012011.jpg?resize=350%2C200&ssl=1","width":350,"height":200},"classes":[]},{"id":18645,"url":"https:\/\/www.wallendorff.com\/belogue\/2012\/08\/15\/cour-jet\/","url_meta":{"origin":18663,"position":1},"title":"Cour-jet.","author":"dpc","date":"15 ao\u00fbt 2012","format":false,"excerpt":"Shakespeare & Co., Paris, 7 juin. Neutral Milk Hotel \u2013 In the Aeroplane Over the Sea","rel":"","context":"Dans &quot;DPC&quot;","block_context":{"text":"DPC","link":"https:\/\/www.wallendorff.com\/belogue\/category\/dpc\/"},"img":{"alt_text":"","src":"https:\/\/i0.wp.com\/www.wallendorff.com\/belogue\/wp-content\/uploads\/2015\/04\/201208151.jpg?resize=350%2C200&ssl=1","width":350,"height":200,"srcset":"https:\/\/i0.wp.com\/www.wallendorff.com\/belogue\/wp-content\/uploads\/2015\/04\/201208151.jpg?resize=350%2C200&ssl=1 1x, https:\/\/i0.wp.com\/www.wallendorff.com\/belogue\/wp-content\/uploads\/2015\/04\/201208151.jpg?resize=525%2C300&ssl=1 1.5x, https:\/\/i0.wp.com\/www.wallendorff.com\/belogue\/wp-content\/uploads\/2015\/04\/201208151.jpg?resize=700%2C400&ssl=1 2x"},"classes":[]},{"id":18599,"url":"https:\/\/www.wallendorff.com\/belogue\/2012\/08\/10\/pas-dessus-mes-cent-feuilles\/","url_meta":{"origin":18663,"position":2},"title":"Pas dessus mes cent feuilles.","author":"dpc","date":"10 ao\u00fbt 2012","format":false,"excerpt":"Shakespeare & Co., Paris, 7 juin. Isobel Campbell \u2013 Walk Away (Franz Ferdinand cover)","rel":"","context":"Dans &quot;DPC&quot;","block_context":{"text":"DPC","link":"https:\/\/www.wallendorff.com\/belogue\/category\/dpc\/"},"img":{"alt_text":"","src":"https:\/\/i0.wp.com\/www.wallendorff.com\/belogue\/wp-content\/uploads\/2015\/04\/201208101.jpg?resize=350%2C200&ssl=1","width":350,"height":200,"srcset":"https:\/\/i0.wp.com\/www.wallendorff.com\/belogue\/wp-content\/uploads\/2015\/04\/201208101.jpg?resize=350%2C200&ssl=1 1x, https:\/\/i0.wp.com\/www.wallendorff.com\/belogue\/wp-content\/uploads\/2015\/04\/201208101.jpg?resize=525%2C300&ssl=1 1.5x, https:\/\/i0.wp.com\/www.wallendorff.com\/belogue\/wp-content\/uploads\/2015\/04\/201208101.jpg?resize=700%2C400&ssl=1 2x"},"classes":[]},{"id":7651,"url":"https:\/\/www.wallendorff.com\/belogue\/2010\/06\/08\/elle-aussi-lancait-dehors\/","url_meta":{"origin":18663,"position":3},"title":"Elle aussi lan\u00e7ait dehors.","author":"dpc","date":"8 juin 2010","format":false,"excerpt":"Shakespeare & Co., Paris, 25 avril. [En fait je voudrais habiter chez eux]. \u00a0The Black Keys \u2013 My Mind Is Ramblin' (Junior Kimbrough cover)","rel":"","context":"Dans &quot;DPC&quot;","block_context":{"text":"DPC","link":"https:\/\/www.wallendorff.com\/belogue\/category\/dpc\/"},"img":{"alt_text":"","src":"https:\/\/i0.wp.com\/www.wallendorff.com\/belogue\/wp-content\/uploads\/2015\/04\/201006081.jpg?resize=350%2C200&ssl=1","width":350,"height":200},"classes":[]},{"id":7538,"url":"https:\/\/www.wallendorff.com\/belogue\/2010\/05\/14\/just-dont-have-the-proper-tools\/","url_meta":{"origin":18663,"position":4},"title":"Just don&rsquo;t have the proper tools.","author":"dpc","date":"14 mai 2010","format":false,"excerpt":"Rue de Turenne, Paris, 10 avril. \u00a0Frightened Rabbit \u2013 My Backwards Walk","rel":"","context":"Dans &quot;DPC&quot;","block_context":{"text":"DPC","link":"https:\/\/www.wallendorff.com\/belogue\/category\/dpc\/"},"img":{"alt_text":"","src":"https:\/\/i0.wp.com\/www.wallendorff.com\/belogue\/wp-content\/uploads\/2015\/04\/201005141.jpg?resize=350%2C200&ssl=1","width":350,"height":200},"classes":[]},{"id":7381,"url":"https:\/\/www.wallendorff.com\/belogue\/2010\/04\/14\/frightened-rabbit-candy-clash-la-fleche-dor-paris\/","url_meta":{"origin":18663,"position":5},"title":"Frightened Rabbit + Candy Clash @ la Fl\u00e8che d&rsquo;Or, Paris.","author":"dpc","date":"14 avril 2010","format":false,"excerpt":"[Va falloir que je pense s\u00e9rieusement \u00e0 arr\u00eater la Fl\u00e8che d'Or et ses lumi\u00e8res moisies.] Candy Clash n'\u00e9volue pas vraiment dans ma ligue, mais plut\u00f4t dans ce genre musical o\u00f9 le chanteur finit invariablement pendu dans sa cuisine avec une corde \u00e0 linge1 la veille de son d\u00e9part en tourn\u00e9e\u2026","rel":"","context":"Dans &quot;Alive&quot;","block_context":{"text":"Alive","link":"https:\/\/www.wallendorff.com\/belogue\/category\/alive\/"},"img":{"alt_text":"","src":"https:\/\/i0.wp.com\/www.wallendorff.com\/belogue\/wp-content\/uploads\/2015\/04\/201004141.jpg?resize=350%2C200&ssl=1","width":350,"height":200,"srcset":"https:\/\/i0.wp.com\/www.wallendorff.com\/belogue\/wp-content\/uploads\/2015\/04\/201004141.jpg?resize=350%2C200&ssl=1 1x, https:\/\/i0.wp.com\/www.wallendorff.com\/belogue\/wp-content\/uploads\/2015\/04\/201004141.jpg?resize=525%2C300&ssl=1 1.5x, https:\/\/i0.wp.com\/www.wallendorff.com\/belogue\/wp-content\/uploads\/2015\/04\/201004141.jpg?resize=700%2C400&ssl=1 2x"},"classes":[]}],"_links":{"self":[{"href":"https:\/\/www.wallendorff.com\/belogue\/wp-json\/wp\/v2\/posts\/18663","targetHints":{"allow":["GET"]}}],"collection":[{"href":"https:\/\/www.wallendorff.com\/belogue\/wp-json\/wp\/v2\/posts"}],"about":[{"href":"https:\/\/www.wallendorff.com\/belogue\/wp-json\/wp\/v2\/types\/post"}],"author":[{"embeddable":true,"href":"https:\/\/www.wallendorff.com\/belogue\/wp-json\/wp\/v2\/users\/1"}],"replies":[{"embeddable":true,"href":"https:\/\/www.wallendorff.com\/belogue\/wp-json\/wp\/v2\/comments?post=18663"}],"version-history":[{"count":4,"href":"https:\/\/www.wallendorff.com\/belogue\/wp-json\/wp\/v2\/posts\/18663\/revisions"}],"predecessor-version":[{"id":18667,"href":"https:\/\/www.wallendorff.com\/belogue\/wp-json\/wp\/v2\/posts\/18663\/revisions\/18667"}],"wp:featuredmedia":[{"embeddable":true,"href":"https:\/\/www.wallendorff.com\/belogue\/wp-json\/wp\/v2\/media\/26019"}],"wp:attachment":[{"href":"https:\/\/www.wallendorff.com\/belogue\/wp-json\/wp\/v2\/media?parent=18663"}],"wp:term":[{"taxonomy":"category","embeddable":true,"href":"https:\/\/www.wallendorff.com\/belogue\/wp-json\/wp\/v2\/categories?post=18663"},{"taxonomy":"post_tag","embeddable":true,"href":"https:\/\/www.wallendorff.com\/belogue\/wp-json\/wp\/v2\/tags?post=18663"}],"curies":[{"name":"wp","href":"https:\/\/api.w.org\/{rel}","templated":true}]}}