{"id":18625,"date":"2012-08-13T12:34:43","date_gmt":"2012-08-13T10:34:43","guid":{"rendered":"http:\/\/www.po-L.com\/belogue\/?p=18625"},"modified":"2012-09-24T09:36:43","modified_gmt":"2012-09-24T07:36:43","slug":"shooting-people-95","status":"publish","type":"post","link":"https:\/\/www.wallendorff.com\/belogue\/2012\/08\/13\/shooting-people-95\/","title":{"rendered":"Shooting people #95."},"content":{"rendered":"\n<div id=\"photo\">\n<p><img decoding=\"async\" src=\"https:\/\/www.wallendorff.com\/belogue\/photo\/2012\/08\/20120813.jpg\"><br \/>\nShakespeare &amp; Co., Paris, 7 juin.<\/p>\n<\/p><\/div>\n<p>La librairie est d&eacute;peupl&eacute;e, comme &agrave; chaque fois qu&rsquo;il fait chaud. Une poign&eacute;e de touristes au rez-de-chauss&eacute;e, quelques-uns au premier, pour la plupart r&eacute;unis autour d&rsquo;un Anglais donnant un expos&eacute; sur l&rsquo;accent de Tours<sup>1<\/sup>. Les autres &eacute;coutent la pianiste. Dou&eacute;e, la pianiste. J&rsquo;en ferais bien une photo, de la pianiste, si je n&rsquo;avais d&eacute;j&agrave; fait <a href=\"https:\/\/www.wallendorff.com\/belogue\/2010\/06\/04\/il-jouait-du-piano-de-books\/\">celle du pianiste il y a deux ans<\/a>. Pas la peine de doubler, celle du pianiste me pla&icirc;t bien,  m&ecirc;me si on ne voit pas ses mains. Je m&rsquo;&eacute;loigne vers le palier et, au moment de poser ma main sur la rampe, voil&agrave; que la pianiste entame la <em>Comptine d&rsquo;un autre &eacute;t&eacute;&nbsp;: l&rsquo;apr&egrave;s-midi<\/em>. Changement instantan&eacute; d&rsquo;atmosph&egrave;re. C&rsquo;est comme s&rsquo;il pleuvait dehors, que la nuit tombait d&rsquo;un coup, qu&rsquo;on  revenait en 2001. &Agrave; Montmartre, &eacute;videmment. Je fais demi-tour. Quitte \u00e0 faire dans le clich\u00e9, autant prendre une photo.<\/p>\n<p style=\"text-align:right\">En faisant bien attention &agrave; la main, cette fois-ci.<\/p>\n<div id=\"bandeson\">\n<p><img decoding=\"async\" src=\"https:\/\/www.wallendorff.com\/belogue\/photo\/pochettes\/t\/tiersen_yann-le_fabuleux_destin_damelie_poulain.jpg\" align=\"left\" \/><a href=\"http:\/\/www.yanntiersen.com\/\">Yann Tiersen<\/a> &ndash; <a style=\"font-weight:normal\" id=\"lienmp3\" href=\"http:\/\/www.youtube.com\/watch?v=W5_xFH5wqKM\"><em>Comptine d&rsquo;un autre &eacute;t&eacute;&nbsp;: l&rsquo;apr&egrave;s-midi<\/em><\/a><\/p>\n<\/p><\/div>\n<div id=\"bas_note\">\n<p>_____ <\/p>\n<p>1. Pr&eacute;tendument <a href=\"http:\/\/www.rue89.com\/2011\/07\/04\/laccent-de-tours-le-plus-pur-de-france-bah-plus-tant-quca-212153\">le plus pur de France<\/a>.<\/p>\n<\/p><\/div>\n","protected":false},"excerpt":{"rendered":"<p>Shakespeare &amp; Co., Paris, 7 juin. La librairie est d&eacute;peupl&eacute;e, comme &agrave; chaque fois qu&rsquo;il fait chaud. Une poign&eacute;e de touristes au rez-de-chauss&eacute;e, quelques-uns au premier, pour la plupart r&eacute;unis autour d&rsquo;un Anglais donnant un expos&eacute; sur l&rsquo;accent de Tours1. Les autres &eacute;coutent la pianiste. Dou&eacute;e, la pianiste. J&rsquo;en ferais bien une photo, de la&hellip;<\/p>\n","protected":false},"author":1,"featured_media":26015,"comment_status":"open","ping_status":"open","sticky":false,"template":"","format":"standard","meta":{"_acf_changed":false,"ngg_post_thumbnail":0,"jetpack_post_was_ever_published":false,"_jetpack_newsletter_access":"","_jetpack_dont_email_post_to_subs":false,"_jetpack_newsletter_tier_id":0,"_jetpack_memberships_contains_paywalled_content":false,"_jetpack_memberships_contains_paid_content":false,"footnotes":"","jetpack_publicize_message":"","jetpack_publicize_feature_enabled":true,"jetpack_social_post_already_shared":false,"jetpack_social_options":{"image_generator_settings":{"template":"highway","default_image_id":0,"font":"","enabled":false},"version":2}},"categories":[8],"tags":[10239,10597,2571,2615,6355,10311,10340,10120,10121,10401,6359,10706,10323,10696,143,10098,6357,3853,10721,1150,10338],"class_list":["post-18625","post","type-post","status-publish","format-standard","has-post-thumbnail","hentry","category-portraits","tag-10239","tag-bibliotheque","tag-ef-16-35-mm-f28l-ii-usm","tag-eos-5d-mark-ii","tag-comptine-dun-autre-ete-lapres-midi","tag-dos","tag-fille","tag-france","tag-ile-de-france","tag-lampe","tag-le-fabuleux-destin-damelie-poulain","tag-librairie","tag-livres","tag-magasin","tag-noir-et-blanc","tag-paris","tag-pianiste","tag-piano","tag-shakespeare-and-company","tag-vieux","tag-yann-tiersen"],"acf":[],"geo":{"latitude":48.8526115,"longitude":2.3469274,"description":"35-45 Rue de la B\u00fbcherie, 75005 Paris, France"},"jetpack_publicize_connections":[],"jetpack_featured_media_url":"https:\/\/www.wallendorff.com\/belogue\/wp-content\/uploads\/2015\/04\/201208131.jpg","jetpack_shortlink":"https:\/\/wp.me\/p3b35P-4Qp","jetpack_sharing_enabled":true,"jetpack-related-posts":[{"id":23074,"url":"https:\/\/www.wallendorff.com\/belogue\/2014\/06\/27\/dix-ans-dinstants\/","url_meta":{"origin":18625,"position":0},"title":"Dix ans d&rsquo;instants.","author":"dpc","date":"27 juin 2014","format":false,"excerpt":"Dix ans de secondes qui s'\u00e9coul\u00e8rent comme des ans. 75 Nord, 25 ao\u00fbt 2004. 75 Nord, D\u00e9troit, 25 ao\u00fbt 2004. \u00ab\u00a0La pluie. Violente. Un orage comme on n'en trouve qu\u2019ici. Ball and Biscuit tr\u00e8s tr\u00e8s fort, \u00e7a prend une toute autre dimension, quand on roule \u00e0 travers D\u00e9troit, qu\u2019on passe\u2026","rel":"","context":"Dans &quot;DPC&quot;","block_context":{"text":"DPC","link":"https:\/\/www.wallendorff.com\/belogue\/category\/dpc\/"},"img":{"alt_text":"","src":"https:\/\/i0.wp.com\/www.wallendorff.com\/belogue\/wp-content\/uploads\/2015\/04\/201101173.jpg?resize=350%2C200&ssl=1","width":350,"height":200,"srcset":"https:\/\/i0.wp.com\/www.wallendorff.com\/belogue\/wp-content\/uploads\/2015\/04\/201101173.jpg?resize=350%2C200&ssl=1 1x, https:\/\/i0.wp.com\/www.wallendorff.com\/belogue\/wp-content\/uploads\/2015\/04\/201101173.jpg?resize=525%2C300&ssl=1 1.5x, https:\/\/i0.wp.com\/www.wallendorff.com\/belogue\/wp-content\/uploads\/2015\/04\/201101173.jpg?resize=700%2C400&ssl=1 2x"},"classes":[]},{"id":7833,"url":"https:\/\/www.wallendorff.com\/belogue\/2010\/07\/11\/fond-de-tiroir-13\/","url_meta":{"origin":18625,"position":1},"title":"Fond de tiroir #13.","author":"dpc","date":"11 juillet 2010","format":false,"excerpt":"Lawyer's Club, Ann Arbor, 5 mai 2009. \u00c7a n'a rien \u00e0 voir avec la photo, mais avant d'aller plus loin \u00e9coutez \u00e7a\u00a0: \u00a0Ben Folds \u2013 Army (live) C'est bon\u00a0? Faut vraiment \u00e9couter hein, apr\u00e8s il sera trop tard. \u00a0 La question que je me pose donc c'est si vous tous\u2026","rel":"","context":"Dans &quot;DPC&quot;","block_context":{"text":"DPC","link":"https:\/\/www.wallendorff.com\/belogue\/category\/dpc\/"},"img":{"alt_text":"","src":"https:\/\/i0.wp.com\/www.wallendorff.com\/belogue\/wp-content\/uploads\/2015\/04\/201007111.jpg?resize=350%2C200&ssl=1","width":350,"height":200},"classes":[]},{"id":31057,"url":"https:\/\/www.wallendorff.com\/belogue\/2016\/05\/31\/mai-2016\/","url_meta":{"origin":18625,"position":2},"title":"Mai 2016.","author":"dpc","date":"31 mai 2016","format":false,"excerpt":"Un num\u00e9ro, une exposition, un m\u00e9tro, une projection, un concert, une coupole, un toit, un feu rouge, un parc, un concert, un concert, un chat pr\u00e9nomm\u00e9 Vercing\u00e9torix, un piano, un scot\u00e8re, un parvis, un tchi-tchi, une expo, un arc, un saut, une tour, un bateau, une prise de bec, une\u2026","rel":"","context":"Dans &quot;Blog-note&quot;","block_context":{"text":"Blog-note","link":"https:\/\/www.wallendorff.com\/belogue\/category\/blog-note\/"},"img":{"alt_text":"","src":"https:\/\/i0.wp.com\/www.wallendorff.com\/belogue\/wp-content\/uploads\/2016\/06\/20160615-12-1.jpg?resize=350%2C200&ssl=1","width":350,"height":200,"srcset":"https:\/\/i0.wp.com\/www.wallendorff.com\/belogue\/wp-content\/uploads\/2016\/06\/20160615-12-1.jpg?resize=350%2C200&ssl=1 1x, https:\/\/i0.wp.com\/www.wallendorff.com\/belogue\/wp-content\/uploads\/2016\/06\/20160615-12-1.jpg?resize=525%2C300&ssl=1 1.5x, https:\/\/i0.wp.com\/www.wallendorff.com\/belogue\/wp-content\/uploads\/2016\/06\/20160615-12-1.jpg?resize=700%2C400&ssl=1 2x"},"classes":[]},{"id":127185,"url":"https:\/\/www.wallendorff.com\/belogue\/2024\/01\/23\/ni-lune-ni-deux\/","url_meta":{"origin":18625,"position":3},"title":"Ni lune, ni deux.","author":"dpc","date":"23 janvier 2024","format":false,"excerpt":"Avenue du Pr\u00e9sident-Kennedy, Paris, 27 novembre 2023. J'\u00e9tais parti pour aller voir au Trocad\u00e9ro si j'y \u00e9tais, en choisissant un soir bien froid, bien humide pour \u00e9ventuellement y trouver quelques touristes esseul\u00e9s et, peut-\u00eatre, une flaque adapt\u00e9e \u00e0 la photographie de reflet nocturne de tour m\u00e9tallique de grande envergure.Passant sur\u2026","rel":"","context":"Dans &quot;DPC&quot;","block_context":{"text":"DPC","link":"https:\/\/www.wallendorff.com\/belogue\/category\/dpc\/"},"img":{"alt_text":"","src":"https:\/\/i0.wp.com\/www.wallendorff.com\/belogue\/wp-content\/uploads\/2024\/01\/20240123.jpg?resize=350%2C200&ssl=1","width":350,"height":200,"srcset":"https:\/\/i0.wp.com\/www.wallendorff.com\/belogue\/wp-content\/uploads\/2024\/01\/20240123.jpg?resize=350%2C200&ssl=1 1x, https:\/\/i0.wp.com\/www.wallendorff.com\/belogue\/wp-content\/uploads\/2024\/01\/20240123.jpg?resize=525%2C300&ssl=1 1.5x, https:\/\/i0.wp.com\/www.wallendorff.com\/belogue\/wp-content\/uploads\/2024\/01\/20240123.jpg?resize=700%2C400&ssl=1 2x, https:\/\/i0.wp.com\/www.wallendorff.com\/belogue\/wp-content\/uploads\/2024\/01\/20240123.jpg?resize=1050%2C600&ssl=1 3x"},"classes":[]},{"id":977,"url":"https:\/\/www.wallendorff.com\/belogue\/2007\/06\/19\/icky-c-est-maintenant\/","url_meta":{"origin":18625,"position":4},"title":"Icky c&rsquo;est maintenant.","author":"dpc","date":"19 juin 2007","format":false,"excerpt":"J'avais pr\u00e9vu tout \u00e0 fait autre chose comme note, mais ceci m'a donn\u00e9 une folle envie d'y faire \u00e9cho comme cela\u00a0: On avait v\u00e9cu une ann\u00e9e 2005 riche en \u00e9motions, avec l'apparition d'un Arcade Fire innovant, la refonte d'un Black Rebel Motorcycle Club \u00e0 maturation, la confirmation de Warlocks toujours\u2026","rel":"","context":"Dans &quot;Pictureless thoughts&quot;","block_context":{"text":"Pictureless thoughts","link":"https:\/\/www.wallendorff.com\/belogue\/category\/pictureless-thoughts\/"},"img":{"alt_text":"","src":"https:\/\/i0.wp.com\/www.wallendorff.com\/belogue\/wp-content\/uploads\/2015\/04\/200706191.jpg?resize=350%2C200&ssl=1","width":350,"height":200},"classes":[]},{"id":21675,"url":"https:\/\/www.wallendorff.com\/belogue\/2013\/09\/27\/shooting-people-108\/","url_meta":{"origin":18625,"position":5},"title":"Shooting people #108.","author":"dpc","date":"27 septembre 2013","format":false,"excerpt":"Shakespeare & Company, Paris, 14 ao\u00fbt. Elle devait faire une photo de livres au Sip Babylone, mais c'est ferm\u00e9. Je lui propose Shakespeare. Elle n'y a jamais mis les pieds. Raison de plus. Shakespeare, c'est une parenth\u00e8se dans la ville, une respiration. Un d\u00e9sert, m\u00eame, quand on y passe un\u2026","rel":"","context":"Dans &quot;Portraits&quot;","block_context":{"text":"Portraits","link":"https:\/\/www.wallendorff.com\/belogue\/category\/portraits\/"},"img":{"alt_text":"","src":"https:\/\/i0.wp.com\/www.wallendorff.com\/belogue\/wp-content\/uploads\/2015\/04\/201309271.jpg?resize=350%2C200&ssl=1","width":350,"height":200,"srcset":"https:\/\/i0.wp.com\/www.wallendorff.com\/belogue\/wp-content\/uploads\/2015\/04\/201309271.jpg?resize=350%2C200&ssl=1 1x, https:\/\/i0.wp.com\/www.wallendorff.com\/belogue\/wp-content\/uploads\/2015\/04\/201309271.jpg?resize=525%2C300&ssl=1 1.5x, https:\/\/i0.wp.com\/www.wallendorff.com\/belogue\/wp-content\/uploads\/2015\/04\/201309271.jpg?resize=700%2C400&ssl=1 2x"},"classes":[]}],"_links":{"self":[{"href":"https:\/\/www.wallendorff.com\/belogue\/wp-json\/wp\/v2\/posts\/18625","targetHints":{"allow":["GET"]}}],"collection":[{"href":"https:\/\/www.wallendorff.com\/belogue\/wp-json\/wp\/v2\/posts"}],"about":[{"href":"https:\/\/www.wallendorff.com\/belogue\/wp-json\/wp\/v2\/types\/post"}],"author":[{"embeddable":true,"href":"https:\/\/www.wallendorff.com\/belogue\/wp-json\/wp\/v2\/users\/1"}],"replies":[{"embeddable":true,"href":"https:\/\/www.wallendorff.com\/belogue\/wp-json\/wp\/v2\/comments?post=18625"}],"version-history":[{"count":9,"href":"https:\/\/www.wallendorff.com\/belogue\/wp-json\/wp\/v2\/posts\/18625\/revisions"}],"predecessor-version":[{"id":19038,"href":"https:\/\/www.wallendorff.com\/belogue\/wp-json\/wp\/v2\/posts\/18625\/revisions\/19038"}],"wp:featuredmedia":[{"embeddable":true,"href":"https:\/\/www.wallendorff.com\/belogue\/wp-json\/wp\/v2\/media\/26015"}],"wp:attachment":[{"href":"https:\/\/www.wallendorff.com\/belogue\/wp-json\/wp\/v2\/media?parent=18625"}],"wp:term":[{"taxonomy":"category","embeddable":true,"href":"https:\/\/www.wallendorff.com\/belogue\/wp-json\/wp\/v2\/categories?post=18625"},{"taxonomy":"post_tag","embeddable":true,"href":"https:\/\/www.wallendorff.com\/belogue\/wp-json\/wp\/v2\/tags?post=18625"}],"curies":[{"name":"wp","href":"https:\/\/api.w.org\/{rel}","templated":true}]}}