{"id":186,"date":"2006-07-05T18:36:27","date_gmt":"2006-07-05T18:36:27","guid":{"rendered":"http:\/\/www.po-l.com\/wordpress\/?p=186"},"modified":"2011-10-28T10:54:22","modified_gmt":"2011-10-28T08:54:22","slug":"be-eurocks-en-2006-day-1","status":"publish","type":"post","link":"https:\/\/www.wallendorff.com\/belogue\/2006\/07\/05\/be-eurocks-en-2006-day-1\/","title":{"rendered":"Be Eurocks en 2006, day #1."},"content":{"rendered":"\n<div id=\"photo\">\n<p><img decoding=\"async\" src=\"http:\/\/www.po-L.com\/belogue\/photo\/2006\/07\/20060705.jpg\" \/><\/p>\n<\/p><\/div>\n<p>[D&eacute;sol&eacute; pour le rendez-vous manqu&eacute; d&rsquo;hier, j&rsquo;ai &eacute;t&eacute; pris en otage par une bouteille de Sancerre.] <\/p>\n<div id=\"bandeson\">\n<p><img decoding=\"async\" src=\"https:\/\/www.wallendorff.com\/belogue\/photo\/pochettes\/m\/mademoiselle_k-ca_me_vexe.jpg\" align=\"left\" \/>&nbsp;<a href=\"http:\/\/www.mademoisellek.fr\">Mademoiselle K<\/a> &ndash; <em>\u00c7a sent l&rsquo;\u00e9t\u00e9<\/em>        <\/p>\n<\/div>\n<h1>Deftones, Grande Sc&egrave;ne, 19h30.<\/h1>ngg_shortcode_0_placeholder<h1>Two Gallants, La Plage, 20h50 <\/h1>ngg_shortcode_1_placeholder<h1>Dionysos &amp; Synfonietta, Grande Sc&egrave;ne, 21h55 <\/h1>ngg_shortcode_2_placeholder<h1>Polysics, La Loggia, 23h20<\/h1>ngg_shortcode_3_placeholder<h1>Le reste<\/h1>ngg_shortcode_4_placeholder","protected":false},"excerpt":{"rendered":"<p>[D&eacute;sol&eacute; pour le rendez-vous manqu&eacute; d&rsquo;hier, j&rsquo;ai &eacute;t&eacute; pris en otage par une bouteille de Sancerre.] &nbsp;Mademoiselle K &ndash; \u00c7a sent l&rsquo;\u00e9t\u00e9 Deftones, Grande Sc&egrave;ne, 19h30. Two Gallants, La Plage, 20h50 Dionysos &amp; Synfonietta, Grande Sc&egrave;ne, 21h55 Polysics, La Loggia, 23h20 Le reste<\/p>\n","protected":false},"author":1,"featured_media":24121,"comment_status":"open","ping_status":"open","sticky":false,"template":"","format":"standard","meta":{"_acf_changed":false,"ngg_post_thumbnail":0,"jetpack_post_was_ever_published":false,"_jetpack_newsletter_access":"","_jetpack_dont_email_post_to_subs":false,"_jetpack_newsletter_tier_id":0,"_jetpack_memberships_contains_paywalled_content":false,"_jetpack_memberships_contains_paid_content":false,"footnotes":"","jetpack_publicize_message":"","jetpack_publicize_feature_enabled":true,"jetpack_social_post_already_shared":false,"jetpack_social_options":{"image_generator_settings":{"template":"highway","default_image_id":0,"font":"","enabled":false},"version":2}},"categories":[7],"tags":[174,10084,10110,1667,132,1665,10113,10109,3351,10136,10120,10296,10138,1666,10295,10379],"class_list":["post-186","post","type-post","status-publish","format-standard","has-post-thumbnail","hentry","category-alive","tag-174","tag-alive","tag-belfort","tag-ca-sent-lete","tag-eos-20d","tag-deftones","tag-dionysos","tag-eurockeennes","tag-eurockeennes-2006","tag-festival","tag-france","tag-franche-comte","tag-mademoiselle-k","tag-polysics","tag-territoire-de-belfort","tag-two-gallants"],"acf":[],"geo":{"latitude":47.6851463,"longitude":6.8091631,"description":"Chemin de Cramenuz, 90300 Sermamagny, France"},"jetpack_publicize_connections":[],"jetpack_featured_media_url":"https:\/\/www.wallendorff.com\/belogue\/wp-content\/uploads\/2015\/04\/200607051.jpg","jetpack_shortlink":"https:\/\/wp.me\/p3b35P-30","jetpack_sharing_enabled":true,"jetpack-related-posts":[{"id":185,"url":"https:\/\/www.wallendorff.com\/belogue\/2006\/07\/03\/belfort-j-adoooooore\/","url_meta":{"origin":186,"position":0},"title":"Belfort j&rsquo;ad&ocirc;&ocirc;&ocirc;&ocirc;&ocirc;&ocirc;re.","author":"dpc","date":"3 juillet 2006","format":false,"excerpt":"Il y a eu du gros son, des gal\u00e8res, des rencontres, des rockers en p\u00e9dalo, des nuits blanches, des orgies de past\u00e8ques, un internat de lyc\u00e9e, un match de fouteballe, une claque \u00e9norme sur le Dionysos & Synfonietta malgr\u00e9 la coupure de courant, un Archive magistral et un Muse astronomique\u2026","rel":"","context":"Dans &quot;DPC&quot;","block_context":{"text":"DPC","link":"https:\/\/www.wallendorff.com\/belogue\/category\/dpc\/"},"img":{"alt_text":"","src":"https:\/\/i0.wp.com\/www.wallendorff.com\/belogue\/wp-content\/uploads\/2015\/04\/200607031.jpg?resize=350%2C200&ssl=1","width":350,"height":200,"srcset":"https:\/\/i0.wp.com\/www.wallendorff.com\/belogue\/wp-content\/uploads\/2015\/04\/200607031.jpg?resize=350%2C200&ssl=1 1x, https:\/\/i0.wp.com\/www.wallendorff.com\/belogue\/wp-content\/uploads\/2015\/04\/200607031.jpg?resize=525%2C300&ssl=1 1.5x, https:\/\/i0.wp.com\/www.wallendorff.com\/belogue\/wp-content\/uploads\/2015\/04\/200607031.jpg?resize=700%2C400&ssl=1 2x"},"classes":[]},{"id":125131,"url":"https:\/\/www.wallendorff.com\/belogue\/2023\/07\/03\/les-eurockeennes-2023-belfort-jour-4\/","url_meta":{"origin":186,"position":1},"title":"Les Eurock\u00e9ennes 2023, Belfort, jour 4.","author":"dpc","date":"3 juillet 2023","format":false,"excerpt":"1 sc\u00e8ne + 3 groupes dont 1 t\u00eate d'affiche qui limite les photographes et qui bloque l'acc\u00e8s au front de sc\u00e8ne = une maigre galerie. Chef and the Gang @ les Eurock\u00e9ennes, Belfort, 02\/07\/2023 Les Eurock\u00e9ennes, Belfort, 02\/07\/2023 Chef and the Gang @ les Eurock\u00e9ennes, Belfort, 02\/07\/2023 Les Eurock\u00e9ennes, Belfort,\u2026","rel":"","context":"Dans &quot;Alive&quot;","block_context":{"text":"Alive","link":"https:\/\/www.wallendorff.com\/belogue\/category\/alive\/"},"img":{"alt_text":"","src":"https:\/\/i0.wp.com\/www.wallendorff.com\/belogue\/wp-content\/uploads\/2023\/07\/20230703-07.jpg?resize=350%2C200&ssl=1","width":350,"height":200,"srcset":"https:\/\/i0.wp.com\/www.wallendorff.com\/belogue\/wp-content\/uploads\/2023\/07\/20230703-07.jpg?resize=350%2C200&ssl=1 1x, https:\/\/i0.wp.com\/www.wallendorff.com\/belogue\/wp-content\/uploads\/2023\/07\/20230703-07.jpg?resize=525%2C300&ssl=1 1.5x, https:\/\/i0.wp.com\/www.wallendorff.com\/belogue\/wp-content\/uploads\/2023\/07\/20230703-07.jpg?resize=700%2C400&ssl=1 2x, https:\/\/i0.wp.com\/www.wallendorff.com\/belogue\/wp-content\/uploads\/2023\/07\/20230703-07.jpg?resize=1050%2C600&ssl=1 3x"},"classes":[]},{"id":128605,"url":"https:\/\/www.wallendorff.com\/belogue\/2024\/06\/23\/cetait-2015\/","url_meta":{"origin":186,"position":2},"title":"C&rsquo;\u00e9tait 2015.","author":"dpc","date":"23 juin 2024","format":false,"excerpt":"2015, secousses. Paris, 7 janvier 2015. Mademoiselle K @ la Cigale, Paris, 26 janvier 2015 Vienne, 20 f\u00e9vrier 2015. New York, 13 mars 2015. Courtney Barnett @ les Femmes s\u2019en M\u00ealent, le Divan du Monde, Paris, 25 mars 2015 Wroc\u0142aw, 12 mai 2015. Eagles of Death Metal @ le Trianon,\u2026","rel":"","context":"Dans &quot;DPC&quot;","block_context":{"text":"DPC","link":"https:\/\/www.wallendorff.com\/belogue\/category\/dpc\/"},"img":{"alt_text":"","src":"https:\/\/i0.wp.com\/www.wallendorff.com\/belogue\/wp-content\/uploads\/2024\/06\/20240623-19.jpg?resize=350%2C200&ssl=1","width":350,"height":200,"srcset":"https:\/\/i0.wp.com\/www.wallendorff.com\/belogue\/wp-content\/uploads\/2024\/06\/20240623-19.jpg?resize=350%2C200&ssl=1 1x, https:\/\/i0.wp.com\/www.wallendorff.com\/belogue\/wp-content\/uploads\/2024\/06\/20240623-19.jpg?resize=525%2C300&ssl=1 1.5x, https:\/\/i0.wp.com\/www.wallendorff.com\/belogue\/wp-content\/uploads\/2024\/06\/20240623-19.jpg?resize=700%2C400&ssl=1 2x, https:\/\/i0.wp.com\/www.wallendorff.com\/belogue\/wp-content\/uploads\/2024\/06\/20240623-19.jpg?resize=1050%2C600&ssl=1 3x"},"classes":[]},{"id":817,"url":"https:\/\/www.wallendorff.com\/belogue\/2006\/10\/29\/dionysos-wsg-synfonietta-de-belfort-le-zenith-paris\/","url_meta":{"origin":186,"position":3},"title":"Dionysos wsg Synfonietta de Belfort @ le Z\u00e9nith, Paris.","author":"dpc","date":"29 octobre 2006","format":false,"excerpt":"Tu prends le Z\u00e9nith, tu le retournes et tu t'en vas. Groupe d\u00e9cha\u00een\u00e9 comme \u00e0 son habitude, 150\u00a0cm de son leader furieusement fid\u00e8le \u00e0 lui-m\u00eame, le tout soutenu par les 60 musiciens de la Synfonietta de Belfort d\u00e9j\u00e0 pr\u00e9sents aux Eurock\u00e9ennes, mais sans les \u00e9cureuils-mangeurs-de-fils qui y avaient g\u00e2ch\u00e9 la\u2026","rel":"","context":"Dans &quot;Alive&quot;","block_context":{"text":"Alive","link":"https:\/\/www.wallendorff.com\/belogue\/category\/alive\/"},"img":{"alt_text":"","src":"https:\/\/i0.wp.com\/www.wallendorff.com\/belogue\/wp-content\/uploads\/2015\/04\/200610291.jpg?resize=350%2C200&ssl=1","width":350,"height":200,"srcset":"https:\/\/i0.wp.com\/www.wallendorff.com\/belogue\/wp-content\/uploads\/2015\/04\/200610291.jpg?resize=350%2C200&ssl=1 1x, https:\/\/i0.wp.com\/www.wallendorff.com\/belogue\/wp-content\/uploads\/2015\/04\/200610291.jpg?resize=525%2C300&ssl=1 1.5x, https:\/\/i0.wp.com\/www.wallendorff.com\/belogue\/wp-content\/uploads\/2015\/04\/200610291.jpg?resize=700%2C400&ssl=1 2x"},"classes":[]},{"id":124968,"url":"https:\/\/www.wallendorff.com\/belogue\/2023\/07\/01\/les-eurockeennes-2023-belfort-jour-2\/","url_meta":{"origin":186,"position":4},"title":"Les Eurock\u00e9ennes 2023, Belfort, jour 2.","author":"dpc","date":"1 juillet 2023","format":false,"excerpt":"Les Eurock\u00e9ennes, Belfort, 30\/06\/2023 Les Eurock\u00e9ennes, Belfort, 30\/06\/2023 Les Eurock\u00e9ennes, Belfort, 30\/06\/2023 Yard Act @ les Eurock\u00e9ennes, Belfort, 30\/06\/2023 Yard Act @ les Eurock\u00e9ennes, Belfort, 30\/06\/2023 Yard Act @ les Eurock\u00e9ennes, Belfort, 30\/06\/2023 Les Eurock\u00e9ennes, Belfort, 30\/06\/2023 Yard Act @ les Eurock\u00e9ennes, Belfort, 30\/06\/2023 Yard Act @ les Eurock\u00e9ennes, Belfort,\u2026","rel":"","context":"Dans &quot;Alive&quot;","block_context":{"text":"Alive","link":"https:\/\/www.wallendorff.com\/belogue\/category\/alive\/"},"img":{"alt_text":"","src":"https:\/\/i0.wp.com\/www.wallendorff.com\/belogue\/wp-content\/uploads\/2023\/07\/20230701-74.jpg?resize=350%2C200&ssl=1","width":350,"height":200,"srcset":"https:\/\/i0.wp.com\/www.wallendorff.com\/belogue\/wp-content\/uploads\/2023\/07\/20230701-74.jpg?resize=350%2C200&ssl=1 1x, https:\/\/i0.wp.com\/www.wallendorff.com\/belogue\/wp-content\/uploads\/2023\/07\/20230701-74.jpg?resize=525%2C300&ssl=1 1.5x, https:\/\/i0.wp.com\/www.wallendorff.com\/belogue\/wp-content\/uploads\/2023\/07\/20230701-74.jpg?resize=700%2C400&ssl=1 2x, https:\/\/i0.wp.com\/www.wallendorff.com\/belogue\/wp-content\/uploads\/2023\/07\/20230701-74.jpg?resize=1050%2C600&ssl=1 3x"},"classes":[]},{"id":132705,"url":"https:\/\/www.wallendorff.com\/belogue\/2025\/07\/07\/les-eurockeennes-2025-belfort-jour-4\/","url_meta":{"origin":186,"position":5},"title":"Les Eurock\u00e9ennes 2025, Belfort, jour 4.","author":"dpc","date":"7 juillet 2025","format":false,"excerpt":"Les Eurock\u00e9ennes, Belfort, 06\/07\/2024 Molotovs @ les Eurock\u00e9ennes, Belfort, 06\/07\/2025 Molotovs @ les Eurock\u00e9ennes, Belfort, 06\/07\/2025 Molotovs @ les Eurock\u00e9ennes, Belfort, 06\/07\/2025 Molotovs @ les Eurock\u00e9ennes, Belfort, 06\/07\/2025 Molotovs @ les Eurock\u00e9ennes, Belfort, 06\/07\/2025 Molotovs @ les Eurock\u00e9ennes, Belfort, 06\/07\/2025 Molotovs @ les Eurock\u00e9ennes, Belfort, 06\/07\/2025 Molotovs @ les Eurock\u00e9ennes,\u2026","rel":"","context":"Dans &quot;Alive&quot;","block_context":{"text":"Alive","link":"https:\/\/www.wallendorff.com\/belogue\/category\/alive\/"},"img":{"alt_text":"","src":"https:\/\/i0.wp.com\/www.wallendorff.com\/belogue\/wp-content\/uploads\/2025\/07\/20250707-08.jpg?resize=350%2C200&ssl=1","width":350,"height":200,"srcset":"https:\/\/i0.wp.com\/www.wallendorff.com\/belogue\/wp-content\/uploads\/2025\/07\/20250707-08.jpg?resize=350%2C200&ssl=1 1x, https:\/\/i0.wp.com\/www.wallendorff.com\/belogue\/wp-content\/uploads\/2025\/07\/20250707-08.jpg?resize=525%2C300&ssl=1 1.5x, https:\/\/i0.wp.com\/www.wallendorff.com\/belogue\/wp-content\/uploads\/2025\/07\/20250707-08.jpg?resize=700%2C400&ssl=1 2x, https:\/\/i0.wp.com\/www.wallendorff.com\/belogue\/wp-content\/uploads\/2025\/07\/20250707-08.jpg?resize=1050%2C600&ssl=1 3x"},"classes":[]}],"_links":{"self":[{"href":"https:\/\/www.wallendorff.com\/belogue\/wp-json\/wp\/v2\/posts\/186","targetHints":{"allow":["GET"]}}],"collection":[{"href":"https:\/\/www.wallendorff.com\/belogue\/wp-json\/wp\/v2\/posts"}],"about":[{"href":"https:\/\/www.wallendorff.com\/belogue\/wp-json\/wp\/v2\/types\/post"}],"author":[{"embeddable":true,"href":"https:\/\/www.wallendorff.com\/belogue\/wp-json\/wp\/v2\/users\/1"}],"replies":[{"embeddable":true,"href":"https:\/\/www.wallendorff.com\/belogue\/wp-json\/wp\/v2\/comments?post=186"}],"version-history":[{"count":6,"href":"https:\/\/www.wallendorff.com\/belogue\/wp-json\/wp\/v2\/posts\/186\/revisions"}],"predecessor-version":[{"id":14186,"href":"https:\/\/www.wallendorff.com\/belogue\/wp-json\/wp\/v2\/posts\/186\/revisions\/14186"}],"wp:featuredmedia":[{"embeddable":true,"href":"https:\/\/www.wallendorff.com\/belogue\/wp-json\/wp\/v2\/media\/24121"}],"wp:attachment":[{"href":"https:\/\/www.wallendorff.com\/belogue\/wp-json\/wp\/v2\/media?parent=186"}],"wp:term":[{"taxonomy":"category","embeddable":true,"href":"https:\/\/www.wallendorff.com\/belogue\/wp-json\/wp\/v2\/categories?post=186"},{"taxonomy":"post_tag","embeddable":true,"href":"https:\/\/www.wallendorff.com\/belogue\/wp-json\/wp\/v2\/tags?post=186"}],"curies":[{"name":"wp","href":"https:\/\/api.w.org\/{rel}","templated":true}]}}