{"id":18582,"date":"2012-08-09T14:48:38","date_gmt":"2012-08-09T12:48:38","guid":{"rendered":"http:\/\/www.po-L.com\/belogue\/?p=18582"},"modified":"2012-09-28T18:55:18","modified_gmt":"2012-09-28T16:55:18","slug":"cocktails-spirits-2012","status":"publish","type":"post","link":"https:\/\/www.wallendorff.com\/belogue\/2012\/08\/09\/cocktails-spirits-2012\/","title":{"rendered":"Cocktails Spirits 2012"},"content":{"rendered":"\n<div id=\"photo\">\n<p><img decoding=\"async\" src=\"https:\/\/www.wallendorff.com\/belogue\/photo\/2012\/08\/20120809.jpg\"><\/p>\n<\/p><\/div>\n<p>Pour la deuxi&egrave;me ann&eacute;e, <a href=\"http:\/\/www.liquidliquid.com\/\">Liquid Liquid<\/a> m&rsquo;a &ndash;&nbsp;enfin <em>nous<\/em> a, puisque nous &eacute;tions deux photographes&nbsp;&ndash; demand&eacute; de chouter le salon Cocktails Spirits 2012. C&rsquo;est sportif &agrave; photographier, <a href=\"http:\/\/cocktailspirits.com\/\">Cocktail Spirits<\/a>, car tout comme pour les groupes de rock et roll, on obtient de plus jolies photos des gens qu&rsquo;on a appris &agrave; conna&icirc;tre. Et pour apprendre &agrave; conna&icirc;tre les gens d&rsquo;un stand, il faut go&ucirc;ter ce qu&rsquo;ils proposent. Puis recommencer avec les gens des 22 stands qui suivent, ce qui peut finir par &ecirc;tre compliqu&eacute;, qu&rsquo;est-ce qu&rsquo;on ferait pas par amour de l&rsquo;&Acirc;&acirc;rt quand m&ecirc;me.<\/p>\n<p style=\"text-align:right\">Mais je m&rsquo;&eacute;gare. &Ccedil;a fait du bien de changer de discipline, de temps en temps. Merci &agrave; Liquid Liquid pour leur confiance et merci au gros.<\/p>\n<div id=\"bandeson\">\n<p><img decoding=\"async\" src=\"https:\/\/www.wallendorff.com\/belogue\/photo\/pochettes\/k\/kasabian-live.jpg\" align=\"left\" \/><a href=\"http:\/\/www.kasabian.co.uk\/\">Kasabian<\/a> &ndash; <a style=\"font-weight:normal\" id=\"lienmp3\" href=\"http:\/\/www.youtube.com\/watch?v=AIcMLsDC3u4\"><em>Fast Fuse<\/em> \/ <em>Misirlou<\/em> (Dick Dale cover) (live)<\/a><\/p>\n<\/p><\/div>ngg_shortcode_0_placeholder","protected":false},"excerpt":{"rendered":"<p>Pour la deuxi&egrave;me ann&eacute;e, Liquid Liquid m&rsquo;a &ndash;&nbsp;enfin nous a, puisque nous &eacute;tions deux photographes&nbsp;&ndash; demand&eacute; de chouter le salon Cocktails Spirits 2012. C&rsquo;est sportif &agrave; photographier, Cocktail Spirits, car tout comme pour les groupes de rock et roll, on obtient de plus jolies photos des gens qu&rsquo;on a appris &agrave; conna&icirc;tre. Et pour apprendre&hellip;<\/p>\n","protected":false},"author":1,"featured_media":25993,"comment_status":"open","ping_status":"open","sticky":false,"template":"","format":"standard","meta":{"_acf_changed":false,"ngg_post_thumbnail":0,"jetpack_post_was_ever_published":false,"_jetpack_newsletter_access":"","_jetpack_dont_email_post_to_subs":false,"_jetpack_newsletter_tier_id":0,"_jetpack_memberships_contains_paywalled_content":false,"_jetpack_memberships_contains_paid_content":false,"footnotes":"","jetpack_publicize_message":"","jetpack_publicize_feature_enabled":true,"jetpack_social_post_already_shared":false,"jetpack_social_options":{"image_generator_settings":{"template":"highway","default_image_id":0,"font":"","enabled":false},"version":2}},"categories":[7],"tags":[10277,10115,10906,10693,2571,196,187,2615,10907,11113,6346,10789,3083,10120,10121,10241,6345,10098,10686],"class_list":["post-18582","post","type-post","status-publish","format-standard","has-post-thumbnail","hentry","category-alive","tag-10277","tag-bar","tag-boulevard-de-la-bastille","tag-bouteille","tag-ef-16-35-mm-f28l-ii-usm","tag-ef-28-70-mm-f28l-usm","tag-eos-1d-mark-ii","tag-eos-5d-mark-ii","tag-cocktails-spirits","tag-cocktails-spirits-2012","tag-dick-dale","tag-etagere","tag-fast-fuse","tag-france","tag-ile-de-france","tag-kasabian","tag-misirlou","tag-paris","tag-salon"],"acf":[],"geo":{"latitude":48.8471718,"longitude":2.3677311,"description":"8 Boulevard de la Bastille, 75012 Paris, France"},"jetpack_publicize_connections":[],"jetpack_featured_media_url":"https:\/\/www.wallendorff.com\/belogue\/wp-content\/uploads\/2015\/04\/201208091.jpg","jetpack_shortlink":"https:\/\/wp.me\/p3b35P-4PI","jetpack_sharing_enabled":true,"jetpack-related-posts":[{"id":12955,"url":"https:\/\/www.wallendorff.com\/belogue\/2011\/06\/30\/commente-bocal\/","url_meta":{"origin":18582,"position":0},"title":"Commente bocal.","author":"dpc","date":"30 juin 2011","format":false,"excerpt":"La Maison Rouge, Paris, 6 juin. \u00a0Black Lips \u2013 Modern Art","rel":"","context":"Dans &quot;DPC&quot;","block_context":{"text":"DPC","link":"https:\/\/www.wallendorff.com\/belogue\/category\/dpc\/"},"img":{"alt_text":"","src":"https:\/\/i0.wp.com\/www.wallendorff.com\/belogue\/wp-content\/uploads\/2015\/04\/201106301.jpg?resize=350%2C200&ssl=1","width":350,"height":200},"classes":[]},{"id":4257,"url":"https:\/\/www.wallendorff.com\/belogue\/2009\/06\/03\/maximo-park-i-heart-hiroshima-le-trabendo-paris\/","url_meta":{"origin":18582,"position":1},"title":"Max\u00efmo Park + I Heart Hiroshima @ le Trabendo, Paris.","author":"dpc","date":"3 juin 2009","format":false,"excerpt":"\u00a0White Lies \u2013 To Lose My Life Il faut toujours courir chouter Max\u00efmo Park, parce qu'on est presque s\u00fbr de ressortir de la fosse avec des trucs dans le genre de la photo ci-dessus ou de ces fameuses archives, ici et l\u00e0. Peu importe la salle. \u00c7a marche \u00e0 tous\u2026","rel":"","context":"Dans &quot;Alive&quot;","block_context":{"text":"Alive","link":"https:\/\/www.wallendorff.com\/belogue\/category\/alive\/"},"img":{"alt_text":"","src":"https:\/\/i0.wp.com\/www.wallendorff.com\/belogue\/wp-content\/uploads\/2015\/04\/200906031.jpg?resize=350%2C200&ssl=1","width":350,"height":200,"srcset":"https:\/\/i0.wp.com\/www.wallendorff.com\/belogue\/wp-content\/uploads\/2015\/04\/200906031.jpg?resize=350%2C200&ssl=1 1x, https:\/\/i0.wp.com\/www.wallendorff.com\/belogue\/wp-content\/uploads\/2015\/04\/200906031.jpg?resize=525%2C300&ssl=1 1.5x, https:\/\/i0.wp.com\/www.wallendorff.com\/belogue\/wp-content\/uploads\/2015\/04\/200906031.jpg?resize=700%2C400&ssl=1 2x"},"classes":[]},{"id":32697,"url":"https:\/\/www.wallendorff.com\/belogue\/2016\/10\/20\/the-kills-lolympia-paris\/","url_meta":{"origin":18582,"position":2},"title":"The Kills @ l&rsquo;Olympia, Paris.","author":"dpc","date":"20 octobre 2016","format":false,"excerpt":"J'esp\u00e8re que vous aimez les noirs et blancs p\u00e2teux, les violents contres-jours et les gens rendus flous \u00e0 cause du photographe qui tenait absolument restituer les mouvements de cheveux de Mosshart et a pour ce faire choisi une vitesse trop lente bigre que cette phrase est trop longue. 12 ann\u00e9es\u2026","rel":"","context":"Dans &quot;Alive&quot;","block_context":{"text":"Alive","link":"https:\/\/www.wallendorff.com\/belogue\/category\/alive\/"},"img":{"alt_text":"","src":"https:\/\/i0.wp.com\/www.wallendorff.com\/belogue\/wp-content\/uploads\/2016\/10\/20161020-10-1.jpg?resize=350%2C200&ssl=1","width":350,"height":200,"srcset":"https:\/\/i0.wp.com\/www.wallendorff.com\/belogue\/wp-content\/uploads\/2016\/10\/20161020-10-1.jpg?resize=350%2C200&ssl=1 1x, https:\/\/i0.wp.com\/www.wallendorff.com\/belogue\/wp-content\/uploads\/2016\/10\/20161020-10-1.jpg?resize=525%2C300&ssl=1 1.5x, https:\/\/i0.wp.com\/www.wallendorff.com\/belogue\/wp-content\/uploads\/2016\/10\/20161020-10-1.jpg?resize=700%2C400&ssl=1 2x"},"classes":[]},{"id":3756,"url":"https:\/\/www.wallendorff.com\/belogue\/2009\/01\/01\/neuf-tabasse1\/","url_meta":{"origin":18582,"position":3},"title":"Neuf tabasse1.","author":"dpc","date":"1 janvier 2009","format":false,"excerpt":"Rue du Pont-des-Roches, Metz, 29 d\u00e9cembre 2008. Tous en ch\u0153ur, souhaitons-nous la belle et bonne et rigolons d\u00e8s l'aube de l'ann\u00e9e sur ce joli exemple de syntaxe anglaise Burger King qu'on m'a gentiment envoy\u00e9 de D\u00e9troit. Meilleurs v\u0153ux, les gens. Jack White \u2013 Christmas Time Will Soon Be Over _____\u2026","rel":"","context":"Dans &quot;DPC&quot;","block_context":{"text":"DPC","link":"https:\/\/www.wallendorff.com\/belogue\/category\/dpc\/"},"img":{"alt_text":"","src":"https:\/\/i0.wp.com\/www.wallendorff.com\/belogue\/wp-content\/uploads\/2015\/04\/200901012.jpg?resize=350%2C200&ssl=1","width":350,"height":200,"srcset":"https:\/\/i0.wp.com\/www.wallendorff.com\/belogue\/wp-content\/uploads\/2015\/04\/200901012.jpg?resize=350%2C200&ssl=1 1x, https:\/\/i0.wp.com\/www.wallendorff.com\/belogue\/wp-content\/uploads\/2015\/04\/200901012.jpg?resize=525%2C300&ssl=1 1.5x"},"classes":[]},{"id":21380,"url":"https:\/\/www.wallendorff.com\/belogue\/2013\/08\/01\/paleo-festival-nyon-jour-2\/","url_meta":{"origin":18582,"position":4},"title":"Pal\u00e9o Festival 2013, Nyon &#8211; jour 2","author":"dpc","date":"1 ao\u00fbt 2013","format":false,"excerpt":"Quand Arctic Monkeys sont apparus, je les ai vus tous les mois\u00a0: une interview chez Radio France, la Black Session qui allait avec, un Trabendo, un Bataclan puis une deuxi\u00e8me interview derri\u00e8re la sc\u00e8ne du chapiteau des Eurock\u00e9ennes. Et puis plus rien, pour des raisons\u00a0de calendriers incompatibles et de quelques\u2026","rel":"","context":"Dans &quot;Alive&quot;","block_context":{"text":"Alive","link":"https:\/\/www.wallendorff.com\/belogue\/category\/alive\/"},"img":{"alt_text":"","src":"https:\/\/i0.wp.com\/www.wallendorff.com\/belogue\/wp-content\/uploads\/2015\/04\/201308011.jpg?resize=350%2C200&ssl=1","width":350,"height":200,"srcset":"https:\/\/i0.wp.com\/www.wallendorff.com\/belogue\/wp-content\/uploads\/2015\/04\/201308011.jpg?resize=350%2C200&ssl=1 1x, https:\/\/i0.wp.com\/www.wallendorff.com\/belogue\/wp-content\/uploads\/2015\/04\/201308011.jpg?resize=525%2C300&ssl=1 1.5x, https:\/\/i0.wp.com\/www.wallendorff.com\/belogue\/wp-content\/uploads\/2015\/04\/201308011.jpg?resize=700%2C400&ssl=1 2x"},"classes":[]},{"id":4504,"url":"https:\/\/www.wallendorff.com\/belogue\/2009\/08\/23\/back-tout-basque\/","url_meta":{"origin":18582,"position":5},"title":"Back tout basque.","author":"dpc","date":"23 ao\u00fbt 2009","format":false,"excerpt":"Ibarron, 20 ao\u00fbt. Bishop Allen \u2013 Click, Click, Click, Click Six jours loin de tout \u00e0 se recentrer sur l'essentiel \u2015\u00a0\u00e0 savoir l'estomac, le foie, le capital sommeil et un front tout propre pour coller des post-its dessus\u00a0\u2015 avant de se pencher sur une rentr\u00e9e qu'on l'esp\u00e8re dans l'ordre, pour\u2026","rel":"","context":"Dans &quot;DPC&quot;","block_context":{"text":"DPC","link":"https:\/\/www.wallendorff.com\/belogue\/category\/dpc\/"},"img":{"alt_text":"","src":"https:\/\/i0.wp.com\/www.wallendorff.com\/belogue\/wp-content\/uploads\/2015\/04\/20090823-161.jpg?resize=350%2C200&ssl=1","width":350,"height":200,"srcset":"https:\/\/i0.wp.com\/www.wallendorff.com\/belogue\/wp-content\/uploads\/2015\/04\/20090823-161.jpg?resize=350%2C200&ssl=1 1x, https:\/\/i0.wp.com\/www.wallendorff.com\/belogue\/wp-content\/uploads\/2015\/04\/20090823-161.jpg?resize=525%2C300&ssl=1 1.5x"},"classes":[]}],"_links":{"self":[{"href":"https:\/\/www.wallendorff.com\/belogue\/wp-json\/wp\/v2\/posts\/18582","targetHints":{"allow":["GET"]}}],"collection":[{"href":"https:\/\/www.wallendorff.com\/belogue\/wp-json\/wp\/v2\/posts"}],"about":[{"href":"https:\/\/www.wallendorff.com\/belogue\/wp-json\/wp\/v2\/types\/post"}],"author":[{"embeddable":true,"href":"https:\/\/www.wallendorff.com\/belogue\/wp-json\/wp\/v2\/users\/1"}],"replies":[{"embeddable":true,"href":"https:\/\/www.wallendorff.com\/belogue\/wp-json\/wp\/v2\/comments?post=18582"}],"version-history":[{"count":7,"href":"https:\/\/www.wallendorff.com\/belogue\/wp-json\/wp\/v2\/posts\/18582\/revisions"}],"predecessor-version":[{"id":19133,"href":"https:\/\/www.wallendorff.com\/belogue\/wp-json\/wp\/v2\/posts\/18582\/revisions\/19133"}],"wp:featuredmedia":[{"embeddable":true,"href":"https:\/\/www.wallendorff.com\/belogue\/wp-json\/wp\/v2\/media\/25993"}],"wp:attachment":[{"href":"https:\/\/www.wallendorff.com\/belogue\/wp-json\/wp\/v2\/media?parent=18582"}],"wp:term":[{"taxonomy":"category","embeddable":true,"href":"https:\/\/www.wallendorff.com\/belogue\/wp-json\/wp\/v2\/categories?post=18582"},{"taxonomy":"post_tag","embeddable":true,"href":"https:\/\/www.wallendorff.com\/belogue\/wp-json\/wp\/v2\/tags?post=18582"}],"curies":[{"name":"wp","href":"https:\/\/api.w.org\/{rel}","templated":true}]}}