{"id":185,"date":"2006-07-03T22:20:30","date_gmt":"2006-07-03T22:20:30","guid":{"rendered":"http:\/\/www.po-l.com\/wordpress\/?p=185"},"modified":"2011-10-28T10:57:07","modified_gmt":"2011-10-28T08:57:07","slug":"belfort-j-adoooooore","status":"publish","type":"post","link":"https:\/\/www.wallendorff.com\/belogue\/2006\/07\/03\/belfort-j-adoooooore\/","title":{"rendered":"Belfort j&rsquo;ad&ocirc;&ocirc;&ocirc;&ocirc;&ocirc;&ocirc;re."},"content":{"rendered":"\n<div id=\"photo\">\n<p><img decoding=\"async\" src=\"http:\/\/www.po-L.com\/belogue\/photo\/2006\/07\/20060703.jpg\" \/><\/p>\n<\/p><\/div>\n<p>Il y a eu du gros son, des gal&egrave;res, des rencontres, des rockers en p&eacute;dalo, des nuits blanches, des orgies de past&egrave;ques, un internat de lyc&eacute;e, un match de fouteballe, une claque &eacute;norme sur le Dionysos &amp; Synfonietta malgr&eacute; la coupure de courant, un Archive magistral et un Muse astronomique entre autres trucs jouissifs&nbsp;: Des Strokes, des Depeche Mode, des Sigur R&oacute;s, des Two Gallants, un Katerine en slip scandant &laquo;&nbsp;Et un, et un, et un z&eacute;ro&nbsp;&raquo;.<\/p>\n<p>Et il y a eu enfin un retour long, collant et confin&eacute;, apr&egrave;s lequel je vais plut&ocirc;t aller roquer en paix dans mon pieu, tiens.<\/p>\n<p>Les photos demain.<\/p>\n<div id=\"bandeson\">\n<p><img decoding=\"async\" src=\"https:\/\/www.wallendorff.com\/belogue\/photo\/pochettes\/a\/archive-lights.jpg\" align=\"left\" \/>&nbsp;<a href=\"http:\/\/www.archiveofficial.com\/\">Archive<\/a> &ndash; <em>Lights<\/em>        <\/p>\n<\/div>\n","protected":false},"excerpt":{"rendered":"<p>Il y a eu du gros son, des gal&egrave;res, des rencontres, des rockers en p&eacute;dalo, des nuits blanches, des orgies de past&egrave;ques, un internat de lyc&eacute;e, un match de fouteballe, une claque &eacute;norme sur le Dionysos &amp; Synfonietta malgr&eacute; la coupure de courant, un Archive magistral et un Muse astronomique entre autres trucs jouissifs&nbsp;: Des&hellip;<\/p>\n","protected":false},"author":1,"featured_media":24120,"comment_status":"open","ping_status":"open","sticky":false,"template":"","format":"standard","meta":{"_acf_changed":false,"ngg_post_thumbnail":0,"jetpack_post_was_ever_published":false,"_jetpack_newsletter_access":"","_jetpack_dont_email_post_to_subs":false,"_jetpack_newsletter_tier_id":0,"_jetpack_memberships_contains_paywalled_content":false,"_jetpack_memberships_contains_paid_content":false,"footnotes":"","jetpack_publicize_message":"","jetpack_publicize_feature_enabled":true,"jetpack_social_post_already_shared":false,"jetpack_social_options":{"image_generator_settings":{"template":"highway","default_image_id":0,"font":"","enabled":false},"version":2}},"categories":[3],"tags":[174,10084,10193,10110,142,132,10109,3351,10136,10120,10296,1550,770,10295],"class_list":["post-185","post","type-post","status-publish","format-standard","has-post-thumbnail","hentry","category-dpc","tag-174","tag-alive","tag-archive","tag-belfort","tag-ef-s-10-22-mm-f35-45-usm","tag-eos-20d","tag-eurockeennes","tag-eurockeennes-2006","tag-festival","tag-france","tag-franche-comte","tag-lights","tag-rouge","tag-territoire-de-belfort"],"acf":[],"geo":{"latitude":47.6862373,"longitude":6.8086481,"description":null},"jetpack_publicize_connections":[],"jetpack_featured_media_url":"https:\/\/www.wallendorff.com\/belogue\/wp-content\/uploads\/2015\/04\/200607031.jpg","jetpack_shortlink":"https:\/\/wp.me\/p3b35P-2Z","jetpack_sharing_enabled":true,"jetpack-related-posts":[{"id":21283,"url":"https:\/\/www.wallendorff.com\/belogue\/2013\/07\/10\/les-eurockeennes-belfort-5-juillet\/","url_meta":{"origin":185,"position":0},"title":"Les Eurock\u00e9ennes, Belfort, 5 juillet.","author":"dpc","date":"10 juillet 2013","format":false,"excerpt":"Manger du lard, errer dans la poussi\u00e8re, boire des bi\u00e8res, voir le coucher de soleil, re-boire des bi\u00e8res, regarder la radio, tra\u00eener au milieu des cadavres, finir dans une tente et rentrer sans ses pieds. L'ensemble des photos est sous ce mot-clef. She's Dead to Me The Von Bondies \u00a0","rel":"","context":"Dans &quot;Alive&quot;","block_context":{"text":"Alive","link":"https:\/\/www.wallendorff.com\/belogue\/category\/alive\/"},"img":{"alt_text":"","src":"https:\/\/i0.wp.com\/www.wallendorff.com\/belogue\/wp-content\/uploads\/2015\/04\/201307101.jpg?resize=350%2C200&ssl=1","width":350,"height":200,"srcset":"https:\/\/i0.wp.com\/www.wallendorff.com\/belogue\/wp-content\/uploads\/2015\/04\/201307101.jpg?resize=350%2C200&ssl=1 1x, https:\/\/i0.wp.com\/www.wallendorff.com\/belogue\/wp-content\/uploads\/2015\/04\/201307101.jpg?resize=525%2C300&ssl=1 1.5x, https:\/\/i0.wp.com\/www.wallendorff.com\/belogue\/wp-content\/uploads\/2015\/04\/201307101.jpg?resize=700%2C400&ssl=1 2x"},"classes":[]},{"id":129128,"url":"https:\/\/www.wallendorff.com\/belogue\/2024\/07\/07\/les-eurockeennes-2024-belfort-jour-3\/","url_meta":{"origin":185,"position":1},"title":"Les Eurock\u00e9ennes 2024, Belfort, jour 3.","author":"dpc","date":"7 juillet 2024","format":false,"excerpt":"Et on finit par une \u00e9pique journ\u00e9e bien bien boueuse des familles. Je m'arr\u00eate l\u00e0 pour cette ann\u00e9e. \u00c0 l'ann\u00e9e prochaine ? Les Eurock\u00e9ennes, Belfort, 06\/07\/2024 Bar Italia @ les Eurock\u00e9ennes, Belfort, 06\/07\/2024 Les Eurock\u00e9ennes, Belfort, 06\/07\/2024 Bar Italia @ les Eurock\u00e9ennes, Belfort, 06\/07\/2024 Les Eurock\u00e9ennes, Belfort, 06\/07\/2024 Bar Italia\u2026","rel":"","context":"Dans &quot;Alive&quot;","block_context":{"text":"Alive","link":"https:\/\/www.wallendorff.com\/belogue\/category\/alive\/"},"img":{"alt_text":"","src":"https:\/\/i0.wp.com\/www.wallendorff.com\/belogue\/wp-content\/uploads\/2024\/07\/20240707-81.jpg?resize=350%2C200&ssl=1","width":350,"height":200,"srcset":"https:\/\/i0.wp.com\/www.wallendorff.com\/belogue\/wp-content\/uploads\/2024\/07\/20240707-81.jpg?resize=350%2C200&ssl=1 1x, https:\/\/i0.wp.com\/www.wallendorff.com\/belogue\/wp-content\/uploads\/2024\/07\/20240707-81.jpg?resize=525%2C300&ssl=1 1.5x, https:\/\/i0.wp.com\/www.wallendorff.com\/belogue\/wp-content\/uploads\/2024\/07\/20240707-81.jpg?resize=700%2C400&ssl=1 2x, https:\/\/i0.wp.com\/www.wallendorff.com\/belogue\/wp-content\/uploads\/2024\/07\/20240707-81.jpg?resize=1050%2C600&ssl=1 3x"},"classes":[]},{"id":21294,"url":"https:\/\/www.wallendorff.com\/belogue\/2013\/07\/11\/les-eurockeennes-belfort-6-juillet\/","url_meta":{"origin":185,"position":2},"title":"Les Eurock\u00e9ennes, Belfort, 6 juillet.","author":"dpc","date":"11 juillet 2013","format":false,"excerpt":"Faire des photos sur un ponton, arriver pile pour les Sch'trip's, passer au vestiaire \u00e0 picole, trouver BRMC programm\u00e9s t\u00f4t, marcher sur des comateux, se faire un coucher de soleil \u00e0 la plage, retourner au Boulot, se noyer dans la foule de Fauve, se placer pile o\u00f9 il faut \u00e0\u2026","rel":"","context":"Dans &quot;Alive&quot;","block_context":{"text":"Alive","link":"https:\/\/www.wallendorff.com\/belogue\/category\/alive\/"},"img":{"alt_text":"","src":"https:\/\/i0.wp.com\/www.wallendorff.com\/belogue\/wp-content\/uploads\/2015\/04\/201307111.jpg?resize=350%2C200&ssl=1","width":350,"height":200,"srcset":"https:\/\/i0.wp.com\/www.wallendorff.com\/belogue\/wp-content\/uploads\/2015\/04\/201307111.jpg?resize=350%2C200&ssl=1 1x, https:\/\/i0.wp.com\/www.wallendorff.com\/belogue\/wp-content\/uploads\/2015\/04\/201307111.jpg?resize=525%2C300&ssl=1 1.5x, https:\/\/i0.wp.com\/www.wallendorff.com\/belogue\/wp-content\/uploads\/2015\/04\/201307111.jpg?resize=700%2C400&ssl=1 2x"},"classes":[]},{"id":45943,"url":"https:\/\/www.wallendorff.com\/belogue\/2020\/07\/06\/17-ans-deurockeennes-2003-2009\/","url_meta":{"origin":185,"position":3},"title":"17 ans d&rsquo;Eurock\u00e9ennes : 2003 \u2013 2009","author":"dpc","date":"6 juillet 2020","format":false,"excerpt":"Bon j'ai plut\u00f4t 19 ans d'Eurock\u00e9ennes au compteur puisque j'ai \u00e9galement assist\u00e9 \u00e0 l'\u00e9dition 2001, mais depuis le public. Enfin on va pas chipoter. Puisque nous en sommes priv\u00e9s cette ann\u00e9e, je vous remets des archives des 12 \u00e9ditions que j'ai photographi\u00e9es pour nous rappeler le bon temps des festivals\u2026","rel":"","context":"Dans &quot;Alive&quot;","block_context":{"text":"Alive","link":"https:\/\/www.wallendorff.com\/belogue\/category\/alive\/"},"img":{"alt_text":"","src":"https:\/\/i0.wp.com\/www.wallendorff.com\/belogue\/wp-content\/uploads\/2020\/07\/20200706-42.jpg?resize=350%2C200&ssl=1","width":350,"height":200,"srcset":"https:\/\/i0.wp.com\/www.wallendorff.com\/belogue\/wp-content\/uploads\/2020\/07\/20200706-42.jpg?resize=350%2C200&ssl=1 1x, https:\/\/i0.wp.com\/www.wallendorff.com\/belogue\/wp-content\/uploads\/2020\/07\/20200706-42.jpg?resize=525%2C300&ssl=1 1.5x, https:\/\/i0.wp.com\/www.wallendorff.com\/belogue\/wp-content\/uploads\/2020\/07\/20200706-42.jpg?resize=700%2C400&ssl=1 2x, https:\/\/i0.wp.com\/www.wallendorff.com\/belogue\/wp-content\/uploads\/2020\/07\/20200706-42.jpg?resize=1050%2C600&ssl=1 3x"},"classes":[]},{"id":21269,"url":"https:\/\/www.wallendorff.com\/belogue\/2013\/07\/09\/les-eurockeennes-belfort-4-juillet\/","url_meta":{"origin":185,"position":4},"title":"Les Eurock\u00e9ennes, Belfort, 4 juillet.","author":"dpc","date":"9 juillet 2013","format":false,"excerpt":"Arriver \u00e0 la bourre et chouter -M- n'importe comment, retrouver les lieux, en d\u00e9couvrir d'autres, reconna\u00eetre des visages, prendre ses rep\u00e8res, aller de sc\u00e8ne en sc\u00e8ne et finir t\u00f4t \u2013\u00a0\u00e0 2\u00a0h du matin \u00e0 peine\u00a0\u2013 cette soir\u00e9e plus proche de l'ap\u00e9ritif que de la vraie journ\u00e9e de festival. L'ensemble des\u2026","rel":"","context":"Dans &quot;Alive&quot;","block_context":{"text":"Alive","link":"https:\/\/www.wallendorff.com\/belogue\/category\/alive\/"},"img":{"alt_text":"","src":"https:\/\/i0.wp.com\/www.wallendorff.com\/belogue\/wp-content\/uploads\/2015\/04\/201307091.jpg?resize=350%2C200&ssl=1","width":350,"height":200,"srcset":"https:\/\/i0.wp.com\/www.wallendorff.com\/belogue\/wp-content\/uploads\/2015\/04\/201307091.jpg?resize=350%2C200&ssl=1 1x, https:\/\/i0.wp.com\/www.wallendorff.com\/belogue\/wp-content\/uploads\/2015\/04\/201307091.jpg?resize=525%2C300&ssl=1 1.5x, https:\/\/i0.wp.com\/www.wallendorff.com\/belogue\/wp-content\/uploads\/2015\/04\/201307091.jpg?resize=700%2C400&ssl=1 2x"},"classes":[]},{"id":23178,"url":"https:\/\/www.wallendorff.com\/belogue\/2014\/07\/11\/les-eurockeennes-belfort-6-juillet-2\/","url_meta":{"origin":185,"position":5},"title":"Les Eurock\u00e9ennes, Belfort, 6 juillet.","author":"dpc","date":"11 juillet 2014","format":false,"excerpt":"Souvenirs du 3e jour (toujours en vrac)\u00a0: \u00ab\u00a0Vous voulez du lard\u00a0?\u00a0\u00bb Je n'ai PAS vu UN SEUL drapeau breton du week-end. PAS UN. La m\u00e9t\u00e9o avait pr\u00e9vu des orages, des temp\u00eates, des attaques de zombies et des p\u00e9nuries de bi\u00e8re, mais finalement il n'a plu que de 19\u00a0h 02 \u00e0\u2026","rel":"","context":"Dans &quot;Alive&quot;","block_context":{"text":"Alive","link":"https:\/\/www.wallendorff.com\/belogue\/category\/alive\/"},"img":{"alt_text":"","src":"https:\/\/i0.wp.com\/www.wallendorff.com\/belogue\/wp-content\/uploads\/2015\/04\/201407111.jpg?resize=350%2C200&ssl=1","width":350,"height":200,"srcset":"https:\/\/i0.wp.com\/www.wallendorff.com\/belogue\/wp-content\/uploads\/2015\/04\/201407111.jpg?resize=350%2C200&ssl=1 1x, https:\/\/i0.wp.com\/www.wallendorff.com\/belogue\/wp-content\/uploads\/2015\/04\/201407111.jpg?resize=525%2C300&ssl=1 1.5x, https:\/\/i0.wp.com\/www.wallendorff.com\/belogue\/wp-content\/uploads\/2015\/04\/201407111.jpg?resize=700%2C400&ssl=1 2x"},"classes":[]}],"_links":{"self":[{"href":"https:\/\/www.wallendorff.com\/belogue\/wp-json\/wp\/v2\/posts\/185","targetHints":{"allow":["GET"]}}],"collection":[{"href":"https:\/\/www.wallendorff.com\/belogue\/wp-json\/wp\/v2\/posts"}],"about":[{"href":"https:\/\/www.wallendorff.com\/belogue\/wp-json\/wp\/v2\/types\/post"}],"author":[{"embeddable":true,"href":"https:\/\/www.wallendorff.com\/belogue\/wp-json\/wp\/v2\/users\/1"}],"replies":[{"embeddable":true,"href":"https:\/\/www.wallendorff.com\/belogue\/wp-json\/wp\/v2\/comments?post=185"}],"version-history":[{"count":2,"href":"https:\/\/www.wallendorff.com\/belogue\/wp-json\/wp\/v2\/posts\/185\/revisions"}],"predecessor-version":[{"id":2427,"href":"https:\/\/www.wallendorff.com\/belogue\/wp-json\/wp\/v2\/posts\/185\/revisions\/2427"}],"wp:featuredmedia":[{"embeddable":true,"href":"https:\/\/www.wallendorff.com\/belogue\/wp-json\/wp\/v2\/media\/24120"}],"wp:attachment":[{"href":"https:\/\/www.wallendorff.com\/belogue\/wp-json\/wp\/v2\/media?parent=185"}],"wp:term":[{"taxonomy":"category","embeddable":true,"href":"https:\/\/www.wallendorff.com\/belogue\/wp-json\/wp\/v2\/categories?post=185"},{"taxonomy":"post_tag","embeddable":true,"href":"https:\/\/www.wallendorff.com\/belogue\/wp-json\/wp\/v2\/tags?post=185"}],"curies":[{"name":"wp","href":"https:\/\/api.w.org\/{rel}","templated":true}]}}